{"id":1281031,"date":"2026-09-04T22:40:20","date_gmt":"2026-09-04T22:40:20","guid":{"rendered":"https:\/\/www.europesays.com\/de\/1281031\/"},"modified":"2026-09-04T22:40:20","modified_gmt":"2026-09-04T22:40:20","slug":"ex-armine-oppie-das-macht-etwas-mit-einem","status":"publish","type":"post","link":"https:\/\/www.europesays.com\/de\/1281031\/","title":{"rendered":"Ex-Armine Oppie: \u201eDas macht etwas mit einem\u201c"},"content":{"rendered":"<p class=\"fp-paragraph\"><strong>Louis Oppie, Linksverteidiger FC St. Pauli:<\/strong> Arminia stand hinten tief und hat das gut gemacht, aber wir m\u00fcssen uns mehr Chancen herausspielen. Es war ein Kampf: Viele lange B\u00e4lle, Zweik\u00e4mpfe, gelbe Karten, taktische Fouls &#8211; es war alles dabei. F\u00fcr mich war es sehr emotional. Ich hatte die ganze Woche \u00fcber Vorfreude auf die Partie, denn da kamen nat\u00fcrlich viele Erinnerungen hoch &#8211; ans Stadion, an die Fans, an meine ehemaligen Mitspieler. Das macht etwas mit einem.<\/p>\n<p>Top informiert mit<\/p>\n<p><strong>im 1. Monat<\/strong><\/p>\n<p>0,99 \u20ac*<a href=\"https:\/\/abo.westfalen-blatt.de\/Digital+Basis.htm?pwlayer=plus&amp;ezobjectid=3639452\" class=\"fp-button fp-button__primary fp-paywall-action-submit\" style=\"background-color: #000000;\" rel=\"nofollow noopener\" target=\"_blank\">weiter<\/a>*danach 14,90 \u20ac \/ Monat<\/p>\n<p>monatlich k\u00fcndbar<\/p>\n<p class=\"fp-article-paywall__plan--description\">freier Zugriff auf alle WB+ Inhalte und die News-App<\/p>\n<p><strong>im 1. Jahr<\/strong><\/p>\n<p>79 \u20ac<a href=\"https:\/\/abo.westfalen-blatt.de\/Digital+Basis+Jahrespass.htm?pwlayer=plus&amp;ezobjectid=3639452\" class=\"fp-button fp-button__primary fp-paywall-action-submit\" style=\"background-color: #000000;\" rel=\"nofollow noopener\" target=\"_blank\">weiter<\/a>ab dem 2. Jahr 14,90 \u20ac \/ Monat<\/p>\n<p>monatlich k\u00fcndbar<\/p>\n<p class=\"fp-article-paywall__plan--description\">freier Zugriff auf alle WB+ Inhalte und die News-App<\/p>\n<p>Sie haben bereits ein Abonnement? <a title=\"Hier einloggen\" alt=\"Hier einloggen\" href=\"https:\/\/account.westfalen-blatt.de\/login?redurl=https:\/\/www.westfalen-blatt.de\/dsc-arminia-bielefeld\/ex-armine-oppie-das-macht-etwas-mit-einem-3639452?pid=true&amp;ueg=default\" rel=\"nofollow noopener\" target=\"_blank\"><a href=\"https:\/\/account.westfalen-blatt.de\/login?redurl=https:\/\/www.westfalen-blatt.de\/?redurl=https:\/\/www.westfalen-blatt.de\/dsc-arminia-bielefeld\/ex-armine-oppie-das-macht-etwas-mit-einem-3639452?pid=true&amp;ueg=default\" rel=\"nofollow noopener\" target=\"_blank\">\u00a0<a href=\"https:\/\/account.westfalen-blatt.de\/login?redurl=https:\/\/www.westfalen-blatt.de\/dsc-arminia-bielefeld\/ex-armine-oppie-das-macht-etwas-mit-einem-3639452?pid=true&amp;ueg=default\" rel=\"nofollow noopener\" target=\"_blank\">Jetzt anmelden<\/a><a href=\"https:\/\/account.westfalen-blatt.de\/login?redurl=https:\/\/www.westfalen-blatt.de\/?redurl=https:\/\/www.westfalen-blatt.de\/dsc-arminia-bielefeld\/ex-armine-oppie-das-macht-etwas-mit-einem-3639452?pid=true&amp;ueg=default\" rel=\"nofollow noopener\" target=\"_blank\"><a href=\"https:\/\/account.westfalen-blatt.de\/login?redurl=https:\/\/www.westfalen-blatt.de\/?redurl=https:\/\/www.westfalen-blatt.de\/dsc-arminia-bielefeld\/ex-armine-oppie-das-macht-etwas-mit-einem-3639452?pid=true&amp;ueg=default\" rel=\"nofollow noopener\" target=\"_blank\"><\/p>\n","protected":false},"excerpt":{"rendered":"Louis Oppie, Linksverteidiger FC St. Pauli: Arminia stand hinten tief und hat das gut gemacht, aber wir m\u00fcssen&hellip;\n","protected":false},"author":2,"featured_media":1281032,"comment_status":"","ping_status":"","sticky":false,"template":"","format":"standard","meta":{"footnotes":"","_share_on_mastodon":"0"},"categories":[1841],"tags":[1605,3364,29,30,1209],"class_list":["post-1281031","post","type-post","status-publish","format-standard","has-post-thumbnail","category-bielefeld","tag-bielefeld","tag-de","tag-deutschland","tag-germany","tag-nordrhein-westfalen"],"share_on_mastodon":{"url":"https:\/\/pubeurope.com\/@de\/117215181273876608","error":""},"_links":{"self":[{"href":"https:\/\/www.europesays.com\/de\/wp-json\/wp\/v2\/posts\/1281031","targetHints":{"allow":["GET"]}}],"collection":[{"href":"https:\/\/www.europesays.com\/de\/wp-json\/wp\/v2\/posts"}],"about":[{"href":"https:\/\/www.europesays.com\/de\/wp-json\/wp\/v2\/types\/post"}],"author":[{"embeddable":true,"href":"https:\/\/www.europesays.com\/de\/wp-json\/wp\/v2\/users\/2"}],"replies":[{"embeddable":true,"href":"https:\/\/www.europesays.com\/de\/wp-json\/wp\/v2\/comments?post=1281031"}],"version-history":[{"count":0,"href":"https:\/\/www.europesays.com\/de\/wp-json\/wp\/v2\/posts\/1281031\/revisions"}],"wp:featuredmedia":[{"embeddable":true,"href":"https:\/\/www.europesays.com\/de\/wp-json\/wp\/v2\/media\/1281032"}],"wp:attachment":[{"href":"https:\/\/www.europesays.com\/de\/wp-json\/wp\/v2\/media?parent=1281031"}],"wp:term":[{"taxonomy":"category","embeddable":true,"href":"https:\/\/www.europesays.com\/de\/wp-json\/wp\/v2\/categories?post=1281031"},{"taxonomy":"post_tag","embeddable":true,"href":"https:\/\/www.europesays.com\/de\/wp-json\/wp\/v2\/tags?post=1281031"}],"curies":[{"name":"wp","href":"https:\/\/api.w.org\/{rel}","templated":true}]}}