{"id":1281037,"date":"2026-09-04T22:45:20","date_gmt":"2026-09-04T22:45:20","guid":{"rendered":"https:\/\/www.europesays.com\/de\/1281037\/"},"modified":"2026-09-04T22:45:20","modified_gmt":"2026-09-04T22:45:20","slug":"irishes-nightshopping-in-der-altstadt-live-newsblog-fuer-castrop-rauxel","status":"publish","type":"post","link":"https:\/\/www.europesays.com\/de\/1281037\/","title":{"rendered":"Irishes Nightshopping in der Altstadt: Live-Newsblog f\u00fcr Castrop-Rauxel"},"content":{"rendered":"<p>\t\t++ Irishes Nightshopping in der Altstadt\u00a0++<br \/>\n\t\t\t\t\tLive-Newsblog aus Castrop-Rauxel<\/p>\n<p>    <a href=\"https:\/\/www.ruhrnachrichten.de\/wp-content\/uploads\/2026\/01\/16\/08\/630_0900_5623008_-1648x824.jpg\" rel=\"nofollow noopener\" target=\"_blank\"><\/p>\n<p>            <img loading=\"lazy\" decoding=\"async\" src=\"https:\/\/www.europesays.com\/de\/wp-content\/uploads\/2026\/01\/630_0900_5622990_-640x428.jpg\" width=\"640\" height=\"428\"  alt=\"Immer aktuelle Infos aus Castrop-Rauxel: Unser Newsblog hat die kleinen und gro\u00dfen Nachrichten aus der Europastadt im Blick.\"\/><\/p>\n<p>    <\/a><br \/>\n    Immer aktuelle Infos aus Castrop-Rauxel: Unser Newsblog hat die kleinen und gro\u00dfen Nachrichten aus der Europastadt im Blick. \u00a9 Verena de Azevedo<\/p>\n<p class=\"article__teaser-text\">Kurze Meldungen aus Castrop-Rauxel geb\u00fcndelt an einem Ort: Unser Newsblog f\u00fcr die Europastadt h\u00e4lt Sie stets auf dem Laufenden.<\/p>\n<p>1 Min Lesezeit<\/p>\n","protected":false},"excerpt":{"rendered":"++ Irishes Nightshopping in der Altstadt\u00a0++ Live-Newsblog aus Castrop-Rauxel Immer aktuelle Infos aus Castrop-Rauxel: Unser Newsblog hat die&hellip;\n","protected":false},"author":2,"featured_media":723469,"comment_status":"","ping_status":"","sticky":false,"template":"","format":"standard","meta":{"footnotes":"","_share_on_mastodon":"0"},"categories":[1839],"tags":[7507,3364,29,30,14,10388,1209],"class_list":["post-1281037","post","type-post","status-publish","format-standard","has-post-thumbnail","category-bochum","tag-bochum","tag-de","tag-deutschland","tag-germany","tag-nachrichten","tag-natur-umwelt","tag-nordrhein-westfalen"],"share_on_mastodon":{"url":"https:\/\/pubeurope.com\/@de\/117215202824170758","error":""},"_links":{"self":[{"href":"https:\/\/www.europesays.com\/de\/wp-json\/wp\/v2\/posts\/1281037","targetHints":{"allow":["GET"]}}],"collection":[{"href":"https:\/\/www.europesays.com\/de\/wp-json\/wp\/v2\/posts"}],"about":[{"href":"https:\/\/www.europesays.com\/de\/wp-json\/wp\/v2\/types\/post"}],"author":[{"embeddable":true,"href":"https:\/\/www.europesays.com\/de\/wp-json\/wp\/v2\/users\/2"}],"replies":[{"embeddable":true,"href":"https:\/\/www.europesays.com\/de\/wp-json\/wp\/v2\/comments?post=1281037"}],"version-history":[{"count":0,"href":"https:\/\/www.europesays.com\/de\/wp-json\/wp\/v2\/posts\/1281037\/revisions"}],"wp:featuredmedia":[{"embeddable":true,"href":"https:\/\/www.europesays.com\/de\/wp-json\/wp\/v2\/media\/723469"}],"wp:attachment":[{"href":"https:\/\/www.europesays.com\/de\/wp-json\/wp\/v2\/media?parent=1281037"}],"wp:term":[{"taxonomy":"category","embeddable":true,"href":"https:\/\/www.europesays.com\/de\/wp-json\/wp\/v2\/categories?post=1281037"},{"taxonomy":"post_tag","embeddable":true,"href":"https:\/\/www.europesays.com\/de\/wp-json\/wp\/v2\/tags?post=1281037"}],"curies":[{"name":"wp","href":"https:\/\/api.w.org\/{rel}","templated":true}]}}