{"id":1281038,"date":"2026-09-04T22:46:20","date_gmt":"2026-09-04T22:46:20","guid":{"rendered":"https:\/\/www.europesays.com\/de\/1281038\/"},"modified":"2026-09-04T22:46:20","modified_gmt":"2026-09-04T22:46:20","slug":"dynamo-dresden-gegen-vfl-bochum-vorbericht-zum-4-spieltag","status":"publish","type":"post","link":"https:\/\/www.europesays.com\/de\/1281038\/","title":{"rendered":"Dynamo Dresden gegen VfL Bochum: Vorbericht zum 4. Spieltag"},"content":{"rendered":"<p>Die Ausgangslage vor dem Samstagabend-Spiel ist \u00e4hnlich. Sowohl der VfL Bochum als auch Dynamo Dresden haben nach den ersten drei Spieltagen drei Punkte auf dem Konto.<\/p>\n<p>Der VfL verlor zum Saisonauftakt mit 0:1 gegen Hertha BSC, gewann danach mit 1:0 bei Eintracht Braunschweig und musste sich zuletzt Osnabr\u00fcck mit 0:1 geschlagen geben. Dazu kommt der 2:1-Ausw\u00e4rtssieg bei Greuther F\u00fcrth in der ersten Runde des DFB-Pokals.<\/p>\n<p>Damit hat Bochum seine beiden bisherigen Ausw\u00e4rtspflichtspiele dieser Saison gewonnen. In Dresden soll diese Serie weitergehen.<\/p>\n<p>Auch Dynamo kommt bislang auf einen Sieg und zwei Niederlagen. Zum Auftakt verlor Dresden 0:3 beim 1. FC N\u00fcrnberg, anschlie\u00dfend gab es einen 1:0-Heimsieg gegen Darmstadt 98. Zuletzt unterlag Dynamo in einem turbulenten Spiel mit 3:5 beim 1. FC Heidenheim.<\/p>\n","protected":false},"excerpt":{"rendered":"Die Ausgangslage vor dem Samstagabend-Spiel ist \u00e4hnlich. Sowohl der VfL Bochum als auch Dynamo Dresden haben nach den&hellip;\n","protected":false},"author":2,"featured_media":1273413,"comment_status":"","ping_status":"","sticky":false,"template":"","format":"standard","meta":{"footnotes":"","_share_on_mastodon":"0"},"categories":[1839],"tags":[7507,3364,29,30,1209],"class_list":["post-1281038","post","type-post","status-publish","format-standard","has-post-thumbnail","category-bochum","tag-bochum","tag-de","tag-deutschland","tag-germany","tag-nordrhein-westfalen"],"share_on_mastodon":{"url":"https:\/\/pubeurope.com\/@de\/117215204979323288","error":""},"_links":{"self":[{"href":"https:\/\/www.europesays.com\/de\/wp-json\/wp\/v2\/posts\/1281038","targetHints":{"allow":["GET"]}}],"collection":[{"href":"https:\/\/www.europesays.com\/de\/wp-json\/wp\/v2\/posts"}],"about":[{"href":"https:\/\/www.europesays.com\/de\/wp-json\/wp\/v2\/types\/post"}],"author":[{"embeddable":true,"href":"https:\/\/www.europesays.com\/de\/wp-json\/wp\/v2\/users\/2"}],"replies":[{"embeddable":true,"href":"https:\/\/www.europesays.com\/de\/wp-json\/wp\/v2\/comments?post=1281038"}],"version-history":[{"count":0,"href":"https:\/\/www.europesays.com\/de\/wp-json\/wp\/v2\/posts\/1281038\/revisions"}],"wp:featuredmedia":[{"embeddable":true,"href":"https:\/\/www.europesays.com\/de\/wp-json\/wp\/v2\/media\/1273413"}],"wp:attachment":[{"href":"https:\/\/www.europesays.com\/de\/wp-json\/wp\/v2\/media?parent=1281038"}],"wp:term":[{"taxonomy":"category","embeddable":true,"href":"https:\/\/www.europesays.com\/de\/wp-json\/wp\/v2\/categories?post=1281038"},{"taxonomy":"post_tag","embeddable":true,"href":"https:\/\/www.europesays.com\/de\/wp-json\/wp\/v2\/tags?post=1281038"}],"curies":[{"name":"wp","href":"https:\/\/api.w.org\/{rel}","templated":true}]}}