{"id":1281040,"date":"2026-09-04T22:48:22","date_gmt":"2026-09-04T22:48:22","guid":{"rendered":"https:\/\/www.europesays.com\/de\/1281040\/"},"modified":"2026-09-04T22:48:22","modified_gmt":"2026-09-04T22:48:22","slug":"ukraine-news-selenskyj-schlaegt-feuerpause-vor","status":"publish","type":"post","link":"https:\/\/www.europesays.com\/de\/1281040\/","title":{"rendered":"Ukraine-News: Selenskyj schl\u00e4gt Feuerpause vor"},"content":{"rendered":"<p>Russische Drohne trifft Geheimdienstzentrale \u2013 Feuer bricht aus<\/p>\n<p class=\"text-18 leading-17 user-text-lg:text-22 user-text-xl:text-24\">Der Sitz des ukrainischen Inlandsgeheimdienstes SBU in Kiew ist am Freitag von einer russischen Drohne getroffen worden. Der Angriff habe &#8222;direkt&#8220; auf das B\u00fcro des Geheimdienstchefs gezielt, erkl\u00e4rte der ukrainische Pr\u00e4sident Wolodymyr Selenskyj im Onlinedienst Telegram. Er gab demnach SBU-Chef Olexander Poklad die Anweisung, den Russen &#8222;spiegelbildlich&#8220; auf diesen Schlag zu antworten.<\/p>\n<p class=\"text-18 leading-17 user-text-lg:text-22 user-text-xl:text-24\">Reporter der Nachrichtenagentur AFP sahen mehrere Krankenwagen nahe dem Geb\u00e4ude im Zentrum der ukrainischen Hauptstadt. Der Kiewer B\u00fcrgermeister <a href=\"https:\/\/www.t-online.de\/themen\/vitali-klitschko\/\" class=\"transition-colors cursor-pointer no-underline md:hover:text-magenta md:focus:text-magenta border-b border-solid border-current text-salemsfur md:hover:border-magenta\" data-tracking=\"{&quot;action&quot;:&quot;click&quot;,&quot;category&quot;:&quot;intextLink&quot;,&quot;label&quot;:&quot;\/themen\/vitali-klitschko\/&quot;}\" data-sctrack=\"BodyAnchor\" rel=\"nofollow noopener\" target=\"_blank\">Vitali Klitschko<\/a> erkl\u00e4rte zun\u00e4chst, dass im Bezirk Schewtschenko ein Brand ausgebrochen sei, nachdem eine Drohne auf das Dach gest\u00fcrzt war. Ein Opfer sei ins Krankenhaus eingeliefert worden. Angaben der Stadtverwaltung zufolge gab es bei dem Angriff mindestens f\u00fcnf Verletzte.<\/p>\n<p>Finnland meldet Drohnen-Fund an Grenze zu Russland<\/p>\n<p class=\"text-18 leading-17 user-text-lg:text-22 user-text-xl:text-24\">Nach dem Fund einer Drohne untersucht <a href=\"https:\/\/www.t-online.de\/themen\/finnland\/\" class=\"transition-colors cursor-pointer no-underline md:hover:text-magenta md:focus:text-magenta border-b border-solid border-current text-salemsfur md:hover:border-magenta\" data-tracking=\"{&quot;action&quot;:&quot;click&quot;,&quot;category&quot;:&quot;intextLink&quot;,&quot;label&quot;:&quot;\/themen\/finnland\/&quot;}\" data-sctrack=\"BodyAnchor\" rel=\"nofollow noopener\" target=\"_blank\">Finnland<\/a> eine m\u00f6gliche Verletzung seines Hoheitsgebietes. Der finnische Grenzschutz teilte am Freitag mit, es solle gekl\u00e4rt werden, wo, wann und wie das Flugger\u00e4t die finnische Grenze \u00fcberquert habe. Die Drohne war laut dem Verteidigungsministerium am Dienstag in Porvoo an der finnischen S\u00fcdk\u00fcste rund 50 Kilometer von der Hauptstadt Helsinki entfernt gefunden worden. Sie sei f\u00fcr Vermessungs- und Kartierungsarbeiten bestimmt gewesen, es habe keine Gefahr f\u00fcr die \u00d6ffentlichkeit bestanden, so das Ministerium.<\/p>\n<p class=\"text-18 leading-17 user-text-lg:text-22 user-text-xl:text-24\">Der Fundort Porvoo liegt am Finnischen Meerbusen, rund 260 Kilometer Luftlinie westlich vom russischen Sankt Petersburg. <a href=\"https:\/\/www.t-online.de\/nachrichten\/ausland\/eu\/id_101292014\/nato-putin-baut-militaer-basen-an-grenze-zu-norwegen-und-finnland-aus.html\" class=\"transition-colors cursor-pointer no-underline md:hover:text-magenta md:focus:text-magenta border-b border-solid border-current text-salemsfur md:hover:border-magenta\" data-tracking=\"{&quot;action&quot;:&quot;click&quot;,&quot;category&quot;:&quot;intextLink&quot;,&quot;label&quot;:&quot;\/nachrichten\/ausland\/eu\/id_101292014\/nato-putin-baut-militaer-basen-an-grenze-zu-norwegen-und-finnland-aus.html&quot;}\" data-sctrack=\"BodyAnchor\" rel=\"nofollow noopener\" target=\"_blank\">Die Nato-Staaten Finnland und Norwegen hatten zuletzt den Ausbau russischer Milit\u00e4rstrukturen an der Grenze zu ihren L\u00e4ndern gemeldet.<\/a><\/p>\n<p>Russische Drohnen treffen Coca-Cola-Fabrik<\/p>\n<p class=\"text-18 leading-17 user-text-lg:text-22 user-text-xl:text-24\">Das russische Milit\u00e4r hat nach \u00fcbereinstimmenden Medienberichten der Nachrichtenagentur Reuters und der Zeitung &#8222;Kyiv Independent&#8220; bei einem Drohnenangriff eine Abf\u00fcllanlage von Coca-Cola in Browary nahe Kiew besch\u00e4digt. Das Unternehmen teilte mit, bei dem Angriff sei kein Werksangeh\u00f6riger verletzt worden.<\/p>\n<p class=\"text-18 leading-17 user-text-lg:text-22 user-text-xl:text-24\">Der ukrainische Pr\u00e4sident Wolodymyr Selenskyj reagierte umgehend. &#8222;Coca-Cola ist f\u00fcr sie ein solcher Feind, dass sie es mit ihren Shahed-Drohnen in Brand gesetzt haben&#8220;, sagte er laut der Nachrichtenagentur Reuters in einer n\u00e4chtlichen Videoansprache. Und weiter: &#8222;Das ist ein Angriff auf die <a href=\"https:\/\/www.t-online.de\/themen\/usa\/\" class=\"transition-colors cursor-pointer no-underline md:hover:text-magenta md:focus:text-magenta border-b border-solid border-current text-salemsfur md:hover:border-magenta\" data-tracking=\"{&quot;action&quot;:&quot;click&quot;,&quot;category&quot;:&quot;intextLink&quot;,&quot;label&quot;:&quot;\/themen\/usa\/&quot;}\" data-sctrack=\"BodyAnchor\" rel=\"nofollow noopener\" target=\"_blank\">USA<\/a>.&#8220;<\/p>\n<p><a href=\"#focus-2\" class=\"transition-colors block text-current relative\" data-sctrack=\"FocusGalleryImage.Reference\"><img   loading=\"lazy\" src=\"https:\/\/www.europesays.com\/de\/wp-content\/uploads\/2026\/09\/rauchwolken-ueber-dem-coca-cola-werk-bei-kiew-selenskyj-spricht-von-einem-angriff-auf-die-usa.jpg\" alt=\"Rauchwolken \u00fcber dem Coca-Cola-Werk bei Kiew: Selenskyj spricht von einem &quot;Angriff auf die USA&quot;.\" title=\"Rauchwolken \u00fcber dem Coca-Cola-Werk bei Kiew: Selenskyj spricht von einem &quot;Angriff auf die USA&quot;.\" width=\"5615\" height=\"3158\" class=\"h-full w-full max-w-full rounded-8\" decoding=\"async\"\/><img loading=\"lazy\" src=\"https:\/\/www.t-online.de\/s\/paper\/_next\/static\/media\/zoom-in.f7dae02f.svg\" alt=\"Vergr\u00f6\u00dfern des Bildes\" title=\"Vergr\u00f6\u00dfern des Bildes\" class=\"block h-[calc(var(--height)_\/_16_*_1rem)] w-[calc(var(--width)_\/_16_*_1rem)] max-w-none absolute right-8 bottom-8 rounded-4 bg-snow p-8\" style=\"--width:32;--height:32\" decoding=\"async\"\/>Rauchwolken \u00fcber dem Coca-Cola-Werk bei Kiew: Selenskyj spricht von einem &#8222;Angriff auf die USA&#8220;. (Quelle: Valentyn Ogirenko\/reuters)<\/a><\/p>\n<p class=\"text-18 leading-17 user-text-lg:text-22 user-text-xl:text-24\">Insgesamt wurden bei Angriffen in der Nacht zu Freitag in der Region Kiew nach ukrainischen Angaben mindestens 13 Menschen verletzt, darunter ein zw\u00f6lfj\u00e4hriges M\u00e4dchen. Das Milit\u00e4r von Russlands Staatschef <a href=\"https:\/\/www.t-online.de\/themen\/wladimir-putin\/\" class=\"transition-colors cursor-pointer no-underline md:hover:text-magenta md:focus:text-magenta border-b border-solid border-current text-salemsfur md:hover:border-magenta\" data-tracking=\"{&quot;action&quot;:&quot;click&quot;,&quot;category&quot;:&quot;intextLink&quot;,&quot;label&quot;:&quot;\/themen\/wladimir-putin\/&quot;}\" data-sctrack=\"BodyAnchor\" rel=\"nofollow noopener\" target=\"_blank\">Wladimir Putin<\/a> hatte zuletzt seine Angriffe auf zivile Ziele in der <a href=\"https:\/\/www.t-online.de\/themen\/ukraine\/\" class=\"transition-colors cursor-pointer no-underline md:hover:text-magenta md:focus:text-magenta border-b border-solid border-current text-salemsfur md:hover:border-magenta\" data-tracking=\"{&quot;action&quot;:&quot;click&quot;,&quot;category&quot;:&quot;intextLink&quot;,&quot;label&quot;:&quot;\/themen\/ukraine\/&quot;}\" data-sctrack=\"BodyAnchor\" rel=\"nofollow noopener\" target=\"_blank\">Ukraine<\/a> verst\u00e4rkt.<\/p>\n<p>Loading&#8230;<\/p>\n<p>Loading&#8230;<\/p>\n<p>Loading&#8230;<\/p>\n","protected":false},"excerpt":{"rendered":"Russische Drohne trifft Geheimdienstzentrale \u2013 Feuer bricht aus Der Sitz des ukrainischen Inlandsgeheimdienstes SBU in Kiew ist am&hellip;\n","protected":false},"author":2,"featured_media":1280932,"comment_status":"","ping_status":"","sticky":false,"template":"","format":"standard","meta":{"footnotes":"","_share_on_mastodon":"0"},"categories":[4012],"tags":[1217,326,6079,522,331,332,2140,19105,635,106,1478,22461,646,325,13,120304,5793,5020,451,308,14,15,3129,264300,264208,319,51861,3186,307,12,317,312,64,107],"class_list":["post-1281040","post","type-post","status-publish","format-standard","has-post-thumbnail","category-ukraine","tag-1217","tag-326","tag-6079","tag-522","tag-aktuelle-nachrichten","tag-aktuelle-news","tag-angriff","tag-bloomberg","tag-coca-cola","tag-donald-trump","tag-drohne","tag-feuerpause","tag-finnland","tag-geheimdienst","tag-headlines","tag-jared-kushner","tag-kiew","tag-kreml","tag-militaer","tag-moskau","tag-nachrichten","tag-news","tag-newsblog","tag-oleksandr-poklad","tag-olexander-poklad","tag-paris","tag-porvoo","tag-reuters","tag-russland","tag-schlagzeilen","tag-ukraine","tag-ukrainekrieg","tag-usa","tag-wolodymyr-selenskyj"],"share_on_mastodon":{"url":"https:\/\/pubeurope.com\/@de\/117215215145755721","error":""},"_links":{"self":[{"href":"https:\/\/www.europesays.com\/de\/wp-json\/wp\/v2\/posts\/1281040","targetHints":{"allow":["GET"]}}],"collection":[{"href":"https:\/\/www.europesays.com\/de\/wp-json\/wp\/v2\/posts"}],"about":[{"href":"https:\/\/www.europesays.com\/de\/wp-json\/wp\/v2\/types\/post"}],"author":[{"embeddable":true,"href":"https:\/\/www.europesays.com\/de\/wp-json\/wp\/v2\/users\/2"}],"replies":[{"embeddable":true,"href":"https:\/\/www.europesays.com\/de\/wp-json\/wp\/v2\/comments?post=1281040"}],"version-history":[{"count":0,"href":"https:\/\/www.europesays.com\/de\/wp-json\/wp\/v2\/posts\/1281040\/revisions"}],"wp:featuredmedia":[{"embeddable":true,"href":"https:\/\/www.europesays.com\/de\/wp-json\/wp\/v2\/media\/1280932"}],"wp:attachment":[{"href":"https:\/\/www.europesays.com\/de\/wp-json\/wp\/v2\/media?parent=1281040"}],"wp:term":[{"taxonomy":"category","embeddable":true,"href":"https:\/\/www.europesays.com\/de\/wp-json\/wp\/v2\/categories?post=1281040"},{"taxonomy":"post_tag","embeddable":true,"href":"https:\/\/www.europesays.com\/de\/wp-json\/wp\/v2\/tags?post=1281040"}],"curies":[{"name":"wp","href":"https:\/\/api.w.org\/{rel}","templated":true}]}}