{"id":1281063,"date":"2026-09-04T23:05:33","date_gmt":"2026-09-04T23:05:33","guid":{"rendered":"https:\/\/www.europesays.com\/de\/1281063\/"},"modified":"2026-09-04T23:05:33","modified_gmt":"2026-09-04T23:05:33","slug":"neues-ziel-ab-flughafen-nuernberg-zweimal-woechentlich-erreichbar","status":"publish","type":"post","link":"https:\/\/www.europesays.com\/de\/1281063\/","title":{"rendered":"Neues Ziel ab Flughafen N\u00fcrnberg: Zweimal w\u00f6chentlich erreichbar"},"content":{"rendered":"<p class=\"desc-read\"><strong><br \/>\n           Am Flughafen N\u00fcrnberg l\u00e4uft der Ferienbetrieb auf Hochtouren. F\u00fcr den Winter k\u00fcndigt der Airport nun ein neues Direktziel an &#8211; buchbar ist die Verbindung bereits seit dieser Woche.<br \/>\n          <\/strong>\n          <\/p>\n<p>Die bayerischen Sommerferien gehen in die Schlussphase: Die vorletzte Ferienwoche l\u00e4uft, noch bis zum 14. September ist schulfrei. Dann endet am Albrecht-D\u00fcrer-Airport N\u00fcrnberg die verkehrsreichste Zeit des Jahres. F\u00fcr den gesamten Ferienzeitraum werden rund 788.000 Passagiere erwartet &#8211; etwa so viele wie beim Rekord im Vorjahr. 21 Airlines verbinden N\u00fcrnberg mit rund 55 Nonstop-Zielen. <a href=\"https:\/\/www.infranken.de\/lk\/nuernberg\/flughafen-nuernberg-beliebtes-reiseziel-bleibt-die-nummer-1-art-6383620\" target=\"_blank\" title=\"Flughafen N\u00fcrnberg: Beliebtes Reiseziel bleibt die Nummer 1\" rel=\"nofollow noopener\">Beliebtestes Sommerziel ist erneut Antalya<\/a>, gefolgt von Palma de Mallorca und Heraklion auf Kreta.<\/p>\n<p>Nun hat der fr\u00e4nkische Flughafen eine k\u00fcnftige neue Direktverbindung angek\u00fcndigt:\u00a0Die Fluggesellschaft Wizz Air verbindet den Albrecht-D\u00fcrer-Airport N\u00fcrnberg ab dem 20. Dezember 2026 mit T\u00e2rgu Mure\u0219 in Zentralrum\u00e4nien. Die Stadt ist auf Deutsch auch als Neumarkt am Mieresch bekannt.<\/p>\n<p>Flughafen N\u00fcrnberg: Wizz Air fliegt nach T\u00e2rgu Mure\u0219 &#8211;\u00a0f\u00fcnf rum\u00e4nische Ziele im Flugplan<\/p>\n<p>Die Fl\u00fcge nach T\u00e2rgu Mure\u0219 sollen jeweils mittwochs und sonntags stattfinden. Nach Angaben des Flughafens N\u00fcrnberg ist die Verbindung seit dem 31. August 2026 buchbar.<\/p>\n<p>                \t                            \t                    <a href=\"https:\/\/www.infranken.de\/videos\/franken\/flughafen-nuernberg-informiert-drei-tipps-fuer-den-perfekten-abflug-sts-484996\" rel=\"nofollow noopener\" target=\"_blank\">Zum Video &#8222;Flughafen N\u00fcrnberg informiert: Drei Tipps f\u00fcr den perfekten Abflug&#8220;<\/a>                  <\/p>\n<p>Mit der neuen Strecke bleibt die Zahl der rum\u00e4nischen Ziele ab N\u00fcrnberg bei f\u00fcnf. Hintergrund ist eine \u00c4nderung im Flugangebot: Die Verbindung nach Timi\u0219oara wird Ende September aus dem Flugplan genommen. T\u00e2rgu Mure\u0219 kommt anschlie\u00dfend als neues Ziel hinzu.<\/p>\n<p>Die Strecke nach Bra\u0219ov, deutsch Kronstadt, soll nach einer kurzen Unterbrechung ab Ende Oktober wieder angeboten werden.<\/p>\n<p>T\u00e2rgu Mure\u0219 in Siebenb\u00fcrgen: Das bietet die Stadt am Mure\u0219\u00a0<\/p>\n<p>T\u00e2rgu Mure\u0219 liegt am Fluss Mure\u0219 in der historischen Region Siebenb\u00fcrgen. Zu den bekannten Bauwerken der Stadt geh\u00f6ren der zwischen 1911 und 1913 errichtete Kulturpalast, ein bedeutendes Bauwerk der ungarischen Sezession, sowie die mittelalterliche Festung. Der Kulturpalast beherbergt unter anderem Kunstsammlungen und Ausstellungsbereiche; die Festung wird regelm\u00e4\u00dfig f\u00fcr kulturelle Veranstaltungen genutzt.\u00a0<\/p>\n<p>Laut dem Flughafen N\u00fcrnberg eignet sich das neue Ziel f\u00fcr Familienbesuche der rum\u00e4nisch-deutschen Community ebenso wie f\u00fcr St\u00e4dtereisen und als Ausgangspunkt zur Erkundung Siebenb\u00fcrgens. T\u00e2rgu Mure\u0219 ist ein kulturhistorisch gepr\u00e4gtes Reiseziel mit rum\u00e4nischen und ungarischen Einfl\u00fcssen. Ein zentraler Ausgangspunkt f\u00fcr die Besichtigung ist die Pia\u021ba Trandafirilor mit Caf\u00e9s, Kirchen und markanten historischen Bauten.<\/p>\n","protected":false},"excerpt":{"rendered":"Am Flughafen N\u00fcrnberg l\u00e4uft der Ferienbetrieb auf Hochtouren. F\u00fcr den Winter k\u00fcndigt der Airport nun ein neues Direktziel&hellip;\n","protected":false},"author":2,"featured_media":1281064,"comment_status":"","ping_status":"","sticky":false,"template":"","format":"standard","meta":{"footnotes":"","_share_on_mastodon":"0"},"categories":[1837],"tags":[772,3364,29,30,3783],"class_list":["post-1281063","post","type-post","status-publish","format-standard","has-post-thumbnail","category-nuernberg","tag-bayern","tag-de","tag-deutschland","tag-germany","tag-nuernberg"],"share_on_mastodon":{"url":"https:\/\/pubeurope.com\/@de\/117215279614830047","error":""},"_links":{"self":[{"href":"https:\/\/www.europesays.com\/de\/wp-json\/wp\/v2\/posts\/1281063","targetHints":{"allow":["GET"]}}],"collection":[{"href":"https:\/\/www.europesays.com\/de\/wp-json\/wp\/v2\/posts"}],"about":[{"href":"https:\/\/www.europesays.com\/de\/wp-json\/wp\/v2\/types\/post"}],"author":[{"embeddable":true,"href":"https:\/\/www.europesays.com\/de\/wp-json\/wp\/v2\/users\/2"}],"replies":[{"embeddable":true,"href":"https:\/\/www.europesays.com\/de\/wp-json\/wp\/v2\/comments?post=1281063"}],"version-history":[{"count":0,"href":"https:\/\/www.europesays.com\/de\/wp-json\/wp\/v2\/posts\/1281063\/revisions"}],"wp:featuredmedia":[{"embeddable":true,"href":"https:\/\/www.europesays.com\/de\/wp-json\/wp\/v2\/media\/1281064"}],"wp:attachment":[{"href":"https:\/\/www.europesays.com\/de\/wp-json\/wp\/v2\/media?parent=1281063"}],"wp:term":[{"taxonomy":"category","embeddable":true,"href":"https:\/\/www.europesays.com\/de\/wp-json\/wp\/v2\/categories?post=1281063"},{"taxonomy":"post_tag","embeddable":true,"href":"https:\/\/www.europesays.com\/de\/wp-json\/wp\/v2\/tags?post=1281063"}],"curies":[{"name":"wp","href":"https:\/\/api.w.org\/{rel}","templated":true}]}}