{"id":1281082,"date":"2026-09-04T23:23:27","date_gmt":"2026-09-04T23:23:27","guid":{"rendered":"https:\/\/www.europesays.com\/de\/1281082\/"},"modified":"2026-09-04T23:23:27","modified_gmt":"2026-09-04T23:23:27","slug":"die-einschulungs-fotos-2026-in-der-dortmunder-innenstadt-hallo-schule","status":"publish","type":"post","link":"https:\/\/www.europesays.com\/de\/1281082\/","title":{"rendered":"Die Einschulungs-Fotos 2026 in der Dortmunder Innenstadt: Hallo Schule"},"content":{"rendered":"<p>\t\tHallo Schule<br \/>\n\t\t\t\t\tDie Fotos der neuen Erstkl\u00e4sslerinnen und Erstkl\u00e4ssler aus der Dortmunder Innenstadt<\/p>\n<p>\t\t<img alt=\"\" src=\"https:\/\/www.europesays.com\/de\/wp-content\/uploads\/2025\/08\/630_0036_186973_.jpg\"  class=\"avatar avatar-36 photo avatar-default\" height=\"36\" width=\"36\" loading=\"eager\" decoding=\"async\"\/>\t\t<a class=\"article-author__name\" href=\"https:\/\/www.ruhrnachrichten.de\/author\/alexandra-von-braunschweig\/\" rel=\"author nofollow noopener\" target=\"_blank\">Alexandra von Braunschweig<\/a><br \/>\n\t\tFreie Mitarbeiterin<\/p>\n<p class=\"article__teaser-text\">Die Schule hat f\u00fcr die Erstkl\u00e4ssler in der Dortmunder Innenstadt begonnen. Wir haben die Erstkl\u00e4ssler 2026 fotografiert. Hier sind die Fotos zum Herunterladen.<\/p>\n<p>    <a href=\"https:\/\/www.ruhrnachrichten.de\/wp-content\/uploads\/2026\/09\/04\/15\/630_0900_6794174_-1648x824.jpg\" rel=\"nofollow noopener\" target=\"_blank\"><\/p>\n<p>            <img loading=\"lazy\" decoding=\"async\" src=\"https:\/\/www.europesays.com\/de\/wp-content\/uploads\/2026\/09\/630_0900_6794173_-640x426.jpg\" width=\"640\" height=\"426\"  alt=\"Ein Junge steht mit einem St\u00fcck Kreide in der Hand vor einer Tafel. Dort steht &quot;Dortmunder Innnenstadt&quot;.\"\/><\/p>\n<p>    <\/a><br \/>\n    F\u00fcr die Erstkl\u00e4ssler in der Dortmunder Innenstadt hat das Abenteuer Schule begonnen. \u00a9 Grafik Redaktion<\/p>\n","protected":false},"excerpt":{"rendered":"Hallo Schule Die Fotos der neuen Erstkl\u00e4sslerinnen und Erstkl\u00e4ssler aus der Dortmunder Innenstadt Alexandra von Braunschweig Freie Mitarbeiterin&hellip;\n","protected":false},"author":2,"featured_media":1281083,"comment_status":"","ping_status":"","sticky":false,"template":"","format":"standard","meta":{"footnotes":"","_share_on_mastodon":"0"},"categories":[1833],"tags":[3364,29,217,27676,30,1209,8953],"class_list":["post-1281082","post","type-post","status-publish","format-standard","has-post-thumbnail","category-dortmund","tag-de","tag-deutschland","tag-dortmund","tag-einschulung","tag-germany","tag-nordrhein-westfalen","tag-schule-kita"],"share_on_mastodon":{"url":"","error":""},"_links":{"self":[{"href":"https:\/\/www.europesays.com\/de\/wp-json\/wp\/v2\/posts\/1281082","targetHints":{"allow":["GET"]}}],"collection":[{"href":"https:\/\/www.europesays.com\/de\/wp-json\/wp\/v2\/posts"}],"about":[{"href":"https:\/\/www.europesays.com\/de\/wp-json\/wp\/v2\/types\/post"}],"author":[{"embeddable":true,"href":"https:\/\/www.europesays.com\/de\/wp-json\/wp\/v2\/users\/2"}],"replies":[{"embeddable":true,"href":"https:\/\/www.europesays.com\/de\/wp-json\/wp\/v2\/comments?post=1281082"}],"version-history":[{"count":0,"href":"https:\/\/www.europesays.com\/de\/wp-json\/wp\/v2\/posts\/1281082\/revisions"}],"wp:featuredmedia":[{"embeddable":true,"href":"https:\/\/www.europesays.com\/de\/wp-json\/wp\/v2\/media\/1281083"}],"wp:attachment":[{"href":"https:\/\/www.europesays.com\/de\/wp-json\/wp\/v2\/media?parent=1281082"}],"wp:term":[{"taxonomy":"category","embeddable":true,"href":"https:\/\/www.europesays.com\/de\/wp-json\/wp\/v2\/categories?post=1281082"},{"taxonomy":"post_tag","embeddable":true,"href":"https:\/\/www.europesays.com\/de\/wp-json\/wp\/v2\/tags?post=1281082"}],"curies":[{"name":"wp","href":"https:\/\/api.w.org\/{rel}","templated":true}]}}