{"id":1281084,"date":"2026-09-04T23:25:15","date_gmt":"2026-09-04T23:25:15","guid":{"rendered":"https:\/\/www.europesays.com\/de\/1281084\/"},"modified":"2026-09-04T23:25:15","modified_gmt":"2026-09-04T23:25:15","slug":"markkleeberg-buergerservice-und-einwohnermeldeamt-erweitern-oeffnungszeiten-%c2%b7-leipziger-zeitung","status":"publish","type":"post","link":"https:\/\/www.europesays.com\/de\/1281084\/","title":{"rendered":"Markkleeberg: B\u00fcrgerservice und Einwohnermeldeamt erweitern \u00d6ffnungszeiten \u00b7 Leipziger Zeitung"},"content":{"rendered":"<p class=\"wp-block-paragraph\">Um den Service f\u00fcr B\u00fcrgerinnen und B\u00fcrger weiter zu verbessern und die Erreichbarkeit der Stadtverwaltung auszubauen, werden die \u00d6ffnungszeiten des B\u00fcrgerservice sowie des Einwohnermeldeamtes ab dem 8. September erweitert.<\/p>\n<p class=\"wp-block-paragraph\">Der B\u00fcrgerservice einschlie\u00dflich B\u00fcrgertelefon steht k\u00fcnftig zu folgenden Zeiten zus\u00e4tzlich zur Verf\u00fcgung:<\/p>\n<ul class=\"wp-block-list\">\n<li>Montag bis Freitag: 8 bis 12 Uhr<\/li>\n<li>Dienstag und Donnerstag: zus\u00e4tzlich 13 bis 18 Uhr<\/li>\n<\/ul>\n<p class=\"wp-block-paragraph\">Auch das Einwohnermeldeamt erweitert seine \u00d6ffnungszeiten. Ab<\/p>\n<p class=\"wp-block-paragraph\">8. September \u00f6ffnet es zus\u00e4tzlich<\/p>\n<ul class=\"wp-block-list\">\n<li>montags von 8 bis 12 Uhr.<\/li>\n<\/ul>\n<p class=\"wp-block-paragraph\">Mit den erweiterten \u00d6ffnungszeiten reagiert die Stadtverwaltung auf die Bed\u00fcrfnisse der B\u00fcrgerinnen und B\u00fcrger und schafft zus\u00e4tzliche M\u00f6glichkeiten, Verwaltungsangelegenheiten flexibel und b\u00fcrgernah zu erledigen.<\/p>\n<p class=\"wp-block-paragraph\">Die Stadtverwaltung bittet alle Besucherinnen und Besucher, die neuen \u00d6ffnungszeiten bei der Planung ihrer Termine zu ber\u00fccksichtigen. Weitere Informationen zu den Dienstleistungen und Ansprechpartnern sind auf der Internetseite der Stadt Markkleeberg erh\u00e4ltlich.<\/p>\n","protected":false},"excerpt":{"rendered":"Um den Service f\u00fcr B\u00fcrgerinnen und B\u00fcrger weiter zu verbessern und die Erreichbarkeit der Stadtverwaltung auszubauen, werden die&hellip;\n","protected":false},"author":2,"featured_media":263621,"comment_status":"","ping_status":"","sticky":false,"template":"","format":"standard","meta":{"footnotes":"","_share_on_mastodon":"0"},"categories":[1832],"tags":[19410,3364,29,30,71,14711,4116,859],"class_list":["post-1281084","post","type-post","status-publish","format-standard","has-post-thumbnail","category-leipzig","tag-buergerservice","tag-de","tag-deutschland","tag-germany","tag-leipzig","tag-markkleeberg","tag-oeffnungszeit","tag-sachsen"],"share_on_mastodon":{"url":"https:\/\/pubeurope.com\/@de\/117215358258984564","error":""},"_links":{"self":[{"href":"https:\/\/www.europesays.com\/de\/wp-json\/wp\/v2\/posts\/1281084","targetHints":{"allow":["GET"]}}],"collection":[{"href":"https:\/\/www.europesays.com\/de\/wp-json\/wp\/v2\/posts"}],"about":[{"href":"https:\/\/www.europesays.com\/de\/wp-json\/wp\/v2\/types\/post"}],"author":[{"embeddable":true,"href":"https:\/\/www.europesays.com\/de\/wp-json\/wp\/v2\/users\/2"}],"replies":[{"embeddable":true,"href":"https:\/\/www.europesays.com\/de\/wp-json\/wp\/v2\/comments?post=1281084"}],"version-history":[{"count":0,"href":"https:\/\/www.europesays.com\/de\/wp-json\/wp\/v2\/posts\/1281084\/revisions"}],"wp:featuredmedia":[{"embeddable":true,"href":"https:\/\/www.europesays.com\/de\/wp-json\/wp\/v2\/media\/263621"}],"wp:attachment":[{"href":"https:\/\/www.europesays.com\/de\/wp-json\/wp\/v2\/media?parent=1281084"}],"wp:term":[{"taxonomy":"category","embeddable":true,"href":"https:\/\/www.europesays.com\/de\/wp-json\/wp\/v2\/categories?post=1281084"},{"taxonomy":"post_tag","embeddable":true,"href":"https:\/\/www.europesays.com\/de\/wp-json\/wp\/v2\/tags?post=1281084"}],"curies":[{"name":"wp","href":"https:\/\/api.w.org\/{rel}","templated":true}]}}