{"id":1281097,"date":"2026-09-04T23:34:12","date_gmt":"2026-09-04T23:34:12","guid":{"rendered":"https:\/\/www.europesays.com\/de\/1281097\/"},"modified":"2026-09-04T23:34:12","modified_gmt":"2026-09-04T23:34:12","slug":"betty-ford-boys-trinity-til-infinity-tour","status":"publish","type":"post","link":"https:\/\/www.europesays.com\/de\/1281097\/","title":{"rendered":"Betty Ford Boys &#8211; Trinity &#8218;Til Infinity Tour"},"content":{"rendered":"<p>Die Bezeichnung \u201elegend\u00e4r\u201c wird heute schnell vergeben \u2013 auf die Producer-Supergroup Betty Ford Boys trifft sie jedoch wie kaum auf eine andere Formation zu. Ihre Live-Shows genie\u00dfen Kultstatus, ihre Vinyl-Ver\u00f6ffentlichungen sind regelm\u00e4\u00dfig innerhalb k\u00fcrzester Zeit vergriffen und die Namen Brenk Sinatra, Dexter und Suff Daddy finden sich in den Credits zahlreicher hochkar\u00e4tiger Produktionen weit \u00fcber die Landesgrenzen hinaus. Seit jeher verfolgen die Betty Ford Boys ihren ganz eigenen musikalischen Ansatz und haben damit die deutschsprachige Beatszene entscheidend gepr\u00e4gt.<\/p>\n","protected":false},"excerpt":{"rendered":"Die Bezeichnung \u201elegend\u00e4r\u201c wird heute schnell vergeben \u2013 auf die Producer-Supergroup Betty Ford Boys trifft sie jedoch wie&hellip;\n","protected":false},"author":2,"featured_media":1281098,"comment_status":"","ping_status":"","sticky":false,"template":"","format":"standard","meta":{"footnotes":"","_share_on_mastodon":"0"},"categories":[1829],"tags":[29,2050,2051,30,2052],"class_list":["post-1281097","post","type-post","status-publish","format-standard","has-post-thumbnail","category-frankfurt-am-main","tag-deutschland","tag-frankfurt","tag-frankfurt-am-main","tag-germany","tag-hessen"],"share_on_mastodon":{"url":"https:\/\/pubeurope.com\/@de\/117215393509156931","error":""},"_links":{"self":[{"href":"https:\/\/www.europesays.com\/de\/wp-json\/wp\/v2\/posts\/1281097","targetHints":{"allow":["GET"]}}],"collection":[{"href":"https:\/\/www.europesays.com\/de\/wp-json\/wp\/v2\/posts"}],"about":[{"href":"https:\/\/www.europesays.com\/de\/wp-json\/wp\/v2\/types\/post"}],"author":[{"embeddable":true,"href":"https:\/\/www.europesays.com\/de\/wp-json\/wp\/v2\/users\/2"}],"replies":[{"embeddable":true,"href":"https:\/\/www.europesays.com\/de\/wp-json\/wp\/v2\/comments?post=1281097"}],"version-history":[{"count":0,"href":"https:\/\/www.europesays.com\/de\/wp-json\/wp\/v2\/posts\/1281097\/revisions"}],"wp:featuredmedia":[{"embeddable":true,"href":"https:\/\/www.europesays.com\/de\/wp-json\/wp\/v2\/media\/1281098"}],"wp:attachment":[{"href":"https:\/\/www.europesays.com\/de\/wp-json\/wp\/v2\/media?parent=1281097"}],"wp:term":[{"taxonomy":"category","embeddable":true,"href":"https:\/\/www.europesays.com\/de\/wp-json\/wp\/v2\/categories?post=1281097"},{"taxonomy":"post_tag","embeddable":true,"href":"https:\/\/www.europesays.com\/de\/wp-json\/wp\/v2\/tags?post=1281097"}],"curies":[{"name":"wp","href":"https:\/\/api.w.org\/{rel}","templated":true}]}}