{"id":1281105,"date":"2026-09-04T23:39:26","date_gmt":"2026-09-04T23:39:26","guid":{"rendered":"https:\/\/www.europesays.com\/de\/1281105\/"},"modified":"2026-09-04T23:39:26","modified_gmt":"2026-09-04T23:39:26","slug":"tsv-1860-muenchen-diesmal-faellt-der-ausgleich-in-der-nachspielzeit-sport","status":"publish","type":"post","link":"https:\/\/www.europesays.com\/de\/1281105\/","title":{"rendered":"TSV 1860 M\u00fcnchen: Diesmal f\u00e4llt der Ausgleich in der Nachspielzeit &#8211; Sport"},"content":{"rendered":"<p data-manual=\"paragraph\" data-schema-org-speakable=\"true\" class=\"css-1vw426e\">Die DJK Vilzing nahm es ernst mit der Manndeckung, sehr ernst. Sie lie\u00df Tunay Deniz, dem Taktgeber des <a href=\"https:\/\/www.sueddeutsche.de\/thema\/TSV_1860_M%C3%BCnchen\" rel=\"nofollow noopener\" target=\"_blank\">TSV 1860 M\u00fcnchen<\/a>, nicht nur wenig Platz \u2013 sie umzingelte ihn. Welchem taktischen Konzept das folgte, war zwar schwer zu erkennen; allzu geschickt konnte es jedenfalls nicht sein, Deniz zu siebt, acht, zeitweise sogar zu neunt zu belagern, aber das war jetzt auch nicht mehr so wichtig. Das Spiel war schon vorbei.<\/p>\n<p data-manual=\"paragraph\" data-schema-org-speakable=\"true\" class=\"css-1eosz7k\">Deniz, umgeben von gut einer Handvoll Vilzinger Kinder, beugte sich nach vorne und schrieb Autogramme. Seine Teamkollegen standen schon vor den mitgereisten Fans und klatschten in die H\u00e4nde. Der Frust war ihnen in die Gesichter gemei\u00dfelt. Bei ihrem sechsten Spiel in der Regionalliga Bayern mussten sich die L\u00f6wen zum vierten Mal mit einem Unentschieden anfreunden. Das 2:2 an diesem Freitagabend von Vilzing war jedoch besonders bitter, schlie\u00dflich fiel der Ausgleich erst in der vierten Minute der Nachspielzeit, als Deniz \u2013 bevor er Autogramme schrieb \u2013 auch die Geschichte des Spiels l\u00e4ngst geschrieben zu haben schien.<\/p>\n<p><a href=\"https:\/\/www.sueddeutsche.de\/muenchen\/muenchen-gefaengnis-stadelheim-jva-projekt-tsv-1860-muenchen-u19-li.3537687\" aria-label=\"Artikelverlinkung:\" data-track-szde=\"{&quot;event&quot;:&quot;teaser_clicked&quot;,&quot;teaser_clicked&quot;:{&quot;article_title&quot;:&quot;die_einen_traeumen_vom_profifussball_die_anderen_von_freiheit&quot;,&quot;doctype&quot;:&quot;&quot;,&quot;label&quot;:&quot;szplus&quot;,&quot;main_topic&quot;:&quot;leben_und_gesellschaft_in_muenchen&quot;,&quot;object_id&quot;:&quot;li.3537687&quot;,&quot;pcat&quot;:&quot;paid&quot;,&quot;section&quot;:&quot;muenchen&quot;,&quot;teaser_type&quot;:&quot;article_teaser_top&quot;}}\" data-manual=\"teaser-url\" aria-labelledby=\"teaser-httpswwwsueddeutschedemuenchenmuenchen-gefaengnis-stadelheim-jva-projekt-tsv-1860-muenchen-u19-li3537687\" class=\"css-14tg8sh\" rel=\"nofollow noopener\" target=\"_blank\"><img decoding=\"async\" src=\"https:\/\/www.europesays.com\/de\/wp-content\/uploads\/2026\/09\/1788565166_945_9bef1d0f-f1da-4c7b-bc72-23684ebb9db7.jpg\"   alt=\"\" loading=\"lazy\" class=\"css-8atqhb\"\/><\/p>\n<p>Fu\u00dfballspiel in der JVA Stadelheim<\/p>\n<p>:Die einen tr\u00e4umen vom Profifu\u00dfball, die anderen von Freiheit<\/p>\n<p class=\"css-a6ecqs\" data-manual=\"teaser-text\" data-schema-org-speakable=\"true\">Zwei Welten prallen aufeinander: In der JVA Stadelheim trifft die U19 von 1860 M\u00fcnchen auf junge Gefangene. Es geht um Ablenkung, Verst\u00e4ndnis, Vorurteile \u2013 und am Ende sorgt ein Funkspruch f\u00fcr Ungl\u00e4ubigkeit auf dem Rasen.<\/p>\n<p>SZ PlusVon Linus Freymark<\/p>\n<p data-manual=\"paragraph\" data-schema-org-speakable=\"true\" class=\"css-1eosz7k\">Nach dem F\u00fchrungstreffer durch Florian Niederlechner (9.) und dem zwischenzeitlichen 1:1 durch Nik Leipold (55.) hatte Deniz den Ball aus 60 Metern \u00fcber Vilzings Torh\u00fcter Fabian Eutinger gehoben und damit etwas vollbracht, das mehr Kunstwerk als Schuss war (63.). Gerade einmal zwei Wochen ist es her, als es Deniz beim 0:2 im DFB-Pokal gegen Holstein Kiel auf ebenso freche Weise versucht hatte \u2013 wenn auch aus 40 Metern. Nach dem Spiel hatte er immer noch ein verschmitztes L\u00e4cheln im Gesicht. Manchmal, sagte er, habe er \u201eeinen Knacks im Kopf\u201c und \u201eprobiere solche Sachen\u201c.<\/p>\n<p data-manual=\"paragraph\" data-schema-org-speakable=\"true\" class=\"css-1eosz7k\">Deniz aus der Distanz: Das folgt also einer Methode. Und es h\u00e4tte auch das sein k\u00f6nnen, was von diesen 90 Minuten in Vilzing bleibt \u2013 w\u00e4re da nicht Markus Ziereis gewesen, der Mittelst\u00fcrmer, der neun Jahre bei Sechzig verbracht hat. In der Nachspielzeit hatte er erstaunlich viel Platz im M\u00fcnchner Strafraum und lenkte eine Halbfeldflanke mit der Stirn ins L\u00f6wentor. Ein Treffer, der alles \u00fcberlagerte: Sechzigs Dominanz, die Art, wie die Mannschaft das Spiel angenommen hatte, selbst Deniz\u2019 Geniestreich.<\/p>\n<p data-manual=\"paragraph\" data-schema-org-speakable=\"true\" class=\"css-1eosz7k\">Dabei w\u00e4re ein 2:1 doch dazu angetan gewesen, nach dem 1:1 gegen Landsberg, dem 1:3 im Landespokal gegen Buchbach und der Kritik der vergangenen Tage die Deutungshoheit wieder an sich zu rei\u00dfen. Die L\u00f6wen h\u00e4tten den Sieg so auslegen k\u00f6nnen, dass er in die eigene Erz\u00e4hlung passt: Seht her! Vor ein paar Wochen stand alles auf null \u2013 und jetzt sind wir auch nach dem sechsten Punktspiel noch ungeschlagen. Wir kommen also an in dieser Regionalliga Bayern!<\/p>\n<p>Raphael Ott und Florian Niederlechner h\u00e4tten das Spiel entscheiden k\u00f6nnen<\/p>\n<p data-manual=\"paragraph\" data-schema-org-speakable=\"true\" class=\"css-1eosz7k\">Ohne Ziereis\u2019 sp\u00e4tes 2:2 h\u00e4tte das vielleicht tats\u00e4chlich die Lesart sein k\u00f6nnen, schlie\u00dflich ist Vilzing so etwas wie der Inbegriff von Regionalligafu\u00dfball. So stellt man sich das zumindest vor: ein enger Platz, ein Gegner, der sich in erster Linie \u00fcber den Kampf definiert \u2013 und Zuschauer, die jede gelungene Aktion beklatschen. Umst\u00e4nde, wie sie auch in Aubstadt, Eichst\u00e4tt und an anderen Standorten der Regionalliga Bayern vorzufinden sind.<\/p>\n<p data-manual=\"paragraph\" data-schema-org-speakable=\"true\" class=\"css-1eosz7k\">In dieser Umgebung wirkt Sechzig erst einmal fehl am Platz. Wie ein riesenhafter und wuchtiger L\u00f6we, der mit seinen Tatzen ganze D\u00f6rfer pl\u00e4ttet. Wer genauer hinschaut, erkennt aber, dass sich die D\u00f6rfer gar nicht so leicht pl\u00e4tten lassen. Dass sie sich widersetzen, wenn der L\u00f6we kommt. Und dass sie sich durchaus geschickt anstellen, wenn sie sich im Duell mit dem Riesen wehren.<\/p>\n<p data-manual=\"paragraph\" data-schema-org-speakable=\"true\" class=\"css-1eosz7k\">Vor dem Ansto\u00df am Freitagabend hatte Vilzing, der F\u00fcnfte der vergangenen Saison, schon wieder eine ziemlich beachtliche Bilanz erarbeitet: sechs Spiele, zw\u00f6lf Punkte, darunter ein 5:4 in der vergangenen Woche in Burghausen, als die Oberpf\u00e4lzer es fertigbrachten, einen Vier-Tore-Vorsprung zu verspielen, das Spiel dann aber doch noch f\u00fcr sich entschieden.<\/p>\n<p data-manual=\"paragraph\" data-schema-org-speakable=\"true\" class=\"css-1eosz7k\">Die L\u00f6wen wussten also, was auf sie zukommen w\u00fcrde. Und sie nahmen es an. Zweimal gingen sie in F\u00fchrung \u2013 und in der Schlussphase h\u00e4tten Raphael Ott und Florian Niederlechner, der die Latte traf, bei einer Doppelchance das Spiel entscheiden k\u00f6nnen (79.). Am Ende aber waren es Markus Ziereis und die DJK Vilzing, die an diesem Abend das letzte Wort hatten.<\/p>\n","protected":false},"excerpt":{"rendered":"Die DJK Vilzing nahm es ernst mit der Manndeckung, sehr ernst. Sie lie\u00df Tunay Deniz, dem Taktgeber des&hellip;\n","protected":false},"author":2,"featured_media":1281106,"comment_status":"","ping_status":"","sticky":false,"template":"","format":"standard","meta":{"footnotes":"","_share_on_mastodon":"0"},"categories":[1827],"tags":[772,29,347,30,148,1268,265,149,8811],"class_list":["post-1281105","post","type-post","status-publish","format-standard","has-post-thumbnail","category-muenchen","tag-bayern","tag-deutschland","tag-fussball","tag-germany","tag-leserdiskussion","tag-muenchen","tag-sport","tag-sueddeutsche-zeitung","tag-tsv-1860-muenchen"],"share_on_mastodon":{"url":"","error":""},"_links":{"self":[{"href":"https:\/\/www.europesays.com\/de\/wp-json\/wp\/v2\/posts\/1281105","targetHints":{"allow":["GET"]}}],"collection":[{"href":"https:\/\/www.europesays.com\/de\/wp-json\/wp\/v2\/posts"}],"about":[{"href":"https:\/\/www.europesays.com\/de\/wp-json\/wp\/v2\/types\/post"}],"author":[{"embeddable":true,"href":"https:\/\/www.europesays.com\/de\/wp-json\/wp\/v2\/users\/2"}],"replies":[{"embeddable":true,"href":"https:\/\/www.europesays.com\/de\/wp-json\/wp\/v2\/comments?post=1281105"}],"version-history":[{"count":0,"href":"https:\/\/www.europesays.com\/de\/wp-json\/wp\/v2\/posts\/1281105\/revisions"}],"wp:featuredmedia":[{"embeddable":true,"href":"https:\/\/www.europesays.com\/de\/wp-json\/wp\/v2\/media\/1281106"}],"wp:attachment":[{"href":"https:\/\/www.europesays.com\/de\/wp-json\/wp\/v2\/media?parent=1281105"}],"wp:term":[{"taxonomy":"category","embeddable":true,"href":"https:\/\/www.europesays.com\/de\/wp-json\/wp\/v2\/categories?post=1281105"},{"taxonomy":"post_tag","embeddable":true,"href":"https:\/\/www.europesays.com\/de\/wp-json\/wp\/v2\/tags?post=1281105"}],"curies":[{"name":"wp","href":"https:\/\/api.w.org\/{rel}","templated":true}]}}