{"id":1281118,"date":"2026-09-04T23:49:29","date_gmt":"2026-09-04T23:49:29","guid":{"rendered":"https:\/\/www.europesays.com\/de\/1281118\/"},"modified":"2026-09-04T23:49:29","modified_gmt":"2026-09-04T23:49:29","slug":"baum-kracht-auf-auto-so-heftig-war-das-unwetter-in-berlin","status":"publish","type":"post","link":"https:\/\/www.europesays.com\/de\/1281118\/","title":{"rendered":"Baum kracht auf Auto: So heftig war das Unwetter in Berlin"},"content":{"rendered":"<p class=\"m-0 text-lg font-normal leading-[30px] text-gray-800\">\n                <strong>Der Herbst klopft noch nicht einmal richtig an die T\u00fcr, da schickt er schon seinen ersten Vorboten voraus. Am Freitagnachmittag fegte eine kr\u00e4ftige Sturmfront \u00fcber die Hauptstadt und sorgte f\u00fcr jede Menge Arbeit bei Feuerwehr, Verkehrsbetrieben und Anwohnern. Umgest\u00fcrzte B\u00e4ume, abgebrochene \u00c4ste und lose Bauteile hielten die Einsatzkr\u00e4fte stundenlang auf Trab.<\/strong>\n              <\/p>\n<p>              Feuerwehr r\u00fcckte zu 90 Eins\u00e4tzen aus<\/p>\n<p class=\"m-0 text-lg font-normal leading-[30px] text-gray-800\">\n                Besonders brisant: Die Berliner <a href=\"https:\/\/www.berliner-kurier.de\/article\/autowrack-rhein-knochen-koenigswinter-polizei-ermittelt-10343376\" rel=\"nofollow noopener\" target=\"_blank\">Feuerwehr sah sich gezwungen<\/a>, den \u201eAusnahmezustand Wetter\u201c auszurufen. Diese besondere Einsatzstufe greift immer dann, wenn innerhalb kurzer Zeit au\u00dfergew\u00f6hnlich viele wetterbedingte Notrufe eingehen. Rund 90 Eins\u00e4tze mussten die Einsatzkr\u00e4fte zwischen dem Nachmittag und fr\u00fchen Abend bew\u00e4ltigen.<\/p>\n<p>Die st\u00e4rksten Spuren hinterlie\u00df das Unwetter am Bayerischen Platz in Sch\u00f6neberg. Dort st\u00fcrzte ein rund 20 Meter hoher Baum auf mehrere geparkte Fahrzeuge. Das Gewicht des gewaltigen Stamms war so gro\u00df, dass die Feuerwehr schlie\u00dflich ihren Spezialkran einsetzen musste. Verletzte gab es zum Gl\u00fcck nicht.\n              <\/p>\n<p>                  <img decoding=\"async\" src=\"https:\/\/www.europesays.com\/de\/wp-content\/uploads\/2026\/09\/3a6843f6-adb8-4a65-ad67-39de492433a8.jpg\"   alt=\"Die Einsatzkr\u00e4fte mussten den Baum mit einem Spezialkran beseitigen. \" class=\"h-full w-full object-cover\" loading=\"lazy\" data-original-url=\"https:\/\/blzprod-endpoint-h3ajcyhfd4gsducd.a03.azurefd.net\/images\/2026\/09\/04\/3a6843f6-adb8-4a65-ad67-39de492433a8.jpg\" data-caption=\"Die Einsatzkr\u00e4fte mussten den Baum mit einem Spezialkran beseitigen. \" data-source=\"Axel Billig \/ Pressefoto Wagner\"\/><\/p>\n<p class=\"m-0 flex-[3] text-left text-xs font-normal leading-[18px] text-gray-650\">Die Einsatzkr\u00e4fte mussten den Baum mit einem Spezialkran beseitigen. <\/p>\n<p class=\"m-0 mt-1 flex-1 text-left text-xs font-normal leading-[18px] text-gray-650 md:mt-0 md:text-right\">\n                        \u00a9 Axel Billig \/ Pressefoto Wagner\n                      <\/p>\n<p class=\"m-0 text-lg font-normal leading-[30px] text-gray-800\">\n                Auch in anderen Teilen der Stadt meldeten Passanten immer wieder umgest\u00fcrzte B\u00e4ume und gr\u00f6\u00dfere Astbr\u00fcche. Die Sch\u00e4den verteilten sich \u00fcber das gesamte Stadtgebiet.\n              <\/p>\n<p>              Zugausf\u00e4lle bei der S-Bahn<\/p>\n<p class=\"m-0 text-lg font-normal leading-[30px] text-gray-800\">\n                Nicht nur auf den Stra\u00dfen zeigte sich die Wucht des Sturms. Die <a href=\"https:\/\/www.berliner-kurier.de\/article\/signalstoerung-baumschulenweg-s-bahn-berlin-10354487\" rel=\"nofollow noopener\" target=\"_blank\">Berliner S-Bahn<\/a> meldete wetterbedingte Ausf\u00e4lle und Versp\u00e4tungen auf zahlreichen Linien. Zeitweise war die wichtige Linie S7 zwischen Wannsee und Grunewald unterbrochen. F\u00fcr viele Pendler begann das Wochenende deshalb mit unfreiwilligen Wartezeiten.<\/p>\n<p>Bereits im Vorfeld <a href=\"https:\/\/www.berliner-kurier.de\/article\/deutscher-wetterdienst-gewitterprognose-10331847\" rel=\"nofollow noopener\" target=\"_blank\">hatten die Meteorologen<\/a> des Deutschen Wetterdienstes vor st\u00fcrmischen B\u00f6en und lokal sogar vor Sturmb\u00f6en gewarnt. Tats\u00e4chlich traf die Front die Hauptstadt mit voller Wucht. Innerhalb kurzer Zeit verdunkelte sich der Himmel, kr\u00e4ftige Windb\u00f6en zogen \u00fcber die Stadt und rissen \u00c4ste aus den Baumkronen.\n              <\/p>\n<p class=\"m-0 text-lg font-normal leading-[30px] text-gray-800\">\n                Immerhin gibt es auch eine gute Nachricht: Trotz der vielen Eins\u00e4tze und teils erheblichen Sachsch\u00e4den wurden zun\u00e4chst keine Verletzten im Zusammenhang mit den Sturmsch\u00e4den gemeldet.<\/p>\n<p>Nach dem Sturm-Freitag soll sich das Wetter in den n\u00e4chsten Tagen wieder beruhigen. In der Nacht zum Samstag lassen die Niederschl\u00e4ge von S\u00fcden her nach. Der Samstag bleibt allerdings noch wechselhaft und windig. Am Sonntag soll sich die Lage deutlich entspannen.<\/p>\n","protected":false},"excerpt":{"rendered":"Der Herbst klopft noch nicht einmal richtig an die T\u00fcr, da schickt er schon seinen ersten Vorboten voraus.&hellip;\n","protected":false},"author":2,"featured_media":1281119,"comment_status":"","ping_status":"","sticky":false,"template":"","format":"standard","meta":{"footnotes":"","_share_on_mastodon":"0"},"categories":[1825],"tags":[513,264345,296,29,985,30,136578,51423,4028],"class_list":["post-1281118","post","type-post","status-publish","format-standard","has-post-thumbnail","category-berlin","tag-auto","tag-axel-billig","tag-berlin","tag-deutschland","tag-feuerwehr","tag-germany","tag-pressefoto","tag-sturmtief","tag-unwetter"],"share_on_mastodon":{"url":"https:\/\/pubeurope.com\/@de\/117215454502948911","error":""},"_links":{"self":[{"href":"https:\/\/www.europesays.com\/de\/wp-json\/wp\/v2\/posts\/1281118","targetHints":{"allow":["GET"]}}],"collection":[{"href":"https:\/\/www.europesays.com\/de\/wp-json\/wp\/v2\/posts"}],"about":[{"href":"https:\/\/www.europesays.com\/de\/wp-json\/wp\/v2\/types\/post"}],"author":[{"embeddable":true,"href":"https:\/\/www.europesays.com\/de\/wp-json\/wp\/v2\/users\/2"}],"replies":[{"embeddable":true,"href":"https:\/\/www.europesays.com\/de\/wp-json\/wp\/v2\/comments?post=1281118"}],"version-history":[{"count":0,"href":"https:\/\/www.europesays.com\/de\/wp-json\/wp\/v2\/posts\/1281118\/revisions"}],"wp:featuredmedia":[{"embeddable":true,"href":"https:\/\/www.europesays.com\/de\/wp-json\/wp\/v2\/media\/1281119"}],"wp:attachment":[{"href":"https:\/\/www.europesays.com\/de\/wp-json\/wp\/v2\/media?parent=1281118"}],"wp:term":[{"taxonomy":"category","embeddable":true,"href":"https:\/\/www.europesays.com\/de\/wp-json\/wp\/v2\/categories?post=1281118"},{"taxonomy":"post_tag","embeddable":true,"href":"https:\/\/www.europesays.com\/de\/wp-json\/wp\/v2\/tags?post=1281118"}],"curies":[{"name":"wp","href":"https:\/\/api.w.org\/{rel}","templated":true}]}}