{"id":1281121,"date":"2026-09-04T23:51:22","date_gmt":"2026-09-04T23:51:22","guid":{"rendered":"https:\/\/www.europesays.com\/de\/1281121\/"},"modified":"2026-09-04T23:51:22","modified_gmt":"2026-09-04T23:51:22","slug":"esther-sedlaczek-gibt-einblicke-was-sie-jetzt-ueber-kinder-und-privatleben-verraet","status":"publish","type":"post","link":"https:\/\/www.europesays.com\/de\/1281121\/","title":{"rendered":"Esther Sedlaczek gibt Einblicke: Was sie jetzt \u00fcber Kinder und Privatleben verr\u00e4t"},"content":{"rendered":"<p>Mode, Fu\u00dfball und eine eigene Quizshow in der <a href=\"https:\/\/www.abendzeitung-muenchen.de\/organisation\/ard\/\" rel=\"nofollow noopener\" target=\"_blank\">ARD<\/a>: Esther Sedlaczek ist einer der gefragtesten TV-Stars Deutschlands, die am Freitagabend (4. September) mit Florian Silbereisen die Preisverleihung &#8222;Goldene Henne&#8220; moderiert. Mit wem ist sie verheiratet und wie viele Kinder hat sie? Jetzt hat die Moderatorin selbst Details zu ihrer Familie verraten. Die AZ blickt auf ihr Leben abseits der TV-Kameras.<\/p>\n<p>Esther Sedlaczek und ihre Kinder: Moderatorin spricht \u00fcber Mutterrolle<\/p>\n<p>Dass Esther Sedlaczek so erfolgreich als Sportmoderatorin ist, sieht sie nicht als Selbstverst\u00e4ndlichkeit. &#8222;Ich bin Mutter von drei Kindern und ich sehe das als absolutes Privileg, dass ich bei WMs \u00a0und EMs dabei sein darf, und dabei geht es nicht darum, sich kleiner zu machen als man ist&#8220;, sagte sie Anfang September 2026 im Podcast &#8222;Kerners 11&#8220; von Johannes B. Kerner.<\/p>\n<p>Dabei machte Sedlaczek klar, wie erf\u00fcllend der Job als Moderatorin, aber auch als Mutter, f\u00fcr sie sei: &#8222;Ich brauche nicht mehr als das, was ich habe. Ich hab drei gesunde Kinder. Ich hab eine gl\u00fcckliche Familie und ich hab einen Job, auf den ich mich jeden Tag freue. Und in dem ich auch immer wieder herausgefordert werde.&#8220;<\/p>\n<p>Esther Sedlaczek enth\u00fcllt: &#8222;Dachte, ich muss sterben&#8220;<\/p>\n<p>Esther Sedlaczek hat drei Kinder: 2019 kam ihre Tochter auf die Welt, 2021 ihr Sohn. Im Sommer 2025 wurde sie erneut Mama eines Sohnes. Wie schafft man es, TV-Arbeit und Kinder unter einen Hut zu bringen? Das war auch f\u00fcr die erfahrene Moderatorin am Anfang nicht leicht, wie sie im Sommer 2026 dem &#8222;<a href=\"https:\/\/www.spiegel.de\/sport\/fussball\/esther-sedlaczek-ueber-ihre-krise-ich-habe-mich-immer-selbst-fertiggemacht-a-589b15de-5509-46a4-88a3-7aa325c9339e\" target=\"_blank\" title=\"https:\/\/www.spiegel.de\/sport\/fussball\/esther-sedlaczek-ueber-ihre-krise-ich-habe-mich-immer-selbst-fertiggemacht-a-589b15de-5509-46a4-88a3-7aa325c9339e\" class=\"ext_links\" rel=\"noopener nofollow\">Spiegel<\/a>&#8220; berichtete. Kurz nach der Geburt ihres ersten Kindes habe sie pl\u00f6tzlich eine Panikattacke erlitten: &#8222;Ich dachte, ich falle gleich um und muss sterben.&#8220;<\/p>\n<p>Sedlaczek ist \u00fcberzeugt, dass sie damals an einer postpartalen Depression gelitten habe. Der Alltagsstress mit ihrem Moderationsjob und Kindererziehung brachte sie wohl ans Limit \u2013 und dar\u00fcber hinaus. &#8222;Ich wollte auf allen Ebenen alles perfekt machen.&#8220; Durch Therapie, Sport und Yoga fand die heute dreifache Mutter wieder zu sich selbst: &#8222;Ich musste lernen, dass es okay ist, einfach mal etwas f\u00fcr mich selbst zu tun.&#8220;<\/p>\n<p>Partner von Esther Sedlaczek: Das verr\u00e4t sie zu ihrem Mann<\/p>\n<p>Vater ihrer Kinder ist ein M\u00fcnchner Gesch\u00e4ftsmann, mit dem sie seit 2016 zusammen ist. Geheiratet hat Sedlaczek ihren Partner kurz vor der Geburt ihres ersten Kindes, im April 2019. \u00dcber die Identit\u00e4t ihres Mannes ist in der \u00d6ffentlichkeit nichts bekannt. Die Familie wohnt in M\u00fcnchen, wobei Esther Sedlaczek immer wieder f\u00fcr Drehs nach K\u00f6ln reisen muss.<\/p>\n<p>Gegen\u00fcber &#8222;Frau im Spiegel&#8220; hat die Moderatorin seltene Details \u00fcber ihren Partner ausgeplaudert. &#8222;Mein Mann hat immer die rosarote Brille auf. F\u00fcr ihn ist alles toll, was ich mache&#8220;, schw\u00e4rmte sie \u00fcber den M\u00fcnchner Unternehmer. Das hat aber nicht nur Vorteile, wie sie betonte: &#8222;Deswegen frage ich ihn schon gar nicht mehr nach Feedback. Komplimente kann ich nur schwer annehmen. Kritik wiederum finde ich sehr hilfreich.&#8220;<\/p>\n<p>Sven Martinek ist der Vater von Esther Sedlaczek<\/p>\n<p>Esther Sedlaczek selbst ist mit ihrer alleinerziehenden Mutter in Berlin gro\u00df geworden und hat ihren Vater, den Schauspieler Sven Martinek, erst mit 16 Jahren kennengelernt. Das war Anfang der Nullerjahre.<\/p>\n<p>&#8222;Papa&#8220; nenne sie ihn zwar auch heute nicht, aber eine &#8222;tolle Freundschaft&#8220; sei entstanden. Wie besonders das Verh\u00e4ltnis ist, zeigte Sedlaczek im Oktober 2024 mit einem gemeinsamen Instagram-Foto. Die Moderatorin markierte ihren Vater und setzte dazu ein wei\u00dfes Herz. Sven Martinek wiederum kommentierte: &#8222;Ich bin so irre stolz auf Dich. Danke f\u00fcr Dich.&#8220;<\/p>\n<p>        An dieser Stelle finden Sie einen externen Inhalt (Instagram). Sie k\u00f6nnen sich Inhalte dieses Anbieters mit einem Klick anzeigen lassen und wieder ausblenden.<\/p>\n<p>\n        Anzeigen\n        <\/p>\n<p>\n        Externe Inhalte ausblenden\n        <\/p>\n<p>\n        Anzeige f\u00fcr den Anbieter Instagram \u00fcber den Consent-Anbieter verweigert\n    <\/p>\n<p>Mit ihren eigenen Kindern ist Esther Sedlaczek recht streng. Der &#8222;Gala&#8220; sagte sie im Mai 2023: &#8222;Ich bin schon diejenige, die sagt: &#8218;Schluss jetzt, es geht ins Bett!&#8216; Mein Mann ist eher der Good Cop.&#8220; Auch Fernsehschauen sei nur zwei- bis dreimal pro Woche erlaubt.<\/p>\n<p>        An dieser Stelle finden Sie einen externen Inhalt (Instagram). Sie k\u00f6nnen sich Inhalte dieses Anbieters mit einem Klick anzeigen lassen und wieder ausblenden.<\/p>\n<p>\n        Anzeigen\n        <\/p>\n<p>\n        Externe Inhalte ausblenden\n        <\/p>\n<p>\n        Anzeige f\u00fcr den Anbieter Instagram \u00fcber den Consent-Anbieter verweigert\n    <\/p>\n<p>&#8222;Wenn ich nicht Bescheid wei\u00df&#8220;: Esther Sedlaczek verr\u00e4t Trick in der Kindererziehung<\/p>\n<p>Trotz einer gewissen Strenge versucht Esther Sedlaczek ihren Kindern stets mit Rat und Tat zur Seite zu stehen \u2013 dazu geh\u00f6rt auch, auf jede Frage des Nachwuchses einzugehen. Genug \u00dcbung daf\u00fcr hat sie durch ihren Job in &#8222;Die gro\u00dfe Maus-Show&#8220; auf jeden Fall. Und sollte sie einmal nicht weiterwissen, so wendet die Moderatorin einen ganz einfachen Trick an. &#8222;Es gibt allerdings einen Punkt, wenn ich nicht mehr Bescheid wei\u00df. Da sag&#8216; ich: &#8218;Der Papa wei\u00df es bestimmt&#8216;. Da schieben wir uns immer die B\u00e4lle so zu&#8220;, verriet sie gegen\u00fcber <a href=\"https:\/\/www.rtl.de\/unterhaltung\/stars\/was-esther-sedlaczek-macht-wenn-sie-bei-ihren-kindern-mal-nicht-mehr-weiter-weiss-id1955056.html\" title=\"https:\/\/www.rtl.de\/unterhaltung\/stars\/was-esther-sedlaczek-macht-wenn-sie-bei-ihren-kindern-mal-nicht-mehr-weiter-weiss-id1955056.html\" class=\"ext_links\" rel=\"noopener nofollow\" target=\"_blank\">RTL<\/a> im Dezember 2024.<\/p>\n<p>Casting-Job: Fr\u00fcher war Esther Sedlaczek bei Sky<\/p>\n<p>Nachdem sie erfolgreich Modejournalismus und dann noch Politik- und Verwaltungswissenschaften studiert hatte, lie\u00df sich die engagierte Berlinerin zur Moderatorin ausbilden. Nach einigen Jobs im Berliner Lokalfernsehen setzte sie sich gegen 3000 Bewerber durch und ergatterte einen Job als Moderatorin beim Pay-TV-Sender Sky.<\/p>\n<p>Karriere von Esther Sedlaczek: Beruflicher Werdegang im \u00dcberblick<\/p>\n<p>2021 trat sie die Nachfolge von Matthias Opdenh\u00f6vel an und stand fortan f\u00fcr die &#8222;Sportschau&#8220; im Ersten vor der Kamera. Schon als Kind begeisterte sie sich f\u00fcr Fu\u00dfball und feuerte die Mannschaft von <a href=\"https:\/\/www.abendzeitung-muenchen.de\/organisation\/hertha-bsc\/\" rel=\"nofollow noopener\" target=\"_blank\">Hertha BSC<\/a> an. Doch auch bei anderen Show-Formaten wie der Musik-Sendung &#8222;Xaviers Wunschkonzert Live&#8220; konnte sie \u00fcberzeugen. Seit Mai 2023 moderiert Sedlaczek die ARD-Primetime-Show &#8222;Frag doch mal die Maus&#8220;.<\/p>\n<p>    <a href=\"https:\/\/www.abendzeitung-muenchen.de\/promis\/royals\/wittelsbacher-prinzessin-isabella-als-lebensretterin-konnte-aber-trotzdem-normal-arbeiten-art-1025227\" data-mrf-recirculation=\"Artikel-Link\" rel=\"nofollow noopener\" target=\"_blank\"><img decoding=\"async\" loading=\"lazy\" src=\"https:\/\/www.europesays.com\/de\/wp-content\/uploads\/2026\/06\/1513029_prinzessin-isabella-von-haus-wittelsbach-3-v-l-hat-herz-bewiesen-und-wurde-_mehrzumthema_1Dm.jpeg\" alt=\"Prinzessin Isabella von Haus Wittelsbach (3. v. l.) hat Herz bewiesen und wurde zur Lebensretterin.\" title=\"Prinzessin Isabella von Haus Wittelsbach (3. v. l.) hat Herz bewiesen und wurde zur Lebensretterin.\" width=\"696\" height=\"390\"\/><\/a><\/p>\n<p>        <a href=\"https:\/\/www.abendzeitung-muenchen.de\/promis\/royals\/wittelsbacher-prinzessin-isabella-als-lebensretterin-konnte-aber-trotzdem-normal-arbeiten-art-1025227\" data-mrf-recirculation=\"Artikel-Link\" rel=\"nofollow noopener\" target=\"_blank\">Wittelsbacher Prinzessin Isabella als Lebensretterin: &#8222;Konnte aber trotzdem &#8230;        <\/a><\/p>\n<p>                X<\/p>\n<p>Sie haben den Artikel der Merkliste hinzugef\u00fcgt. <\/p>\n<p>                <a href=\"https:\/\/www.abendzeitung-muenchen.de\/meine-az\/merkliste\/\" title=\"Zur Merkliste\" rel=\"nofollow noopener\" target=\"_blank\"><br \/>\n                zur Merkliste<br \/>\n                <\/a>  <\/p>\n<p>Esther Sedlaczek bleibt bei der &#8222;Sportschau&#8220;<\/p>\n<p>\u00dcber ihren Job bei der &#8222;Sportschau&#8220; ist Esther Sedlaczek sehr gl\u00fccklich, wie sie selbst betont: &#8222;Vor vier Jahren war es genau der richtige Schritt f\u00fcr mich, zur ARD und zur &#8218;Sportschau&#8216; zu gehen. Die Arbeit mit den zahlreichen Kolleg:innen in der ARD macht mir wahnsinnig viel Spa\u00df \u2013 ich wurde mit offenen Armen empfangen.&#8220;\u00a0<\/p>\n<p>  <img decoding=\"async\" loading=\"lazy\" src=\"https:\/\/www.europesays.com\/de\/wp-content\/uploads\/2026\/06\/1523538_ger-herren-dfb-pokal-achtelfinale-saison-2024-2025-fc-bayern-muenchen-bayer_artikelbild_1Dyz.jpeg\" alt=\"Esther Sedlaczek ist schwanger.\" title=\"Esther Sedlaczek ist schwanger.\" width=\"812\" height=\"459\"\/><\/p>\n<p>      Esther Sedlaczek ist schwanger.<br \/>\n      \u00a9 IMAGO \/ Ulrich Hufnagel<\/p>\n<p>    Esther Sedlaczek ist schwanger.<\/p>\n<p>von IMAGO \/ Ulrich Hufnagel <\/p>\n<p>&#8222;}&#8220;&gt; <\/p>\n<p>Esther Sedlaczek wird auch weiterhin durch die &#8222;Sportschau&#8220; f\u00fchren, wie die ARD am 17. Januar 2025 bekanntgegeben hat. &#8222;Eine so vielseitig einsetzbare und charmante Person wie Esther Sedlaczek steht unserem gesamten Angebot sehr gut zu Gesicht&#8220;, sagte ARD-Programmdirektorin Christine Strobl dazu. &#8222;Ich freue mich deshalb sehr, dass sie neben ihrer Moderationsrolle in der Unterhaltung auch dem ARD-Sport weiterhin erhalten bleibt.&#8220; Der Vertrag der Moderatorin wurde bis 2029 verl\u00e4ngert.<\/p>\n<p>Privatleben von Esther Sedlaczek: Kevin Trapp ist ihr Ex-Freund<\/p>\n<p>Als Sport-Reporterin hat Esther Sedlaczek in ihrer beruflichen Laufbahn schon einige Profi-Fu\u00dfballer interviewt. Mit Torh\u00fcter Kevin Trapp verstand sie sich besonders gut: 2013, als Trapp in Frankfurt spielte, waren die beiden f\u00fcr einige Monate liiert. Doch das Liebesgl\u00fcck hielt nicht lange an.<\/p>\n<p>S\u00fc\u00dfe Versuchung \u2013 hier wird Esther Sedlaczek schwach<\/p>\n<p>In Versuchung ger\u00e4t Esther Sedlaczek bei S\u00fc\u00dfigkeiten. Um sich selber im Zaum zu halten, versucht sie sich an folgende Regel zu halten: Sechs Tage auf Zucker verzichten und dann einen Tag s\u00fcndigen. Eine Topfigur macht die Moderatorin so oder so \u2013 ihr Hund h\u00e4lt sie mit langen Spazierg\u00e4ngen im Gr\u00fcnen fit und auch sonst ist sie super aktiv: Sei es beim Radeln, Tennisspielen oder Skifahren.<\/p>\n","protected":false},"excerpt":{"rendered":"Mode, Fu\u00dfball und eine eigene Quizshow in der ARD: Esther Sedlaczek ist einer der gefragtesten TV-Stars Deutschlands, die&hellip;\n","protected":false},"author":2,"featured_media":1281122,"comment_status":"","ping_status":"","sticky":false,"template":"","format":"standard","meta":{"footnotes":"","_share_on_mastodon":"0"},"categories":[1776],"tags":[1801,29,15868,214,5350,31964,76049,553,236845,30,23859,1114,20706,9359,1802,215],"class_list":["post-1281121","post","type-post","status-publish","format-standard","has-post-thumbnail","category-prominente","tag-celebrities","tag-deutschland","tag-ehemann","tag-entertainment","tag-erziehung","tag-esther-sedlaczek","tag-exfreund","tag-familie","tag-frag-doch-mal-die-maus","tag-germany","tag-kevin-trapp","tag-kinder","tag-moderatorin","tag-privatleben","tag-prominente","tag-unterhaltung"],"share_on_mastodon":{"url":"https:\/\/pubeurope.com\/@de\/117215462932643459","error":""},"_links":{"self":[{"href":"https:\/\/www.europesays.com\/de\/wp-json\/wp\/v2\/posts\/1281121","targetHints":{"allow":["GET"]}}],"collection":[{"href":"https:\/\/www.europesays.com\/de\/wp-json\/wp\/v2\/posts"}],"about":[{"href":"https:\/\/www.europesays.com\/de\/wp-json\/wp\/v2\/types\/post"}],"author":[{"embeddable":true,"href":"https:\/\/www.europesays.com\/de\/wp-json\/wp\/v2\/users\/2"}],"replies":[{"embeddable":true,"href":"https:\/\/www.europesays.com\/de\/wp-json\/wp\/v2\/comments?post=1281121"}],"version-history":[{"count":0,"href":"https:\/\/www.europesays.com\/de\/wp-json\/wp\/v2\/posts\/1281121\/revisions"}],"wp:featuredmedia":[{"embeddable":true,"href":"https:\/\/www.europesays.com\/de\/wp-json\/wp\/v2\/media\/1281122"}],"wp:attachment":[{"href":"https:\/\/www.europesays.com\/de\/wp-json\/wp\/v2\/media?parent=1281121"}],"wp:term":[{"taxonomy":"category","embeddable":true,"href":"https:\/\/www.europesays.com\/de\/wp-json\/wp\/v2\/categories?post=1281121"},{"taxonomy":"post_tag","embeddable":true,"href":"https:\/\/www.europesays.com\/de\/wp-json\/wp\/v2\/tags?post=1281121"}],"curies":[{"name":"wp","href":"https:\/\/api.w.org\/{rel}","templated":true}]}}