{"id":1281146,"date":"2026-09-05T00:08:16","date_gmt":"2026-09-05T00:08:16","guid":{"rendered":"https:\/\/www.europesays.com\/de\/1281146\/"},"modified":"2026-09-05T00:08:16","modified_gmt":"2026-09-05T00:08:16","slug":"toedliche-schiesserei-in-vaals-neue-details-zum-tatablauf","status":"publish","type":"post","link":"https:\/\/www.europesays.com\/de\/1281146\/","title":{"rendered":"T\u00f6dliche Schie\u00dferei in Vaals: Neue Details zum Tatablauf"},"content":{"rendered":"<p>\n\tVer\u00f6ffentlicht am 4.09.2026 um 18:19  | \t<\/p>\n<p>Lesedauer: 2 min<\/p>\n<p>Knapp vier Monate nach der t\u00f6dlichen Schie\u00dferei in Vaals sind am Freitag erstmals Details zum m\u00f6glichen Tatablauf bekannt geworden. Zwei Belgier im Alter von 22 und 25 Jahren m\u00fcssen weiterhin in Untersuchungshaft bleiben. Einer der beiden kommt aus der Gemeinde St.Vith, der andere wohnte zuletzt in Oupeye und war zuvor ebenfalls in der Gemeinde St.Vith gemeldet.<\/p>\n","protected":false},"excerpt":{"rendered":"Ver\u00f6ffentlicht am 4.09.2026 um 18:19 | Lesedauer: 2 min Knapp vier Monate nach der t\u00f6dlichen Schie\u00dferei in Vaals&hellip;\n","protected":false},"author":2,"featured_media":1281147,"comment_status":"","ping_status":"","sticky":false,"template":"","format":"standard","meta":{"footnotes":"","_share_on_mastodon":"0"},"categories":[1853],"tags":[1424,3364,13395,29,548,663,3934,30,13,14,15,1209,5995,12,264346,27045,59273],"class_list":["post-1281146","post","type-post","status-publish","format-standard","has-post-thumbnail","category-aachen","tag-aachen","tag-de","tag-details","tag-deutschland","tag-eu","tag-europa","tag-europe","tag-germany","tag-headlines","tag-nachrichten","tag-news","tag-nordrhein-westfalen","tag-schiesserei","tag-schlagzeilen","tag-tatablauf","tag-toedliche","tag-vaals"],"share_on_mastodon":{"url":"https:\/\/pubeurope.com\/@de\/117215527077741963","error":""},"_links":{"self":[{"href":"https:\/\/www.europesays.com\/de\/wp-json\/wp\/v2\/posts\/1281146","targetHints":{"allow":["GET"]}}],"collection":[{"href":"https:\/\/www.europesays.com\/de\/wp-json\/wp\/v2\/posts"}],"about":[{"href":"https:\/\/www.europesays.com\/de\/wp-json\/wp\/v2\/types\/post"}],"author":[{"embeddable":true,"href":"https:\/\/www.europesays.com\/de\/wp-json\/wp\/v2\/users\/2"}],"replies":[{"embeddable":true,"href":"https:\/\/www.europesays.com\/de\/wp-json\/wp\/v2\/comments?post=1281146"}],"version-history":[{"count":0,"href":"https:\/\/www.europesays.com\/de\/wp-json\/wp\/v2\/posts\/1281146\/revisions"}],"wp:featuredmedia":[{"embeddable":true,"href":"https:\/\/www.europesays.com\/de\/wp-json\/wp\/v2\/media\/1281147"}],"wp:attachment":[{"href":"https:\/\/www.europesays.com\/de\/wp-json\/wp\/v2\/media?parent=1281146"}],"wp:term":[{"taxonomy":"category","embeddable":true,"href":"https:\/\/www.europesays.com\/de\/wp-json\/wp\/v2\/categories?post=1281146"},{"taxonomy":"post_tag","embeddable":true,"href":"https:\/\/www.europesays.com\/de\/wp-json\/wp\/v2\/tags?post=1281146"}],"curies":[{"name":"wp","href":"https:\/\/api.w.org\/{rel}","templated":true}]}}