{"id":1281148,"date":"2026-09-05T00:10:21","date_gmt":"2026-09-05T00:10:21","guid":{"rendered":"https:\/\/www.europesays.com\/de\/1281148\/"},"modified":"2026-09-05T00:10:21","modified_gmt":"2026-09-05T00:10:21","slug":"naechste-woche-warnstreiks-im-kommunalen-busgewerbe-in-sh","status":"publish","type":"post","link":"https:\/\/www.europesays.com\/de\/1281148\/","title":{"rendered":"N\u00e4chste Woche Warnstreiks im kommunalen Busgewerbe in SH"},"content":{"rendered":"<p>        <img decoding=\"async\" src=\"https:\/\/www.europesays.com\/de\/wp-content\/uploads\/2026\/09\/warnstreik-452.webp\" alt=\"Kiel: Die Busspur am Hauptahnhof.\" title=\"Kiel: Die Busspur am Hauptahnhof. | Carsten Rehder\/dpa\" class=\"responsive\"\/><\/p>\n<p>AUDIO: Nachrichten 15:00 Uhr &#8211; 03.09.2026 (4 Min)<\/p>\n<p>\n                Stand: 04.09.2026 09:19 Uhr<\/p>\n<p class=\"preface\">Die Gewerkschaft ver.di Nord ruft Besch\u00e4ftigte der kommunalen Busunternehmen in Schleswig-Holstein zum Warnstreik auf. Am 8. und 9. September sollen sie die Arbeit in Kiel, L\u00fcbeck, Flensburg, Neum\u00fcnster und dem Kreis Pl\u00f6n niederlegen.<\/p>\n<p class=\"\">Auch bei der zweiten Verhandlungsrunde f\u00fcr die Besch\u00e4ftigten des kommunalen Nahverkehrs in Schleswig-Holstein gab es am Donnerstag keine Einigung. Ver.di h\u00e4lt das Angebot der Arbeitgeber f\u00fcr &#8222;unakzeptabel&#8220; &#8211; und die Tarifverhandlungen f\u00fcr &#8222;nicht zielf\u00fchrend&#8220;. Der Arbeitgeberverband kann das nicht nachvollziehen: Das Angebot sei ein &#8222;sehr gro\u00dfz\u00fcgiger Kompromiss.&#8220;<\/p>\n<p class=\"\">Um den &#8222;Druck auf die Arbeitgeberseite zu erh\u00f6hen&#8220;, ruft ver.di jetzt zum Warnstreik auf: <strong>Am Dienstag (8.9.) und Mittwoch (9.9.)<\/strong> sollen die Besch\u00e4ftigten der \u00f6ffentlichen Busunternehmen in <a href=\"https:\/\/www.ndr.de\/nachrichten\/schleswig-holstein\/Kiel-Aktuelle-Nachrichten-News-und-Videos,kiel7262.html\" title=\"Kiel - Aktuelle Nachrichten und Videos\" rel=\"nofollow noopener\" target=\"_blank\">Kiel<\/a> (KVG), <a href=\"https:\/\/www.ndr.de\/nachrichten\/schleswig-holstein\/Luebeck-Aktuelle-Nachrichten-und-Videos-,luebeck2802.html\" title=\"L\u00fcbeck - Aktuelle Nachrichten und Videos\" rel=\"nofollow noopener\" target=\"_blank\">L\u00fcbeck<\/a> (Stadtverkehr L\u00fcbeck), <a href=\"https:\/\/www.ndr.de\/nachrichten\/schleswig-holstein\/Flensburg-Nachrichten-Hintergruende-und-Videos,flensburg6034.html\" title=\"Flensburg - Aktuelle Nachrichten und Videos\" rel=\"nofollow noopener\" target=\"_blank\">Flensburg<\/a> (Aktivbus) und <a href=\"https:\/\/www.ndr.de\/nachrichten\/schleswig-holstein\/Neumuenster-Aktuelle-Nachrichten-und-Videos,neumuenster770.html\" title=\"Neum\u00fcnster - Aktuelle Nachrichten und Videos\" rel=\"nofollow noopener\" target=\"_blank\">Neum\u00fcnster<\/a> (SWN) die Arbeit niederlegen. Auch die Mitarbeiter der Verkehrsbetriebe <a href=\"https:\/\/www.ndr.de\/nachrichten\/schleswig-holstein\/Kreis-Ploen-Aktuelle-Nachrichten-und-Videos,ploen198.html\" title=\"Kreis Pl\u00f6n - Aktuelle Nachrichten und Videos\" rel=\"nofollow noopener\" target=\"_blank\">Kreis Pl\u00f6n<\/a> GmbH (VKP) werden demnach in den Warnstreik gehen.<\/p>\n<p>    Arbeitgeber lehnen Sonderzahlung f\u00fcr Ver.di-Mitglieder ab<\/p>\n<p class=\"\">Die Gewerkschaft ver.di hatte f\u00fcr die 1.800 Besch\u00e4ftigten der kommunalen Busbetriebe <strong>6,5 Prozent mehr Geld<\/strong> gefordert. Dazu soll es eine <strong>j\u00e4hrliche Sonderzahlung in H\u00f6he von 650 Euro<\/strong> f\u00fcr ver.di-Mitglieder geben. Angesichts der gestiegenen Lebenshaltungskosten m\u00fcssten die Besch\u00e4ftigten jetzt f\u00fcr die Leistungen der vergangenen Jahre belohnt werden, hei\u00dft es von der Gewerkschaft.<\/p>\n<p class=\"\">Das Gegenangebot der Arbeitgeber: eine <strong>st\u00fcckweise Erh\u00f6hung der Geh\u00e4lter um insgesamt 4,4 Prozent<\/strong>. Damit ber\u00fccksichtige man das ver.di-Argument der gestiegenen Lebenshaltungskosten, so der Kommunale Arbeitgeberverband Schleswig-Holstein (KAV). Doch der Verband spricht sich ausdr\u00fccklich gegen eine Sonderzahlung aus, die nur Gewerkschaftsmitglieder erhalten: &#8222;Sie w\u00e4re mit unseren Satzungsregelungen nicht vereinbar und damit rechtlich unzul\u00e4ssig&#8220;, teilt der KAV mit. Dessen Devise laute: &#8222;Gleiches Geld f\u00fcr gleiche Arbeit.&#8220;<\/p>\n<p>    Arbeitgeberverband: Ver.di-Schwerpunkt liegt auf Arbeitskampf<\/p>\n<p class=\"\">Auf Nachfrage von NDR Schleswig-Holstein erkl\u00e4rt KAV-Gesch\u00e4ftsf\u00fchrer Jan Jacobsen, man habe das Gef\u00fchl, dass der Schwerpunkt bei ver.di inzwischen auf der Durchf\u00fchrung des Arbeitskampfes liege &#8211; nicht aber darauf, die Verhandlungen weiterzuf\u00fchren.<\/p>\n<p class=\"\">Die Tarifverhandlungen dauern seit August an. Laut KAV sollen sie am 22. September fortgesetzt werden.<\/p>\n<p>        <img decoding=\"async\" src=\"https:\/\/www.europesays.com\/de\/wp-content\/uploads\/2026\/06\/buskiel100.webp\" alt=\"Bus in Kiel mit Bewegungsunsch\u00e4rfe.\" title=\"Bus in Kiel mit Bewegungsunsch\u00e4rfe. | NDR, Thomas Viet Dang\" class=\"responsive\" loading=\"lazy\"\/><\/p>\n<p>Die Besch\u00e4ftigten in den kreisfreien St\u00e4dten bekommen unter anderem mehr Geld. Der Durchbruch gelang in der vierten Verhandlungsrunde.<\/p>\n<p>        <img decoding=\"async\" src=\"https:\/\/www.europesays.com\/de\/wp-content\/uploads\/2026\/08\/warnstreik-360.webp\" alt=\"Mitarbeiter und Mitarbeiterinnen der KVG Kiel streiken\" title=\"Mitarbeiter und Mitarbeiterinnen der KVG Kiel streiken | NDR, Moritz Mayer\" class=\"responsive\" loading=\"lazy\"\/><\/p>\n<p>In Kiel, L\u00fcbeck, Flensburg und Neum\u00fcnster ist am Freitag bei den kommunalen Busunternehmen gestreikt worden &#8211; bei den VHH sogar 48 Stunden lang. <\/p>\n","protected":false},"excerpt":{"rendered":"AUDIO: Nachrichten 15:00 Uhr &#8211; 03.09.2026 (4 Min) Stand: 04.09.2026 09:19 Uhr Die Gewerkschaft ver.di Nord ruft Besch\u00e4ftigte&hellip;\n","protected":false},"author":2,"featured_media":1281149,"comment_status":"","ping_status":"","sticky":false,"template":"","format":"standard","meta":{"footnotes":"","_share_on_mastodon":"0"},"categories":[1852],"tags":[629,257811,3364,29,548,663,3934,2085,30,13,4949,257812,2858,14,4186,27499,15,27633,12,1971,26217,2523],"class_list":["post-1281148","post","type-post","status-publish","format-standard","has-post-thumbnail","category-kiel","tag-arbeitgeber","tag-busgewerbe","tag-de","tag-deutschland","tag-eu","tag-europa","tag-europe","tag-flensburg","tag-germany","tag-headlines","tag-kiel","tag-kommunale-busbetriebe","tag-luebeck","tag-nachrichten","tag-nahverkehr","tag-neumuenster","tag-news","tag-oeffentlicher-nahverkehr","tag-schlagzeilen","tag-schleswig-holstein","tag-ver-di","tag-warnstreik"],"share_on_mastodon":{"url":"https:\/\/pubeurope.com\/@de\/117215537538499005","error":""},"_links":{"self":[{"href":"https:\/\/www.europesays.com\/de\/wp-json\/wp\/v2\/posts\/1281148","targetHints":{"allow":["GET"]}}],"collection":[{"href":"https:\/\/www.europesays.com\/de\/wp-json\/wp\/v2\/posts"}],"about":[{"href":"https:\/\/www.europesays.com\/de\/wp-json\/wp\/v2\/types\/post"}],"author":[{"embeddable":true,"href":"https:\/\/www.europesays.com\/de\/wp-json\/wp\/v2\/users\/2"}],"replies":[{"embeddable":true,"href":"https:\/\/www.europesays.com\/de\/wp-json\/wp\/v2\/comments?post=1281148"}],"version-history":[{"count":0,"href":"https:\/\/www.europesays.com\/de\/wp-json\/wp\/v2\/posts\/1281148\/revisions"}],"wp:featuredmedia":[{"embeddable":true,"href":"https:\/\/www.europesays.com\/de\/wp-json\/wp\/v2\/media\/1281149"}],"wp:attachment":[{"href":"https:\/\/www.europesays.com\/de\/wp-json\/wp\/v2\/media?parent=1281148"}],"wp:term":[{"taxonomy":"category","embeddable":true,"href":"https:\/\/www.europesays.com\/de\/wp-json\/wp\/v2\/categories?post=1281148"},{"taxonomy":"post_tag","embeddable":true,"href":"https:\/\/www.europesays.com\/de\/wp-json\/wp\/v2\/tags?post=1281148"}],"curies":[{"name":"wp","href":"https:\/\/api.w.org\/{rel}","templated":true}]}}