{"id":1281154,"date":"2026-09-05T00:13:20","date_gmt":"2026-09-05T00:13:20","guid":{"rendered":"https:\/\/www.europesays.com\/de\/1281154\/"},"modified":"2026-09-05T00:13:20","modified_gmt":"2026-09-05T00:13:20","slug":"fw-mg-gartenlaube-in-vollbrand-presseportal","status":"publish","type":"post","link":"https:\/\/www.europesays.com\/de\/1281154\/","title":{"rendered":"FW-MG: Gartenlaube in Vollbrand | Presseportal"},"content":{"rendered":"<p class=\"date\">05.09.2026 \u2013 00:14<\/p>\n<p class=\"customer\">\n                        <a class=\"story-customer\" title=\"weiter zum newsroom von Feuerwehr M\u00f6nchengladbach\" href=\"https:\/\/www.presseportal.de\/blaulicht\/nr\/115879\" rel=\"nofollow noopener\" target=\"_blank\">Feuerwehr M\u00f6nchengladbach<\/a>\n                    <\/p>\n<p><a class=\"glightbox event-trigger\" href=\"https:\/\/cache.pressmailing.net\/thumbnail\/story_hires\/a5f1e6ce-72e7-4d31-ad37-6ee05f501876\/Logo_PresseBRAND_neu.jpg.jpg\" data-description=\"Brand\" data-category=\"medialightbox\" data-action=\"click\" data-label=\"single\" data-value=\"6a9b42de270000fd2cca489b\" rel=\"nofollow noopener\" target=\"_blank\"><img decoding=\"async\" height=\"540\" with=\"720\" src=\"https:\/\/www.europesays.com\/de\/wp-content\/uploads\/2026\/09\/fw-mg-gartenlaube-in-vollbrand.jpeg\"   alt=\"FW-MG: Gartenlaube in Vollbrand\" class=\"single\"\/><\/a><\/p>\n<p><a data-category=\"citylink-story-view\" data-action=\"click\" data-label=\"Citylink in Meldungsansicht\" class=\"story-city event-trigger\" href=\"https:\/\/www.presseportal.de\/regional\/M%F6nchengladbach-Wickrathberg%2C%2004.09.2026%2C%2019%3A50%20Uhr%2C%20Hochneukircher%20Weg\" title=\"News aus M\u00f6nchengladbach-Wickrathberg, 04.09.2026, 19:50 Uhr, Hochneukircher Weg \" rel=\"nofollow noopener\" target=\"_blank\">M\u00f6nchengladbach-Wickrathberg, 04.09.2026, 19:50 Uhr, Hochneukircher Weg<\/a> (ots)<\/p>\n<p>Gegen 19:50 Uhr wurde die Feuerwehr zu einem Brand am Hochneukircher Weg gerufen. Schon auf der Anfahrt der Einsatzkr\u00e4fte war eine deutliche Rauchentwicklung sichtbar.<br \/>\nAuf einem Gartengrundst\u00fcck brannte eine Gartenlaube, in der sich zwei Motorr\u00e4der befanden. Die Flammen hatten bereits auf umliegendes Buschwerk und einen geparkten PKW \u00fcbergegriffen.<br \/>\nDie Einsatzkr\u00e4fte nahmen zwei C-Rohre vor, um das Feuer einzud\u00e4mmen. Weil der n\u00e4chste Hydrant weit entfernt lag, wurde die Wasserversorgung \u00fcber zwei L\u00f6schfahrzeuge mit Wassertank im Pendelverkehr sichergestellt.<br \/>\nDer Brand konnte schnell gel\u00f6scht werden. Ein Trupp unter Atemschutz suchte mit einem Einrei\u00dfhaken nach Glutnestern und l\u00f6schte diese ab.<br \/>\nDie Laube und die Fahrzeuge wurden durch das Feuer v\u00f6llig zerst\u00f6rt.<\/p>\n<p>Im Einsatz waren der L\u00f6schzug der Feuer- und Rettungswache III (Rheydt), der Abrollbeh\u00e4lter Atemschutz und der Ger\u00e4tewagen Hygiene aus dem Technik- und Logistikzentrum (Holt), die Einheiten Wickrathberg und Wanlo der Freiwilligen Feuerwehr, die Drehleiter der Einheit Wickrath, ein Rettungswagen sowie der F\u00fchrungsdienst der Berufsfeuerwehr.<\/p>\n<p>Einsatzleiter: Brandamtmann Stephan M\u00fcller<\/p>\n<p class=\"contact-headline\">R\u00fcckfragen bitte an:<\/p>\n<p class=\"contact-text\">Stadt M\u00f6nchengladbach<br \/>Fachbereich 37 &#8211; Feuerwehr<br \/>F\u00fchrungs- und Lagezentrum<br \/>Stockholtweg 132<br \/>41238 M\u00f6nchengladbach<\/p>\n<p>Telefon: 02166\/9989-0<br \/>Fax: 02166\/9989-37729<br \/>E-Mail: <a href=\"https:\/\/www.presseportal.de\/blaulicht\/pm\/115879\/mailto:leitstelle.feuerwehr@moenchengladbach.de\" class=\"uri-mailto\" rel=\"nofollow noopener\" target=\"_blank\">leitstelle.feuerwehr@moenchengladbach.de<\/a><br \/><a target=\"_blank\" class=\"uri-ext outbound\" rel=\"noopener nofollow\" href=\"http:\/\/www.feuerwehr-mg.de\/\">http:\/\/www.feuerwehr-mg.de\/<\/a><\/p>\n<p class=\"originator\">Original-Content von: Feuerwehr M\u00f6nchengladbach, \u00fcbermittelt durch news aktuell<\/p>\n","protected":false},"excerpt":{"rendered":"05.09.2026 \u2013 00:14 Feuerwehr M\u00f6nchengladbach M\u00f6nchengladbach-Wickrathberg, 04.09.2026, 19:50 Uhr, Hochneukircher Weg (ots) Gegen 19:50 Uhr wurde die Feuerwehr&hellip;\n","protected":false},"author":2,"featured_media":1281155,"comment_status":"","ping_status":"","sticky":false,"template":"","format":"standard","meta":{"footnotes":"","_share_on_mastodon":"0"},"categories":[1849],"tags":[2919,3364,29,548,663,3934,985,30,13,4455,14,15,1209,176,178,180,179,181,12],"class_list":["post-1281154","post","type-post","status-publish","format-standard","has-post-thumbnail","category-moenchengladbach","tag-brand","tag-de","tag-deutschland","tag-eu","tag-europa","tag-europe","tag-feuerwehr","tag-germany","tag-headlines","tag-moenchengladbach","tag-nachrichten","tag-news","tag-nordrhein-westfalen","tag-nrw","tag-presse","tag-pressemeldung","tag-pressemitteilung","tag-pressemitteilungen","tag-schlagzeilen"],"share_on_mastodon":{"url":"https:\/\/pubeurope.com\/@de\/117215548892079364","error":""},"_links":{"self":[{"href":"https:\/\/www.europesays.com\/de\/wp-json\/wp\/v2\/posts\/1281154","targetHints":{"allow":["GET"]}}],"collection":[{"href":"https:\/\/www.europesays.com\/de\/wp-json\/wp\/v2\/posts"}],"about":[{"href":"https:\/\/www.europesays.com\/de\/wp-json\/wp\/v2\/types\/post"}],"author":[{"embeddable":true,"href":"https:\/\/www.europesays.com\/de\/wp-json\/wp\/v2\/users\/2"}],"replies":[{"embeddable":true,"href":"https:\/\/www.europesays.com\/de\/wp-json\/wp\/v2\/comments?post=1281154"}],"version-history":[{"count":0,"href":"https:\/\/www.europesays.com\/de\/wp-json\/wp\/v2\/posts\/1281154\/revisions"}],"wp:featuredmedia":[{"embeddable":true,"href":"https:\/\/www.europesays.com\/de\/wp-json\/wp\/v2\/media\/1281155"}],"wp:attachment":[{"href":"https:\/\/www.europesays.com\/de\/wp-json\/wp\/v2\/media?parent=1281154"}],"wp:term":[{"taxonomy":"category","embeddable":true,"href":"https:\/\/www.europesays.com\/de\/wp-json\/wp\/v2\/categories?post=1281154"},{"taxonomy":"post_tag","embeddable":true,"href":"https:\/\/www.europesays.com\/de\/wp-json\/wp\/v2\/tags?post=1281154"}],"curies":[{"name":"wp","href":"https:\/\/api.w.org\/{rel}","templated":true}]}}