{"id":1281156,"date":"2026-09-05T00:14:16","date_gmt":"2026-09-05T00:14:16","guid":{"rendered":"https:\/\/www.europesays.com\/de\/1281156\/"},"modified":"2026-09-05T00:14:16","modified_gmt":"2026-09-05T00:14:16","slug":"ballon-ueber-herten-gasballon-sichtung-sorgt-fuer-aufsehen","status":"publish","type":"post","link":"https:\/\/www.europesays.com\/de\/1281156\/","title":{"rendered":"Ballon \u00fcber Herten: Gasballon-Sichtung sorgt f\u00fcr Aufsehen"},"content":{"rendered":"<p>\t\tBallonfahrer im Himmel \u00fcber Herten<br \/>\n\t\t\t\t\tFesselballon, Wetterballon oder gar Spionage?<\/p>\n<p>\t\t\t\t<a class=\"article-author__name\" href=\"https:\/\/www.hertener-allgemeine.de\/author\/harald-landgraf-2\/\" rel=\"author nofollow noopener\" target=\"_blank\">Harald Landgraf<\/a><br \/>\n\t\tRedakteur<\/p>\n<p>    <a href=\"https:\/\/www.hertener-allgemeine.de\/wp-content\/uploads\/2026\/09\/04\/15\/630_0900_6793568_-1648x824.jpg\" rel=\"nofollow noopener\" target=\"_blank\"><\/p>\n<p>            <img decoding=\"async\" fetchpriority=\"high\" src=\"https:\/\/www.europesays.com\/de\/wp-content\/uploads\/2026\/09\/630_0900_6793565_-640x426.jpg\" width=\"640\" height=\"426\"  alt=\"Ballon schlecht aufgel\u00f6st im D\u00e4mmerlicht vor dunklem Himmel.\"\/><\/p>\n<p>    <\/a><br \/>\n    Eine Hertenerin sichtete einen Ballon am Himmel \u00fcber Herten und schickte uns ein Foto. \u00a9 privat<\/p>\n<p class=\"article__teaser-text\">\u00dcber dem Himmel von Herten sichtete eine B\u00fcrgerin morgens in aller Fr\u00fche Ballons am Himmel mit blinkendem Licht in der D\u00e4mmerung. Das hat es damit auf sich.<\/p>\n<p>1 Min Lesezeit<\/p>\n","protected":false},"excerpt":{"rendered":"Ballonfahrer im Himmel \u00fcber Herten Fesselballon, Wetterballon oder gar Spionage? Harald Landgraf Redakteur Eine Hertenerin sichtete einen Ballon&hellip;\n","protected":false},"author":2,"featured_media":1281157,"comment_status":"","ping_status":"","sticky":false,"template":"","format":"standard","meta":{"footnotes":"","_share_on_mastodon":"0"},"categories":[1848],"tags":[264347,3364,29,548,663,3934,3658,30,13,14,15,1209,12,3587],"class_list":["post-1281156","post","type-post","status-publish","format-standard","has-post-thumbnail","category-gelsenkirchen","tag-ballon-wm","tag-de","tag-deutschland","tag-eu","tag-europa","tag-europe","tag-gelsenkirchen","tag-germany","tag-headlines","tag-nachrichten","tag-news","tag-nordrhein-westfalen","tag-schlagzeilen","tag-verkehr-mobilitaet"],"share_on_mastodon":{"url":"https:\/\/pubeurope.com\/@de\/117215552074315680","error":""},"_links":{"self":[{"href":"https:\/\/www.europesays.com\/de\/wp-json\/wp\/v2\/posts\/1281156","targetHints":{"allow":["GET"]}}],"collection":[{"href":"https:\/\/www.europesays.com\/de\/wp-json\/wp\/v2\/posts"}],"about":[{"href":"https:\/\/www.europesays.com\/de\/wp-json\/wp\/v2\/types\/post"}],"author":[{"embeddable":true,"href":"https:\/\/www.europesays.com\/de\/wp-json\/wp\/v2\/users\/2"}],"replies":[{"embeddable":true,"href":"https:\/\/www.europesays.com\/de\/wp-json\/wp\/v2\/comments?post=1281156"}],"version-history":[{"count":0,"href":"https:\/\/www.europesays.com\/de\/wp-json\/wp\/v2\/posts\/1281156\/revisions"}],"wp:featuredmedia":[{"embeddable":true,"href":"https:\/\/www.europesays.com\/de\/wp-json\/wp\/v2\/media\/1281157"}],"wp:attachment":[{"href":"https:\/\/www.europesays.com\/de\/wp-json\/wp\/v2\/media?parent=1281156"}],"wp:term":[{"taxonomy":"category","embeddable":true,"href":"https:\/\/www.europesays.com\/de\/wp-json\/wp\/v2\/categories?post=1281156"},{"taxonomy":"post_tag","embeddable":true,"href":"https:\/\/www.europesays.com\/de\/wp-json\/wp\/v2\/tags?post=1281156"}],"curies":[{"name":"wp","href":"https:\/\/api.w.org\/{rel}","templated":true}]}}