{"id":1281177,"date":"2026-09-05T00:30:27","date_gmt":"2026-09-05T00:30:27","guid":{"rendered":"https:\/\/www.europesays.com\/de\/1281177\/"},"modified":"2026-09-05T00:30:27","modified_gmt":"2026-09-05T00:30:27","slug":"hsv-wuppertal-praesentiert-sich-zur-saisoneroeffnung-mit-vielen-teams-stark","status":"publish","type":"post","link":"https:\/\/www.europesays.com\/de\/1281177\/","title":{"rendered":"HSV-Wuppertal pr\u00e4sentiert sich zur Saisoner\u00f6ffnung mit vielen Teams stark"},"content":{"rendered":"<p class=\"text_ohne_einzug richtext text-em-55 !leading-serif mx-6 desktop:mx-0\">Zweites pralles Handballwochenende in Folge beim HSV Wuppertal zur Saisoner\u00f6ffnung. An diesem Samstag stellen sich m\u00e4nnliche und weibliche D-Jugend und abends m\u00e4nnliche B-Jugend und Oberliga-Damen mit Spielen vor. Am Sonntag sind vormittags die weibliche E-Jugend, nachmittags die m\u00e4nnliche E-Jugend und anschlie\u00dfend die C-Jugendteams am Ball, darunter die neue Oberliga-Mannschaft. Am vergangenen Wochenende hatten sich unter anderem die weiblichen B- und A-Jugendteams, die sich f\u00fcr die Oberliga qualifiziert haben, gegen starke Testgegner gut pr\u00e4sentiert. Die A-Jugend gewann gegen Nordrheinligist Wermelskirchener TV 24:20 und spielte gegen den TV Verl, der nur knapp in der Quali zur Bundesliga gescheitert war, 25:41. Die B-Jugend unterlag dem TV Arnsberg mit 24:27 und besiegte Fortuna D\u00fcsseldorf mit 27:22. Ein eigentlich geplantes Testspiel der Verbandsliga-Herren konnte nicht stattfinden, weil der Gegner kurzfristig abgesagt hatte. H\u00f6hepunkt des Wochenendes war das Spiel der Oberliga-Damen gegen den TV Ratingen, der in der Parallelgruppe in der vergangenen Saison Vierter geworden war. Die Mannschaft von Lukas P\u00fctz gewann mit 29:22, wozu auch die Neuzug\u00e4nge Lara Schirrmacher (Linksau\u00dfen) und Clara Brands (R\u00fcckraum-Mitte) mit Toren beitrugen. gh<\/p>\n","protected":false},"excerpt":{"rendered":"Zweites pralles Handballwochenende in Folge beim HSV Wuppertal zur Saisoner\u00f6ffnung. An diesem Samstag stellen sich m\u00e4nnliche und weibliche&hellip;\n","protected":false},"author":2,"featured_media":1281178,"comment_status":"","ping_status":"","sticky":false,"template":"","format":"standard","meta":{"footnotes":"","_share_on_mastodon":"0"},"categories":[1840],"tags":[25949,3364,29,30,12421,5075,1635,218578,77826,1209,12006,68660,10078,29575,4418],"class_list":["post-1281177","post","type-post","status-publish","format-standard","has-post-thumbnail","category-wuppertal","tag-damen","tag-de","tag-deutschland","tag-germany","tag-gewann","tag-hsv","tag-jugend","tag-jugendteams","tag-maennliche","tag-nordrhein-westfalen","tag-oberliga","tag-praesentiert","tag-ratingen","tag-weibliche","tag-wuppertal"],"share_on_mastodon":{"url":"https:\/\/pubeurope.com\/@de\/117215613866440127","error":""},"_links":{"self":[{"href":"https:\/\/www.europesays.com\/de\/wp-json\/wp\/v2\/posts\/1281177","targetHints":{"allow":["GET"]}}],"collection":[{"href":"https:\/\/www.europesays.com\/de\/wp-json\/wp\/v2\/posts"}],"about":[{"href":"https:\/\/www.europesays.com\/de\/wp-json\/wp\/v2\/types\/post"}],"author":[{"embeddable":true,"href":"https:\/\/www.europesays.com\/de\/wp-json\/wp\/v2\/users\/2"}],"replies":[{"embeddable":true,"href":"https:\/\/www.europesays.com\/de\/wp-json\/wp\/v2\/comments?post=1281177"}],"version-history":[{"count":0,"href":"https:\/\/www.europesays.com\/de\/wp-json\/wp\/v2\/posts\/1281177\/revisions"}],"wp:featuredmedia":[{"embeddable":true,"href":"https:\/\/www.europesays.com\/de\/wp-json\/wp\/v2\/media\/1281178"}],"wp:attachment":[{"href":"https:\/\/www.europesays.com\/de\/wp-json\/wp\/v2\/media?parent=1281177"}],"wp:term":[{"taxonomy":"category","embeddable":true,"href":"https:\/\/www.europesays.com\/de\/wp-json\/wp\/v2\/categories?post=1281177"},{"taxonomy":"post_tag","embeddable":true,"href":"https:\/\/www.europesays.com\/de\/wp-json\/wp\/v2\/tags?post=1281177"}],"curies":[{"name":"wp","href":"https:\/\/api.w.org\/{rel}","templated":true}]}}