{"id":1281203,"date":"2026-09-05T00:45:19","date_gmt":"2026-09-05T00:45:19","guid":{"rendered":"https:\/\/www.europesays.com\/de\/1281203\/"},"modified":"2026-09-05T00:45:19","modified_gmt":"2026-09-05T00:45:19","slug":"buergerfest-in-bonn-steinmeier-zusammenstehen-gegen-demokratie-veraechter-kultur","status":"publish","type":"post","link":"https:\/\/www.europesays.com\/de\/1281203\/","title":{"rendered":"B\u00fcrgerfest in Bonn &#8211; Steinmeier: Zusammenstehen gegen Demokratie-Ver\u00e4chter &#8211; Kultur"},"content":{"rendered":"<p data-manual=\"paragraph\" data-schema-org-speakable=\"true\" class=\"css-1eosz7k\">Bonn (dpa) &#8211; <a href=\"https:\/\/www.sueddeutsche.de\/thema\/Bundespr%C3%A4sident\" rel=\"nofollow noopener\" target=\"_blank\">Bundespr\u00e4sident<\/a> Frank-Walter Steinmeier hat dazu aufgerufen, Demokratie und Rechtsstaat vor denen zu sch\u00fctzen, \u201edie all das verachten und mit F\u00fc\u00dfen treten\u201c. Bei der Er\u00f6ffnung eines B\u00fcrgerfests mit 2.000 ehrenamtlich engagierten B\u00fcrgerinnen und B\u00fcrgern in der Villa Hammerschmidt in Bonn sagte Steinmeier: \u201eV\u00f6lkisches Denken und nationalistische Abschottung, das sind eben keine Antwort auf die Herausforderungen des 21. Jahrhunderts.\u201c<\/p>\n<p data-manual=\"paragraph\" data-schema-org-speakable=\"true\" class=\"css-1eosz7k\">Steinmeier, der im M\u00e4rz nach zehn Jahren aus dem Amt scheidet, beschrieb die freiheitliche Demokratie als \u201eErrungenschaft\u201c und \u201eGl\u00fcck f\u00fcr uns alle\u201c. Er appellierte: \u201eH\u00fcten wir sie gut! Stehen wir zusammen! Sch\u00fctzen und verteidigen wir sie gegen die Ver\u00e4chter der Demokratie!\u201c Dabei helfe es, sich klarzumachen, dass die Menschen, die die Demokratie sch\u00fctzen und erhalten wollten, die Mehrheit darstellten.\u00a0<\/p>\n<p data-manual=\"paragraph\" data-schema-org-speakable=\"true\" class=\"css-1eosz7k\">Aus Wut und Emp\u00f6rung entstehe dagegen keine Perspektive. \u201eMit Hass und Hetze baut man keine Zukunft.\u201c An die ehrenamtlich Engagierten gerichtet, sagte Steinmeier: \u201eWir brauchen gerade jetzt Menschen wie Sie, und Sie alle brauchen die Unterst\u00fctzung der vielen in unserem Land, der gro\u00dfen, oft zu stillen Mehrheit.\u201c<\/p>\n<p>Steinmeier empfiehlt Klimaleugnern einen Blick auf den Rhein<\/p>\n<p data-manual=\"paragraph\" data-schema-org-speakable=\"true\" class=\"css-1eosz7k\">Die fr\u00fchere Bundeshauptstadt Bonn, in der das Grundgesetz erarbeitet wurde, stehe in besonderer Weise f\u00fcr den demokratischen Neuanfang Deutschlands nach der nationalsozialistischen Diktatur. Als heutiger Sitz zahlreicher UN-Organisationen sei es auch ein Beispiel f\u00fcr internationale Zusammenarbeit. \u201eNicht erst die Katastrophe von Nepal sollte doch klargemacht haben: Nur als globale Verantwortungsgemeinschaft haben wir eine Chance, den Trend der immer weiter voranschreitenden Erderw\u00e4rmung umzukehren und die menschliche Zivilisation auf nachhaltige Grundlagen zu stellen\u201c, sagte Steinmeier. \u201eWir brauchen nicht weniger, wir brauchen mehr internationale Zusammenarbeit. Und wer nach diesem extremen Hitzesommer immer noch behauptet, es gebe keinen Klimawandel, dem empfehle ich einen Blick auf die Pegelst\u00e4nde der Fl\u00fcsse in diesem Sommer.\u201c<\/p>\n<p data-manual=\"paragraph\" data-schema-org-speakable=\"true\" class=\"css-1eosz7k\">Extrem viele Hitzetage, Ernteausf\u00e4lle, eine fast lahmgelegte Binnenschifffahrt, verheerende Waldbr\u00e4nde &#8211; all das zeige: \u201eWir brauchen weltweit einen noch entschiedeneren Kampf gegen den Klimawandel. Aber wir brauchen ausgerechnet doch jetzt nicht noch Leugner des Klimawandels in den Regierungen!\u201c<\/p>\n<p data-manual=\"paragraph\" data-schema-org-speakable=\"true\" class=\"css-1eosz7k\">\u00a9 dpa-infocom, dpa:260904-930-635037\/1<\/p>\n","protected":false},"excerpt":{"rendered":"Bonn (dpa) &#8211; Bundespr\u00e4sident Frank-Walter Steinmeier hat dazu aufgerufen, Demokratie und Rechtsstaat vor denen zu sch\u00fctzen, \u201edie all&hellip;\n","protected":false},"author":2,"featured_media":1281204,"comment_status":"","ping_status":"","sticky":false,"template":"","format":"standard","meta":{"footnotes":"","_share_on_mastodon":"0"},"categories":[1842],"tags":[11524,1741,14489,3364,29,22935,20785,30,1420,80,1209,149],"class_list":["post-1281203","post","type-post","status-publish","format-standard","has-post-thumbnail","category-bonn","tag-villa-hammerschmidt","tag-bonn","tag-bundespraesident","tag-de","tag-deutschland","tag-fest-kultur","tag-feste","tag-germany","tag-koeln","tag-kultur","tag-nordrhein-westfalen","tag-sueddeutsche-zeitung"],"share_on_mastodon":{"url":"https:\/\/pubeurope.com\/@de\/117215672819987417","error":""},"_links":{"self":[{"href":"https:\/\/www.europesays.com\/de\/wp-json\/wp\/v2\/posts\/1281203","targetHints":{"allow":["GET"]}}],"collection":[{"href":"https:\/\/www.europesays.com\/de\/wp-json\/wp\/v2\/posts"}],"about":[{"href":"https:\/\/www.europesays.com\/de\/wp-json\/wp\/v2\/types\/post"}],"author":[{"embeddable":true,"href":"https:\/\/www.europesays.com\/de\/wp-json\/wp\/v2\/users\/2"}],"replies":[{"embeddable":true,"href":"https:\/\/www.europesays.com\/de\/wp-json\/wp\/v2\/comments?post=1281203"}],"version-history":[{"count":0,"href":"https:\/\/www.europesays.com\/de\/wp-json\/wp\/v2\/posts\/1281203\/revisions"}],"wp:featuredmedia":[{"embeddable":true,"href":"https:\/\/www.europesays.com\/de\/wp-json\/wp\/v2\/media\/1281204"}],"wp:attachment":[{"href":"https:\/\/www.europesays.com\/de\/wp-json\/wp\/v2\/media?parent=1281203"}],"wp:term":[{"taxonomy":"category","embeddable":true,"href":"https:\/\/www.europesays.com\/de\/wp-json\/wp\/v2\/categories?post=1281203"},{"taxonomy":"post_tag","embeddable":true,"href":"https:\/\/www.europesays.com\/de\/wp-json\/wp\/v2\/tags?post=1281203"}],"curies":[{"name":"wp","href":"https:\/\/api.w.org\/{rel}","templated":true}]}}