{"id":1281209,"date":"2026-09-05T00:49:20","date_gmt":"2026-09-05T00:49:20","guid":{"rendered":"https:\/\/www.europesays.com\/de\/1281209\/"},"modified":"2026-09-05T00:49:20","modified_gmt":"2026-09-05T00:49:20","slug":"deutschlands-hoechste-doenerladen-dichte-wie-steht-es-um-nuernberg","status":"publish","type":"post","link":"https:\/\/www.europesays.com\/de\/1281209\/","title":{"rendered":"Deutschlands h\u00f6chste D\u00f6nerladen-Dichte: Wie steht es um N\u00fcrnberg?"},"content":{"rendered":"<p class=\"desc-read\"><strong><br \/>\n           Eine neue Auswertung vergleicht die Zahl der D\u00f6nerl\u00e4den in deutschen Gro\u00dfst\u00e4dten. Besonders hoch ist die D\u00f6nerladen-Dichte in Duisburg. Wie schneidet N\u00fcrnberg ab?<br \/>\n          <\/strong>\n          <\/p>\n<p>In den vergangenen Jahren kam es vielerorts in Franken zu Neuer\u00f6ffnungen von D\u00f6nerl\u00e4den. Oftmals sorgen die Imbisse an ihrem Er\u00f6ffnungstag mit 1-Cent-Aktionen f\u00fcr lange Schlangen, wie zum Beispiel in <a href=\"https:\/\/www.infranken.de\/lk\/fuerth\/gastronomie\/doener-fuer-1-cent-in-fuerth-berliner-doener-eroeffnet-neuen-standort-art-6275975\" target=\"_blank\" title=\"D\u00f6ner f\u00fcr 1 Cent in F\u00fcrth: &quot;Berliner D\u00f6ner&quot; er\u00f6ffnet neuen Standort\" rel=\"nofollow noopener\">F\u00fcrth im Oktober 2025<\/a> oder in <a href=\"https:\/\/www.infranken.de\/lk\/bamberg\/gastronomie\/original-berliner-doener-eroeffnung-bamberg-luitpoldstrasse-ein-cent-aktion-neuer-laden-hivar-saeeid-art-6013049\" target=\"_blank\" title=\"Beliebte D\u00f6ner-Kette er\u00f6ffnet heute in Bamberg - 1-Cent-Angebot\" rel=\"nofollow noopener\">Bamberg im April 2025<\/a>.\u00a0Die Online-Datenplattform Listflix\u00a0hat k\u00fcrzlich in einem Ranking einen Blick auf die deutschen St\u00e4dte mit der h\u00f6chsten D\u00f6nerladen-Dichte geworfen. Dabei wurden alle St\u00e4dte mit mindestens 200.000 Einwohnern ber\u00fccksichtigt.<\/p>\n<p>Etwa 40 mit solch einer Gr\u00f6\u00dfe gibt es in Deutschland. F\u00fcr die Statistik dividierte das Team nach eigenen Angaben die Anzahl der D\u00f6nerl\u00e4den pro Stadt durch die Anzahl der dortigen Einwohner und multiplizierte dies mit 100.000, um das D\u00f6nerladen-Aufkommen zu ermitteln. Unter den Top-30-St\u00e4dten findet sich auch eine fr\u00e4nkische. Wo unsere Leser <a href=\"https:\/\/www.infranken.de\/lk\/franken\/gastronomie\/die-besten-doener-laeden-in-franken-das-sind-die-favoriten-unserer-leser-art-6370062\" target=\"_blank\" rel=\"noopener nofollow\" title=\"Die besten D\u00f6nerl\u00e4den in Franken - das sind eure Favoriten\">in Franken am liebsten ihren D\u00f6ner essen<\/a>, haben wir bereits in einem anderen Artikel behandelt.\u00a0<\/p>\n<p>H\u00f6chste D\u00f6nerladen-Dichte: N\u00fcrnberg vor M\u00fcnchen und Berlin<\/p>\n<p>Das Online-Portal weist darauf hin, dass das Ranking nur rechtlich selbstst\u00e4ndige D\u00f6nerl\u00e4den umfasst. Filialen werden nicht als separate Standorte gez\u00e4hlt, weshalb die Ergebnisse die Unternehmensdichte und nicht die vollst\u00e4ndige Standortdichte abbilden. M\u00fcnchen ist in den Top 30 nicht enthalten, daf\u00fcr aber Augsburg auf Platz 4. N\u00fcrnberg landet auf Platz 22. Die Frankenmetropole beheimatet laut Auswertung etwa sieben D\u00f6nerl\u00e4den pro 100.000 Einwohner. Duisburg schl\u00e4gt alle St\u00e4dte mit rund 13 L\u00e4den.<\/p>\n<p>                \t                            \t                    <a href=\"https:\/\/www.infranken.de\/videos\/franken\/doener-fans-aufgepasst-die-6-lieblingsimbisse-sts-480254\" rel=\"nofollow noopener\" target=\"_blank\">Zum Video &#8222;D\u00f6ner-Fans aufgepasst: Die 6 Lieblingsimbisse&#8220;<\/a>                  <\/p>\n<ol>\n<li>Duisburg 13,34<\/li>\n<li>Mannheim 13,21<\/li>\n<li>Kiel 11,48<\/li>\n<li>Augsburg 11,29<\/li>\n<li>Aachen 10,66<\/li>\n<li>L\u00fcbeck 10,14<\/li>\n<li>Oberhausen 9,83<\/li>\n<li>Karlsruhe 9,38<\/li>\n<li>Gelsenkirchen 9,33<\/li>\n<li>Hannover 9,19\u00a0<\/li>\n<li>M\u00fcnster 9,08<\/li>\n<li>Hamburg 9,02<\/li>\n<li>M\u00f6nchengladbach 8,98<\/li>\n<li>Stuttgart 8,98<\/li>\n<li>Bremen 8,70<\/li>\n<li>K\u00f6ln 8,69<\/li>\n<li>Mainz 8,46<\/li>\n<li>Dortmund 7,95<\/li>\n<li>Frankfurt am Main 7,54<\/li>\n<li>Rostock 7,31\u00a0<\/li>\n<li>Bochum 7,25<\/li>\n<li>N\u00fcrnberg 7,18<\/li>\n<li>Freiburg im Breisgau 6,74<\/li>\n<li>Wiesbaden 6,58<\/li>\n<li>Chemnitz 6,51<\/li>\n<li>Essen 6,44<\/li>\n<li>Braunschweig 6,33<\/li>\n<li>Bielefeld 6,03\u00a0<\/li>\n<li>Berlin 5,94<\/li>\n<li>Erfurt 5,48<\/li>\n<\/ol>\n<p>In N\u00fcrnberg z\u00e4hlt Listflix insgesamt 38 D\u00f6nerl\u00e4den bei 529.508 Einwohnern. In Augsburg liegen 34 bei 301.105 Einwohnern. &#8222;Mit 13,34 erfassten D\u00f6nerbetrieben pro 100.000 Einwohner ist die Dichte in Duisburg rund 2,25-mal so hoch wie in Berlin. Bei der absoluten Zahl liegt Berlin mit 219 Betrieben jedoch deutlich vor Duisburg mit 67. Das zeigt, wie stark sich das Bild ver\u00e4ndert, wenn die Unternehmenszahl ins Verh\u00e4ltnis zur Einwohnerzahl gesetzt wird&#8220;, betont Branchenanalyst Maximilian Wieser. Weitere <a href=\"https:\/\/www.infranken.de\/lk\/nuernberg\/\" target=\"_blank\" title=\"N\u00fcrnberg\" rel=\"nofollow noopener\">Nachrichten aus N\u00fcrnberg und der Umgebung<\/a>\u00a0gibt es in unserem Lokalressort.\u00a0<\/p>\n","protected":false},"excerpt":{"rendered":"Eine neue Auswertung vergleicht die Zahl der D\u00f6nerl\u00e4den in deutschen Gro\u00dfst\u00e4dten. Besonders hoch ist die D\u00f6nerladen-Dichte in Duisburg.&hellip;\n","protected":false},"author":2,"featured_media":1279928,"comment_status":"","ping_status":"","sticky":false,"template":"","format":"standard","meta":{"footnotes":"","_share_on_mastodon":"0"},"categories":[1837],"tags":[772,3364,29,30,3783],"class_list":["post-1281209","post","type-post","status-publish","format-standard","has-post-thumbnail","category-nuernberg","tag-bayern","tag-de","tag-deutschland","tag-germany","tag-nuernberg"],"share_on_mastodon":{"url":"https:\/\/pubeurope.com\/@de\/117215688700801223","error":""},"_links":{"self":[{"href":"https:\/\/www.europesays.com\/de\/wp-json\/wp\/v2\/posts\/1281209","targetHints":{"allow":["GET"]}}],"collection":[{"href":"https:\/\/www.europesays.com\/de\/wp-json\/wp\/v2\/posts"}],"about":[{"href":"https:\/\/www.europesays.com\/de\/wp-json\/wp\/v2\/types\/post"}],"author":[{"embeddable":true,"href":"https:\/\/www.europesays.com\/de\/wp-json\/wp\/v2\/users\/2"}],"replies":[{"embeddable":true,"href":"https:\/\/www.europesays.com\/de\/wp-json\/wp\/v2\/comments?post=1281209"}],"version-history":[{"count":0,"href":"https:\/\/www.europesays.com\/de\/wp-json\/wp\/v2\/posts\/1281209\/revisions"}],"wp:featuredmedia":[{"embeddable":true,"href":"https:\/\/www.europesays.com\/de\/wp-json\/wp\/v2\/media\/1279928"}],"wp:attachment":[{"href":"https:\/\/www.europesays.com\/de\/wp-json\/wp\/v2\/media?parent=1281209"}],"wp:term":[{"taxonomy":"category","embeddable":true,"href":"https:\/\/www.europesays.com\/de\/wp-json\/wp\/v2\/categories?post=1281209"},{"taxonomy":"post_tag","embeddable":true,"href":"https:\/\/www.europesays.com\/de\/wp-json\/wp\/v2\/tags?post=1281209"}],"curies":[{"name":"wp","href":"https:\/\/api.w.org\/{rel}","templated":true}]}}