{"id":1281241,"date":"2026-09-05T01:12:17","date_gmt":"2026-09-05T01:12:17","guid":{"rendered":"https:\/\/www.europesays.com\/de\/1281241\/"},"modified":"2026-09-05T01:12:17","modified_gmt":"2026-09-05T01:12:17","slug":"vfb-stuttgart-gibt-stuermer-arevalo-ab-baden-wuerttemberg","status":"publish","type":"post","link":"https:\/\/www.europesays.com\/de\/1281241\/","title":{"rendered":"VfB Stuttgart gibt St\u00fcrmer Ar\u00e9valo ab &#8211; Baden-W\u00fcrttemberg"},"content":{"rendered":"<p>Stuttgart (dpa\/lsw) &#8211; Der VfB Stuttgart verkleinert weiter seinen Kader. Nach nur einem guten halben Jahr verl\u00e4sst wie erwartet St\u00fcrmer Jeremy Ar\u00e9valo die in der Offensive stark aufgestellten Schwaben wieder. Der 21 Jahre alte Nationalspieler Ecuadors wechselt auf Leihbasis zum portugiesischen Erstligisten Estrela Amadora, wie der VfB nach dem 4:1 gegen den 1. FC K\u00f6ln mitteilte.\u00a0<\/p>\n<p>\u00abF\u00fcr Jeremy ist die Leihe zu Estrela Amadora zum jetzigen Zeitpunkt der richtige Karriereschritt, um in der<\/p>\n","protected":false},"excerpt":{"rendered":"Stuttgart (dpa\/lsw) &#8211; Der VfB Stuttgart verkleinert weiter seinen Kader. Nach nur einem guten halben Jahr verl\u00e4sst wie&hellip;\n","protected":false},"author":2,"featured_media":1281242,"comment_status":"","ping_status":"","sticky":false,"template":"","format":"standard","meta":{"footnotes":"","_share_on_mastodon":"0"},"categories":[1830],"tags":[1634,299,3364,29,347,30,4823,1209,7118,265,1441,1288,2915],"class_list":["post-1281241","post","type-post","status-publish","format-standard","has-post-thumbnail","category-stuttgart","tag-baden-wuerttemberg","tag-bundesliga","tag-de","tag-deutschland","tag-fussball","tag-germany","tag-meldung","tag-nordrhein-westfalen","tag-portugal","tag-sport","tag-stuttgart","tag-transfers","tag-vfb-stuttgart"],"share_on_mastodon":{"url":"https:\/\/pubeurope.com\/@de\/117215778859665847","error":""},"_links":{"self":[{"href":"https:\/\/www.europesays.com\/de\/wp-json\/wp\/v2\/posts\/1281241","targetHints":{"allow":["GET"]}}],"collection":[{"href":"https:\/\/www.europesays.com\/de\/wp-json\/wp\/v2\/posts"}],"about":[{"href":"https:\/\/www.europesays.com\/de\/wp-json\/wp\/v2\/types\/post"}],"author":[{"embeddable":true,"href":"https:\/\/www.europesays.com\/de\/wp-json\/wp\/v2\/users\/2"}],"replies":[{"embeddable":true,"href":"https:\/\/www.europesays.com\/de\/wp-json\/wp\/v2\/comments?post=1281241"}],"version-history":[{"count":0,"href":"https:\/\/www.europesays.com\/de\/wp-json\/wp\/v2\/posts\/1281241\/revisions"}],"wp:featuredmedia":[{"embeddable":true,"href":"https:\/\/www.europesays.com\/de\/wp-json\/wp\/v2\/media\/1281242"}],"wp:attachment":[{"href":"https:\/\/www.europesays.com\/de\/wp-json\/wp\/v2\/media?parent=1281241"}],"wp:term":[{"taxonomy":"category","embeddable":true,"href":"https:\/\/www.europesays.com\/de\/wp-json\/wp\/v2\/categories?post=1281241"},{"taxonomy":"post_tag","embeddable":true,"href":"https:\/\/www.europesays.com\/de\/wp-json\/wp\/v2\/tags?post=1281241"}],"curies":[{"name":"wp","href":"https:\/\/api.w.org\/{rel}","templated":true}]}}