{"id":1281243,"date":"2026-09-05T01:13:22","date_gmt":"2026-09-05T01:13:22","guid":{"rendered":"https:\/\/www.europesays.com\/de\/1281243\/"},"modified":"2026-09-05T01:13:22","modified_gmt":"2026-09-05T01:13:22","slug":"grossuebung-in-frankfurt-sechs-tage-lang-probt-die-stadt-den-ernstfall","status":"publish","type":"post","link":"https:\/\/www.europesays.com\/de\/1281243\/","title":{"rendered":"Gro\u00df\u00fcbung in Frankfurt: Sechs Tage lang probt die Stadt den Ernstfall"},"content":{"rendered":"<ol class=\"id-DonaldBreadcrumb lp_west_breadcrumb id-DonaldBreadcrumb--default\" data-k5a-pos=\"west_breadcrumb\">\n<li class=\"id-Breadcrumb-item\"><a href=\"https:\/\/www.fnp.de\/\" class=\"id-Breadcrumb-link\" data-id-ec=\"{\" shn=\"\" textlink=\"\" data-k5a-pos=\"1_startseite\" rel=\"nofollow noopener\" target=\"_blank\">Startseite<\/a><\/li>\n<li class=\"id-Breadcrumb-item\"><a href=\"https:\/\/www.fnp.de\/frankfurt\/\" class=\"id-Breadcrumb-link\" data-id-ec=\"{\" shn=\"\" textlink=\"\" data-k5a-pos=\"2_frankfurt\" rel=\"nofollow noopener\" target=\"_blank\">Frankfurt<\/a><\/li>\n<\/ol>\n<p class=\"id-Story-timestamp id-Story-timestamp--default\">Stand: 04.09.2026, 18:00 Uhr<\/p>\n<p class=\"id-Story-authors id-Story-authors--default\">Von: <a class=\"id-Story-authors-link lp_west_author\" href=\"https:\/\/www.fnp.de\/autor\/nora-kraft-r5gum4w1.html\" title=\"Zur Autorenseite von Nora Kraft\" data-id-ec=\"{\" shn=\"\" author-link=\"\" kraft=\"\" data-k5a-pos=\"west_author\" rel=\"nofollow noopener\" target=\"_blank\">Nora Kraft<\/a><\/p>\n<p class=\"id-Story-interactionBar id-Story-interactionBar--default\">DruckenTeilen<\/p>\n<p><a href=\"https:\/\/profile.google.com\/cp\/CgsvZy8xMjB2ejBzORoA\" class=\"id-Story-googleFollowButton id-Story-googleFollowButton--default\" target=\"_blank\" data-id-ec=\"{\" shn=\"\" google-follow=\"\" auf=\"\" google=\"\" folgen=\"\" rel=\"nofollow noopener\">Uns auf Google folgen<\/a><img decoding=\"async\" class=\"id-RatioPlaceholder-element wv_story_el_image\" src=\"https:\/\/www.europesays.com\/de\/wp-content\/uploads\/2026\/09\/43971433-bei-der-grossuebung-in-frankfurt-werden-verschiedene-behoerden-eng-zusammenarbeiten-symbolb.jpeg\" loading=\"eager\" fetchpriority=\"high\"   height=\"792\" width=\"1408\" alt=\"Bei der Gro&#xDF;&#xFC;bung in Frankfurt werden verschiedene Beh&#xF6;rden eng zusammenarbeiten. (Symbolbild)\"\/>Bei der Gro\u00df\u00fcbung in Frankfurt werden verschiedene Beh\u00f6rden eng zusammenarbeiten. (Symbolbild) \u00a9\u00a0Imago<\/p>\n<p class=\"id-StoryElement-leadText\">Eine Woche lang steht Frankfurt im Zeichen des Bev\u00f6lkerungsschutzes. Beh\u00f6rden und Helfer \u00fcben gemeinsam f\u00fcr Stromausf\u00e4lle und Naturkatastrophen.<\/p>\n<p class=\"id-StoryElement-paragraph\">Frankfurt \u2013 Feuerwehr, Polizei, Hilfsorganisationen und st\u00e4dtische \u00c4mter r\u00fcsten sich gemeinsam f\u00fcr Krisen \u2013 von Stromausf\u00e4llen bis zu Cyberangriffen. Vom 7. bis 12. September l\u00e4uft in Frankfurt die Bev\u00f6lkerungsschutz\u00fcbung \u201e\u00dcB\u2018s! 2026\u201c.<\/p>\n<p class=\"id-StoryElement-paragraph\">Wer in diesen sechs Tagen vermehrt Blaulicht durch Frankfurts Stra\u00dfen rollen sieht, muss nicht beunruhigt sein. Die sichtbare Pr\u00e4senz von Einsatzkr\u00e4ften und Fahrzeugen ist ausdr\u00fccklich Teil des Trainingskonzepts, wie die Feuerwehr Frankfurt mitteilt. Neben Stabs\u00fcbungen im Hintergrund finden auch operative Einheiten im gesamten Stadtgebiet statt.<\/p>\n<p>Gro\u00df\u00fcbung in Frankfurt<\/p>\n<p class=\"id-StoryElement-paragraph\">Das Motto der diesj\u00e4hrigen \u00dcbung lautet \u201eMehr ins \u00dcben kommen!\u201c \u2013 und der Anspruch dahinter ist klar: Entscheidungswege sollen beschleunigt, Zust\u00e4ndigkeiten gesch\u00e4rft und die Zusammenarbeit zwischen Beh\u00f6rden und Organisationen gefestigt werden.<\/p>\n<p class=\"id-StoryElement-paragraph\">Die \u201e\u00dcB\u2018s! 2026\u201c ist laut Ank\u00fcndigung der Feuerwehr explizit auf hybride Bedrohungslagen ausgerichtet. Ob ein fl\u00e4chendeckender Stromausfall, ein Angriff auf digitale Infrastruktur, eine Pandemie oder eine Naturkatastrophe \u2013 in solchen Situationen m\u00fcssen viele Stellen gleichzeitig und koordiniert reagieren.<\/p>\n<p>Vom Cyberangriff bis zur Naturkatastrophe: F\u00fcr den Ernstfall ger\u00fcstet sein<\/p>\n<p class=\"id-StoryElement-paragraph\">Der zeitliche Ablauf ist dabei klar strukturiert, so die Feuerwehr: Den Auftakt macht der 7. September. Von Dienstag bis Donnerstag (8. bis 10. September) steht das Krisenmanagement der Stadt im Fokus \u2013 gemeinsam mit dem operativ-taktischen F\u00fchrungsstab der Feuerwehr und Fachberatern, darunter Vertreter der Polizei.<\/p>\n<p class=\"id-StoryElement-paragraph\">Am Wochenende (11. und 12. September) r\u00fccken die operativen F\u00e4higkeiten in den Mittelpunkt. Am Osthafen findet dabei erneut die Katastrophenschutz\u00fcbung \u201eFrankopia\u201c statt. Mit dabei sind laut Feuerwehr Frankfurt ehrenamtliche Kr\u00e4fte des Deutschen Roten Kreuzes, des Malteser Hilfsdienstes, der Johanniter-Unfall-Hilfe, des Arbeiter-Samariter-Bunds, des Technischen Hilfswerks, der Deutschen Lebens-Rettungs-Gesellschaft sowie der Freiwilligen Feuerwehren.<\/p>\n<p>Austausch mit ukrainischem Zivilschutz<\/p>\n<p class=\"id-StoryElement-paragraph\">Besondere G\u00e4ste werden ebenfalls erwartet: Eine Delegation des ukrainischen Zivilschutzes reist nach Frankfurt, um sich mit den Beteiligten \u00fcber Erfahrungen und Herausforderungen im Bev\u00f6lkerungsschutz auszutauschen.<\/p>\n<p class=\"id-StoryElement-paragraph\">Bev\u00f6lkerungsschutz ist keine reine Beh\u00f6rdenaufgabe \u2013 das betont die Feuerwehr Frankfurt ausdr\u00fccklich. Auch Privatpersonen k\u00f6nnen sich auf Notlagen vorbereiten: ein Vorrat an Lebensmitteln und Medikamenten, wichtige Dokumente griffbereit, und das Wissen, wie man sich bei einem Stromausfall oder einer Evakuierung verh\u00e4lt, kann im Ernstfall entscheidend sein.<\/p>\n<p class=\"id-StoryElement-paragraph\">Rund um die \u201e\u00dcB\u2018s! 2026\u201c informiert die Feuerwehr Frankfurt auf ihren Social-Media-Kan\u00e4len \u00fcber das Thema Bev\u00f6lkerungsschutz und gibt praktische Hinweise zur pers\u00f6nlichen Krisenvorsorge.<\/p>\n","protected":false},"excerpt":{"rendered":"Startseite Frankfurt Stand: 04.09.2026, 18:00 Uhr Von: Nora Kraft DruckenTeilen Uns auf Google folgenBei der Gro\u00df\u00fcbung in Frankfurt&hellip;\n","protected":false},"author":2,"featured_media":1281244,"comment_status":"","ping_status":"","sticky":false,"template":"","format":"standard","meta":{"footnotes":"","_share_on_mastodon":"0"},"categories":[1829],"tags":[29,2050,2051,30,2052],"class_list":["post-1281243","post","type-post","status-publish","format-standard","has-post-thumbnail","category-frankfurt-am-main","tag-deutschland","tag-frankfurt","tag-frankfurt-am-main","tag-germany","tag-hessen"],"share_on_mastodon":{"url":"https:\/\/pubeurope.com\/@de\/117215784578998987","error":""},"_links":{"self":[{"href":"https:\/\/www.europesays.com\/de\/wp-json\/wp\/v2\/posts\/1281243","targetHints":{"allow":["GET"]}}],"collection":[{"href":"https:\/\/www.europesays.com\/de\/wp-json\/wp\/v2\/posts"}],"about":[{"href":"https:\/\/www.europesays.com\/de\/wp-json\/wp\/v2\/types\/post"}],"author":[{"embeddable":true,"href":"https:\/\/www.europesays.com\/de\/wp-json\/wp\/v2\/users\/2"}],"replies":[{"embeddable":true,"href":"https:\/\/www.europesays.com\/de\/wp-json\/wp\/v2\/comments?post=1281243"}],"version-history":[{"count":0,"href":"https:\/\/www.europesays.com\/de\/wp-json\/wp\/v2\/posts\/1281243\/revisions"}],"wp:featuredmedia":[{"embeddable":true,"href":"https:\/\/www.europesays.com\/de\/wp-json\/wp\/v2\/media\/1281244"}],"wp:attachment":[{"href":"https:\/\/www.europesays.com\/de\/wp-json\/wp\/v2\/media?parent=1281243"}],"wp:term":[{"taxonomy":"category","embeddable":true,"href":"https:\/\/www.europesays.com\/de\/wp-json\/wp\/v2\/categories?post=1281243"},{"taxonomy":"post_tag","embeddable":true,"href":"https:\/\/www.europesays.com\/de\/wp-json\/wp\/v2\/tags?post=1281243"}],"curies":[{"name":"wp","href":"https:\/\/api.w.org\/{rel}","templated":true}]}}