{"id":1281245,"date":"2026-09-05T01:14:19","date_gmt":"2026-09-05T01:14:19","guid":{"rendered":"https:\/\/www.europesays.com\/de\/1281245\/"},"modified":"2026-09-05T01:14:19","modified_gmt":"2026-09-05T01:14:19","slug":"tram-em-2026-vgf-bereitet-sich-auf-die-europameisterschaft-in-warschau-vor","status":"publish","type":"post","link":"https:\/\/www.europesays.com\/de\/1281245\/","title":{"rendered":"Tram-EM 2026: VGF bereitet sich auf die Europameisterschaft in Warschau vor"},"content":{"rendered":"<p>            <a href=\"https:\/\/www.europesays.com\/de\/wp-content\/uploads\/2026\/09\/Strassenbahn_Verkehr_Schienen.jpg\" data-caption=\"(Symbolfoto: Pixabay)\"><img loading=\"lazy\" decoding=\"async\" width=\"696\" height=\"464\" class=\"entry-thumb td-modal-image\" src=\"data:image\/svg+xml,%3Csvg%20xmlns=\" http:=\"\" data-lazy- data-lazy- alt=\"\" title=\"Stra\u00dfenbahn Verkehr Schienen\" data-lazy-src=\"https:\/\/www.europesays.com\/de\/wp-content\/uploads\/2026\/09\/Strassenbahn_Verkehr_Schienen.jpg\"\/><\/a>(Symbolfoto: Pixabay)<\/p>\n<p>Die Vorbereitungen laufen: Am Samstag, 19. September, treten Europas beste Stra\u00dfenbahnfahrerinnen und -fahrer bei der Tram-Europameisterschaft (EM) in Warschau gegeneinander an. Die Verkehrsgesellschaft Frankfurt am Main (VGF) hat sich als einziges deutsches Verkehrsunternehmen einen der begehrten Startpl\u00e4tze gesichert und wird bei der diesj\u00e4hrigen Tram-EM von Yvonne Bahl und Robin Hepp aus dem VGF-Fahrdienst vertreten.<\/p>\n<p>Vorbereitung auf ungew\u00f6hnliche Herausforderungen<\/p>\n<p>Das Frankfurter Duo setzte sich in einem internen VGF-Vorentscheid durch und qualifizierte sich damit f\u00fcr die EM. Gemeinsam mit ihrem Teamcoach Peter Schulz bereiten sich die beiden auf die vielf\u00e4ltigen Herausforderungen des Wettbewerbs vor. VGF-Fahrlehrer Peter Schulz organisierte den internen Vorentscheid und bringt Erfahrung mit: Bereits 2024 war er federf\u00fchrend an den Vorbereitungen zur Ausrichtung der Tram-EM in Frankfurt beteiligt.<\/p>\n<p>Punktgenaues Bremsen, das Erreichen einer vorgegebene Geschwindigkeit mit abgeklebtem Tacho oder das Platzieren eines Hindernisses m\u00f6glichst nah an den Gleisen, ohne es mit dem Fahrzeug zu ber\u00fchren: Solche und \u00e4hnliche Herausforderungen k\u00f6nnten die Teilnehmerinnen und Teilnehmer der Tram-EM in Warschau erwarten. Gefragt sind dabei nicht nur fahrerisches K\u00f6nnen und Pr\u00e4zision, sondern auch Konzentration, Teamgeist und Nervenst\u00e4rke.<\/p>\n<p>R\u00fcckenwind aus Frankfurt<\/p>\n<p>Auch abseits der Strecke kann sich das Frankfurter Team auf Unterst\u00fctzung verlassen: Wie schon bei den vergangenen Europameisterschaften werden einige Mitarbeiterinnen und Mitarbeiter der VGF mit nach Warschau reisen und kr\u00e4ftig die Daumen dr\u00fccken. Besonders gespannt d\u00fcrfen sie auf die Wettbewerbsaufgaben sein. Denn: Hier lassen sich die Veranstalter mitunter neue Herausforderungen einfallen. Vielleicht geh\u00f6rt aber erneut das beliebte \u201eStra\u00dfenbahn-Bowling\u201c dazu. Bei dieser au\u00dfergew\u00f6hnlichen Disziplin m\u00fcssen die Teams mit ihrer Stra\u00dfenbahn eine gro\u00dfe Kugel auf riesige Kunststoffkegel sto\u00dfen. Eine Aufgabe, die Pr\u00e4zision mit einer guten Portion Show verbindet und regelm\u00e4\u00dfig zu den Publikumslieblingen der Tram-EM z\u00e4hlt.<\/p>\n<p>\u201eWir freuen uns sehr, dass unser Team die VGF, Frankfurt und die deutschen Verkehrsunternehmen auf europ\u00e4ischer B\u00fchne vertreten wird. Die beiden haben ihr K\u00f6nnen schon im internen Vorentscheid unter Beweis gestellt. Wir w\u00fcnschen ihnen viel Erfolg in Warschau, einen guten Austausch mit den Kolleg:innen vor Ort und vor allem viel Spa\u00df bei diesem besonderen Wettbewerb\u201c, sagen VGF-Gesch\u00e4ftsf\u00fchrerin Kerstin Jerchel sowie die VGF-Gesch\u00e4ftsf\u00fchrer Steffen Geers und Thomas Raasch.<\/p>\n<p>Der Austragungstag der Tram-EM f\u00e4llt auf die Feierlichkeiten zum 30-j\u00e4hrigen Jubil\u00e4um der VGF. Der Wettbewerb wird daher w\u00e4hrend des gro\u00dfen VGF-Familienfests live \u00fcbertragen.<\/p>\n<p>Alle Informationen zur Veranstaltung in Warschau gibt es unter <a href=\"http:\/\/tramem.eu\" target=\"_blank\" rel=\"noopener nofollow\">tramem.eu<\/a>. Weitere Informationen zum VGF-Jubil\u00e4um finden sich unter <a href=\"http:\/\/vgf-ffm.de\/30jahre\" target=\"_blank\" rel=\"noopener nofollow\">vgf-ffm.de\/30jahre<\/a>.<\/p>\n<p>(Text: PM Stadt Frankfurt)<\/p>\n<p><a href=\"https:\/\/www.rheinmainverlag.de\/author\/ahessberger\/\" rel=\"nofollow noopener\" target=\"_blank\"><img loading=\"lazy\" decoding=\"async\" src=\"data:image\/svg+xml,%3Csvg%20xmlns=\" http:=\"\" width=\"200\" height=\"200\" alt=\"\" itemprop=\"image\" data-lazy-src=\"https:\/\/www.europesays.com\/de\/wp-content\/uploads\/2025\/04\/Katja_Hessberger.jpg\"\/><\/a><\/p>\n<p>\u2026 erschlie\u00dft sich ihre Welt, indem sie viel Zeit in der Natur verbringt. Bei langen Fahrradtouren und sch\u00f6ne Wanderungen tankt sie Kraft. Lokale Themen sind ihre Welt. Sowohl in den Printprodukten als auch online informiert sie am liebsten \u00fcber Polizeiberichte, Tiergeschichten und Umweltthemen. Absolute Lieblingsbesch\u00e4ftigung in der Adventszeit: Pl\u00e4tzchen backen.<br \/>Mag: Tiere | Backen | Lokale Geschichten<\/p>\n<p>Set your Author Custom HTML Tab Content on your <a href=\"https:\/\/www.rheinmainverlag.de\/wp-admin\/profile.php#sabox-custom-job-title\" target=\"_blank\" class=\"clickable\" rel=\"nofollow noopener\">Profile page<\/a><\/p>\n","protected":false},"excerpt":{"rendered":"(Symbolfoto: Pixabay) Die Vorbereitungen laufen: Am Samstag, 19. September, treten Europas beste Stra\u00dfenbahnfahrerinnen und -fahrer bei der Tram-Europameisterschaft&hellip;\n","protected":false},"author":2,"featured_media":1281246,"comment_status":"","ping_status":"","sticky":false,"template":"","format":"standard","meta":{"footnotes":"","_share_on_mastodon":"0"},"categories":[1829],"tags":[29,2050,2051,30,2052],"class_list":["post-1281245","post","type-post","status-publish","format-standard","has-post-thumbnail","category-frankfurt-am-main","tag-deutschland","tag-frankfurt","tag-frankfurt-am-main","tag-germany","tag-hessen"],"share_on_mastodon":{"url":"https:\/\/pubeurope.com\/@de\/117215786730953382","error":""},"_links":{"self":[{"href":"https:\/\/www.europesays.com\/de\/wp-json\/wp\/v2\/posts\/1281245","targetHints":{"allow":["GET"]}}],"collection":[{"href":"https:\/\/www.europesays.com\/de\/wp-json\/wp\/v2\/posts"}],"about":[{"href":"https:\/\/www.europesays.com\/de\/wp-json\/wp\/v2\/types\/post"}],"author":[{"embeddable":true,"href":"https:\/\/www.europesays.com\/de\/wp-json\/wp\/v2\/users\/2"}],"replies":[{"embeddable":true,"href":"https:\/\/www.europesays.com\/de\/wp-json\/wp\/v2\/comments?post=1281245"}],"version-history":[{"count":0,"href":"https:\/\/www.europesays.com\/de\/wp-json\/wp\/v2\/posts\/1281245\/revisions"}],"wp:featuredmedia":[{"embeddable":true,"href":"https:\/\/www.europesays.com\/de\/wp-json\/wp\/v2\/media\/1281246"}],"wp:attachment":[{"href":"https:\/\/www.europesays.com\/de\/wp-json\/wp\/v2\/media?parent=1281245"}],"wp:term":[{"taxonomy":"category","embeddable":true,"href":"https:\/\/www.europesays.com\/de\/wp-json\/wp\/v2\/categories?post=1281245"},{"taxonomy":"post_tag","embeddable":true,"href":"https:\/\/www.europesays.com\/de\/wp-json\/wp\/v2\/tags?post=1281245"}],"curies":[{"name":"wp","href":"https:\/\/api.w.org\/{rel}","templated":true}]}}