{"id":1281279,"date":"2026-09-05T01:37:16","date_gmt":"2026-09-05T01:37:16","guid":{"rendered":"https:\/\/www.europesays.com\/de\/1281279\/"},"modified":"2026-09-05T01:37:16","modified_gmt":"2026-09-05T01:37:16","slug":"in-6-tagen-kommt-einer-der-groessten-sci-fi-filme-des-jahres-erstmals-ins-streaming-abo","status":"publish","type":"post","link":"https:\/\/www.europesays.com\/de\/1281279\/","title":{"rendered":"In 6 Tagen kommt einer der gr\u00f6\u00dften Sci-Fi-Filme des Jahres erstmals ins Streaming-Abo"},"content":{"rendered":"<p>Bis zu 186 Millionen US-Dollar sollen in die Produktion von <a data-ga-on=\"click,auxclick,contextmenu\" data-ga-event-category=\"Article\" data-ga-event-action=\"Internal Link Text\" data-ga-event-label=\"Click\" title=\"Supergirl\" href=\"https:\/\/www.moviepilot.de\/movies\/supergirl\" class=\"sc-6a922024-0 dZMhco mp_article_parsed_internal_link\" rel=\"nofollow noopener\" target=\"_blank\">Supergirl<\/a> geflossen sein. Das macht den neuen DC-Film zu einem der<b> teuersten Sci-Fi-Blockbuster des Jahres<\/b>. Im Kino war dem abgedrehten Weltraumabenteuer jedoch kein Erfolg verg\u00f6nnt. Nun kommt der Film ins Streaming-Abo zu HBO Max, der Heimat aller Warner-Filme. <\/p>\n<p>Wann startet Supergirl bei HBO Max?<\/p>\n<p>Nachdem der Film bereits vor ein paar Wochen als PVOD (Premium Video on Demand) erschienen ist, steht nun fest, wann ihr ihn in der Flatrate streamen k\u00f6nnt: Ab dem <b>10. September 2026<\/b> erobert <a data-ga-on=\"click,auxclick,contextmenu\" data-ga-event-category=\"Article\" data-ga-event-action=\"Internal Link Text\" data-ga-event-label=\"Click\" title=\"Milly Alcock\" href=\"https:\/\/www.moviepilot.de\/people\/milly-alcock\" class=\"sc-6a922024-0 dZMhco mp_article_parsed_internal_link\" rel=\"nofollow noopener\" target=\"_blank\">Milly Alcock<\/a> als Kara Zor-El die Streaming-Landschaft und erg\u00e4nzt das DC-Universum bei HBO Max, wo aktuell <a data-ga-on=\"click,auxclick,contextmenu\" data-ga-event-category=\"Article\" data-ga-event-action=\"Internal Link Text\" data-ga-event-label=\"Click\" title=\"Lanterns\" href=\"https:\/\/www.moviepilot.de\/serie\/lanterns\" class=\"sc-6a922024-0 dZMhco mp_article_parsed_internal_link\" rel=\"nofollow noopener\" target=\"_blank\">Lanterns<\/a> l\u00e4uft. <\/p>\n<p>Wenn ihr den Film im Kino verpasst habt oder ihn direkt nochmal schauen wollt, habt ihr also bald ganz entspannt von der Couch aus die M\u00f6glichkeit dazu. Bei HBO Max k\u00f6nnt ihr zur Einstimmung jetzt schon den chronologisch zuvor angesiedelten <a data-ga-on=\"click,auxclick,contextmenu\" data-ga-event-category=\"Article\" data-ga-event-action=\"Internal Link Text\" data-ga-event-label=\"Click\" title=\"Superman\" href=\"https:\/\/www.moviepilot.de\/movies\/superman-legacy\" class=\"sc-6a922024-0 dZMhco mp_article_parsed_internal_link\" rel=\"nofollow noopener\" target=\"_blank\">Superman<\/a> von DC-Chef <a data-ga-on=\"click,auxclick,contextmenu\" data-ga-event-category=\"Article\" data-ga-event-action=\"Internal Link Text\" data-ga-event-label=\"Click\" title=\"James Gunn\" href=\"https:\/\/www.moviepilot.de\/people\/james-gunn\" class=\"sc-6a922024-0 dZMhco mp_article_parsed_internal_link\" rel=\"nofollow noopener\" target=\"_blank\">James Gunn<\/a> schauen. Gunn war auch als Produzent in Supergirl involviert.<\/p>\n<p>Tats\u00e4chlich f\u00fchlt sich Supergirl wie einer der <a data-ga-on=\"click,auxclick,contextmenu\" data-ga-event-category=\"Article\" data-ga-event-action=\"Internal Link Text\" data-ga-event-label=\"Click\" title=\"Guardians of the Galaxy\" href=\"https:\/\/www.moviepilot.de\/movies\/guardians-of-the-galaxy\" class=\"sc-6a922024-0 dZMhco mp_article_parsed_internal_link\" rel=\"nofollow noopener\" target=\"_blank\">Guardians of the Galaxy<\/a>-Filme an, die Gunn unter dem Dach von Marvel auf die gro\u00dfe Leinwand gebracht hat. Inszeniert wurde der Sci-Fi-Kracher jedoch von einem anderen Regisseur: <a data-ga-on=\"click,auxclick,contextmenu\" data-ga-event-category=\"Article\" data-ga-event-action=\"Internal Link Text\" data-ga-event-label=\"Click\" title=\"Craig Gillespie\" href=\"https:\/\/www.moviepilot.de\/people\/craig-gillespie\" class=\"sc-6a922024-0 dZMhco mp_article_parsed_internal_link\" rel=\"nofollow noopener\" target=\"_blank\">Craig Gillespie<\/a>, bekannt f\u00fcr Disneys <a data-ga-on=\"click,auxclick,contextmenu\" data-ga-event-category=\"Article\" data-ga-event-action=\"Internal Link Text\" data-ga-event-label=\"Click\" title=\"Cruella\" href=\"https:\/\/www.moviepilot.de\/movies\/cruella\" class=\"sc-6a922024-0 dZMhco mp_article_parsed_internal_link\" rel=\"nofollow noopener\" target=\"_blank\">Cruella<\/a> mit Emma Stone und <a data-ga-on=\"click,auxclick,contextmenu\" data-ga-event-category=\"Article\" data-ga-event-action=\"Internal Link Text\" data-ga-event-label=\"Click\" title=\"I, Tonya\" href=\"https:\/\/www.moviepilot.de\/movies\/i-tonya\" class=\"sc-6a922024-0 dZMhco mp_article_parsed_internal_link\" rel=\"nofollow noopener\" target=\"_blank\">I, Tonya<\/a> mit Margot Robbie in der Hauptrolle. <\/p>\n<p>Der Supergirl-Film basiert auf der Comicreihe<b> Woman of Tomorrow <\/b>von <a data-ga-on=\"click,auxclick,contextmenu\" data-ga-event-category=\"Article\" data-ga-event-action=\"Internal Link Text\" data-ga-event-label=\"Click\" title=\"Tom King\" href=\"https:\/\/www.moviepilot.de\/people\/tom-king\" class=\"sc-6a922024-0 dZMhco mp_article_parsed_internal_link\" rel=\"nofollow noopener\" target=\"_blank\">Tom King<\/a> und <a data-ga-on=\"click,auxclick,contextmenu\" data-ga-event-category=\"Article\" data-ga-event-action=\"Internal Link Text\" data-ga-event-label=\"Click\" title=\"Bilquis Evely\" href=\"https:\/\/www.moviepilot.de\/people\/bilquis-evely\" class=\"sc-6a922024-0 dZMhco mp_article_parsed_internal_link\" rel=\"nofollow noopener\" target=\"_blank\">Bilquis Evely<\/a>, nimmt sich jedoch einige kreative Freiheiten. So d\u00fcrfen wir uns etwa \u00fcber den Auftritt eines Antihelden freuen, der in der Vorlage gar nicht auftaucht: <a data-ga-on=\"click,auxclick,contextmenu\" data-ga-event-category=\"Article\" data-ga-event-action=\"Internal Link Text\" data-ga-event-label=\"Click\" title=\"Jason Momoa\" href=\"https:\/\/www.moviepilot.de\/people\/jason-momoa\" class=\"sc-6a922024-0 dZMhco mp_article_parsed_internal_link\" rel=\"nofollow noopener\" target=\"_blank\">Jason Momoa<\/a> erweckt den interstellaren Kopfgeldj\u00e4ger Lobo zum Leben. <\/p>\n<p>Wie geht es nach Supergirl bei DC weiter?<\/p>\n<p>Mit einem Antihelden geht das DC-Universum im Kino auch weiter: Nach Superman und Supergirl wagt sich der n\u00e4chste Film des Franchise im Zuge von <a data-ga-on=\"click,auxclick,contextmenu\" data-ga-event-category=\"Article\" data-ga-event-action=\"Internal Link Text\" data-ga-event-label=\"Click\" title=\"Clayface\" href=\"https:\/\/www.moviepilot.de\/movies\/clayface\" class=\"sc-6a922024-0 dZMhco mp_article_parsed_internal_link\" rel=\"nofollow noopener\" target=\"_blank\">Clayface<\/a> in die Body-Horror-Richtung und zeigt uns die Origin-Story des<b> tragischen Lehmmonsters<\/b>, das in der Animationsserie <a data-ga-on=\"click,auxclick,contextmenu\" data-ga-event-category=\"Article\" data-ga-event-action=\"Internal Link Text\" data-ga-event-label=\"Click\" title=\"Creature Commandos\" href=\"https:\/\/www.moviepilot.de\/serie\/creature-commandos\" class=\"sc-6a922024-0 dZMhco mp_article_parsed_internal_link\" rel=\"nofollow noopener\" target=\"_blank\">Creature Commandos<\/a> sein DCU-Deb\u00fct gefeiert hat.<\/p>\n<p>Bevor Clayface im Oktober in den Stra\u00dfen von Gotham f\u00fcr Angst und Schrecken sorgt, k\u00f6nnt ihr euch mit Supergirl in den unendlichen Weiten des Weltraums verlieren. Zwischen gelben und roten Sonnen wird eine Rachegeschichte erz\u00e4hlt, die Kara Zor-El ihren Blick auf das Universum und ihr Leben \u00fcberdenken l\u00e4sst.<\/p>\n","protected":false},"excerpt":{"rendered":"Bis zu 186 Millionen US-Dollar sollen in die Produktion von Supergirl geflossen sein. Das macht den neuen DC-Film&hellip;\n","protected":false},"author":2,"featured_media":1281280,"comment_status":"","ping_status":"","sticky":false,"template":"","format":"standard","meta":{"footnotes":"","_share_on_mastodon":"0"},"categories":[1771],"tags":[242,61691,44626,49528,1778,65916,60777,29,214,114896,33077,30,48952,604,95,264371,1777,87101,53630,16266,56015,49524,128243,48953,57468,60778,80388,215,64,55421,19465,61950],"class_list":["post-1281279","post","type-post","status-publish","format-standard","has-post-thumbnail","category-kino","tag-242","tag-abenteuerfilm","tag-actionfilm","tag-aufregend","tag-cinema","tag-dc-studios","tag-dc-universe-dcu","tag-deutschland","tag-entertainment","tag-fremder-planet","tag-gegenwart","tag-germany","tag-gutgelaunt","tag-hund","tag-kino","tag-metropolis","tag-movie","tag-nahe-zukunft","tag-planet","tag-rache","tag-rachefeldzug","tag-science-fiction-film","tag-sonnenlicht","tag-spannend","tag-superheld","tag-superhelden-film","tag-superkraefte","tag-unterhaltung","tag-usa","tag-vereinigte-staaten-von-amerika-usa","tag-warner-bros","tag-witzig"],"share_on_mastodon":{"url":"https:\/\/pubeurope.com\/@de\/117215877342160462","error":""},"_links":{"self":[{"href":"https:\/\/www.europesays.com\/de\/wp-json\/wp\/v2\/posts\/1281279","targetHints":{"allow":["GET"]}}],"collection":[{"href":"https:\/\/www.europesays.com\/de\/wp-json\/wp\/v2\/posts"}],"about":[{"href":"https:\/\/www.europesays.com\/de\/wp-json\/wp\/v2\/types\/post"}],"author":[{"embeddable":true,"href":"https:\/\/www.europesays.com\/de\/wp-json\/wp\/v2\/users\/2"}],"replies":[{"embeddable":true,"href":"https:\/\/www.europesays.com\/de\/wp-json\/wp\/v2\/comments?post=1281279"}],"version-history":[{"count":0,"href":"https:\/\/www.europesays.com\/de\/wp-json\/wp\/v2\/posts\/1281279\/revisions"}],"wp:featuredmedia":[{"embeddable":true,"href":"https:\/\/www.europesays.com\/de\/wp-json\/wp\/v2\/media\/1281280"}],"wp:attachment":[{"href":"https:\/\/www.europesays.com\/de\/wp-json\/wp\/v2\/media?parent=1281279"}],"wp:term":[{"taxonomy":"category","embeddable":true,"href":"https:\/\/www.europesays.com\/de\/wp-json\/wp\/v2\/categories?post=1281279"},{"taxonomy":"post_tag","embeddable":true,"href":"https:\/\/www.europesays.com\/de\/wp-json\/wp\/v2\/tags?post=1281279"}],"curies":[{"name":"wp","href":"https:\/\/api.w.org\/{rel}","templated":true}]}}