{"id":1281283,"date":"2026-09-05T01:39:20","date_gmt":"2026-09-05T01:39:20","guid":{"rendered":"https:\/\/www.europesays.com\/de\/1281283\/"},"modified":"2026-09-05T01:39:20","modified_gmt":"2026-09-05T01:39:20","slug":"carlos-alcaraz-meine-brustwarzen-zu-oft-gesehen-sport","status":"publish","type":"post","link":"https:\/\/www.europesays.com\/de\/1281283\/","title":{"rendered":"Carlos Alcaraz: \u201eMeine Brustwarzen zu oft gesehen\u201c | Sport"},"content":{"rendered":"<p><a class=\"skip-content skip-content--link\" href=\"#in-content-skip-link-target-v-0-0\">TTS-Player \u00fcberspringen\u21b5<\/a><a id=\"in-content-skip-link-target-v-0-0\" class=\"skip-content--target-link-hidden skip-content skip-content--target-link\" href=\"#in-content-skip-link-target-v-0-0\">Artikel weiterlesen<\/a><\/p>\n<p><b>Er scheint weiter keine Probleme zu haben! Tennis-Star Carlos Alcaraz (23) steht im Achtelfinale der <\/b><a href=\"https:\/\/www.bild.de\/sport\/mehr-sport\/tennis\/home-23890462.bild.html\" class=\"text-link\" rel=\"nofollow noopener\" target=\"_blank\"><b>US Open<\/b><\/a><b> in New York. Der Titelverteidiger besiegt den Chinesen Yibing Wu (26) v\u00f6llig ungehemmt mit 6:3, 6:4, 6:1 und trifft nun am Sonntag auf den Amerikaner Tommy Paul (29). Mit seinem l\u00e4dierten rechten Handgelenk ist wohl wieder alles in Ordnung. Viereinhalb Monate fehlte er deswegen verletzt auf der Tour. Was nach der Partie gegen Wu f\u00fcr Gespr\u00e4chsstoff sorgt, ist weniger die sportliche Leistung des Spaniers, sondern seine Kleidung. Unter seinem T-Shirt tr\u00e4gt er pl\u00f6tzlich ein Hemd im Match. Das ist neu.<\/b><\/p>\n<p>Alcaraz begr\u00fcndet das l\u00e4chelnd: \u201eIch habe meine Brustwarzen in letzter Zeit zu oft gesehen. Ich hatte das Gef\u00fchl, ich sollte sie mal verbergen.\u201c Gesagt, getan. Seinem Spiel tut das jedenfalls keinen Abbruch. Dass er nun ein paar Gramm mehr mit sich rumschleppt, ist dem siebenmaligen Grand-Slam-Gewinner v\u00f6llig egal. So egal, dass er auch im Achtelfinale mit Unterhemd antreten will.<\/p>\n<p><img decoding=\"async\" width=\"992\" height=\"558\" alt=\"Das Bild, das Carlos Alcaraz (23) nicht von sich mag. Man sieht die blanke Brust\" loading=\"lazy\" src=\"https:\/\/www.europesays.com\/de\/wp-content\/uploads\/2026\/09\/47c4df700ae3363f2489d297b6b597a5,dd89d082.jpeg\"   class=\"landscape\"\/><\/p>\n<p class=\"fig__caption__text\">Das Bild, das Alcaraz nicht von sich mag: Man sieht seine blanke Brust<\/p>\n<p>Foto: Adam Hunger\/AP\/dpa<\/p>\n<p>Und das bei den tropischen Temperaturen. Am Sonnabend herrschen nachmittags im Kessel des Arthur Ashe Stadiums um die 35 Grad in glei\u00dfender Sonne. Alcaraz: \u201eDas Teil hat mich nicht gest\u00f6rt. Ich f\u00fchle mich wirklich wohl mit einem zweiten Hemd. Also werde ich so bleiben.\u201c Druck von anderen Stellen oder Leuten gab es angeblich keinen. \u201eDas war meine Entscheidung. Es w\u00e4re mir egal, wenn ich wieder so spielen m\u00fcsste, aber wenn wir etwas dagegen tun k\u00f6nnten, denke ich, dass es gut war\u201c, so Alcaraz.<\/p>\n<p>Der kann erst in einem m\u00f6glichen Finale auf Alexander Zverev (29) treffen, der in der Nacht zu Sonntag das Achtelfinale klarmachen will. Er tritt gegen den Chilenen Alejandro Tabilo (29) an, gegen den er haushoher Favorit ist. Zverev gegen Alcaraz, also die beiden Topgesetzten gegeneinander, ist der hei\u00dfeste Tipp auf das Endspiel in Flushing Meadows, das am 13. September ausgetragen wird.<\/p>\n","protected":false},"excerpt":{"rendered":"TTS-Player \u00fcberspringen\u21b5Artikel weiterlesen Er scheint weiter keine Probleme zu haben! Tennis-Star Carlos Alcaraz (23) steht im Achtelfinale der&hellip;\n","protected":false},"author":2,"featured_media":1281284,"comment_status":"","ping_status":"","sticky":false,"template":"","format":"standard","meta":{"footnotes":"","_share_on_mastodon":"0"},"categories":[136],"tags":[16497,10330,29,30,22181,17498,265,806,138370,4206,10331,64177],"class_list":["post-1281283","post","type-post","status-publish","format-standard","has-post-thumbnail","category-sport","tag-alcaraz-carlos","tag-association-of-tennis-professionals","tag-deutschland","tag-germany","tag-grand-slam-turniere","tag-kayser-sebastian","tag-sport","tag-sport-leuchtturm-berlin","tag-team-first","tag-tennis","tag-tennis-einzel","tag-us-open"],"share_on_mastodon":{"url":"https:\/\/pubeurope.com\/@de\/117215886988176714","error":""},"_links":{"self":[{"href":"https:\/\/www.europesays.com\/de\/wp-json\/wp\/v2\/posts\/1281283","targetHints":{"allow":["GET"]}}],"collection":[{"href":"https:\/\/www.europesays.com\/de\/wp-json\/wp\/v2\/posts"}],"about":[{"href":"https:\/\/www.europesays.com\/de\/wp-json\/wp\/v2\/types\/post"}],"author":[{"embeddable":true,"href":"https:\/\/www.europesays.com\/de\/wp-json\/wp\/v2\/users\/2"}],"replies":[{"embeddable":true,"href":"https:\/\/www.europesays.com\/de\/wp-json\/wp\/v2\/comments?post=1281283"}],"version-history":[{"count":0,"href":"https:\/\/www.europesays.com\/de\/wp-json\/wp\/v2\/posts\/1281283\/revisions"}],"wp:featuredmedia":[{"embeddable":true,"href":"https:\/\/www.europesays.com\/de\/wp-json\/wp\/v2\/media\/1281284"}],"wp:attachment":[{"href":"https:\/\/www.europesays.com\/de\/wp-json\/wp\/v2\/media?parent=1281283"}],"wp:term":[{"taxonomy":"category","embeddable":true,"href":"https:\/\/www.europesays.com\/de\/wp-json\/wp\/v2\/categories?post=1281283"},{"taxonomy":"post_tag","embeddable":true,"href":"https:\/\/www.europesays.com\/de\/wp-json\/wp\/v2\/tags?post=1281283"}],"curies":[{"name":"wp","href":"https:\/\/api.w.org\/{rel}","templated":true}]}}