{"id":1281301,"date":"2026-09-05T01:49:07","date_gmt":"2026-09-05T01:49:07","guid":{"rendered":"https:\/\/www.europesays.com\/de\/1281301\/"},"modified":"2026-09-05T01:49:07","modified_gmt":"2026-09-05T01:49:07","slug":"tatort-doppelfolge-mit-neuem-frauen-duo-in-kiel","status":"publish","type":"post","link":"https:\/\/www.europesays.com\/de\/1281301\/","title":{"rendered":"Tatort-Doppelfolge mit neuem Frauen-Duo in Kiel"},"content":{"rendered":"<p>        <img decoding=\"async\" src=\"https:\/\/www.europesays.com\/de\/wp-content\/uploads\/2026\/09\/unter-freunden-unter-feinden-100.webp\" alt=\"Zwei Frauen stehen nebeneinander vor einer blauen Wand.\" title=\"Die Doppelfolge &quot;Unter Freunden\/Unter Feinden&quot; mit Amilia Bagriacik und Caroline Schuch wird im Oktober ausgestrahlt. | NDR, Anatol Kotte\" class=\"responsive\"\/><\/p>\n<p>AUDIO: Nachrichten aus dem Studio Kiel 9:30 Uhr &#8211; 03.09.2026 (2 Min)<\/p>\n<p>\n                Stand: 03.09.2026 14:37 Uhr<\/p>\n<p class=\"preface\">Nach dem Abschied von Axel Milberg im Kieler Tatort steht ein neues Ermittlerteam bereits in den Startl\u00f6chern. Zwei Frauen ermitteln ab Oktober in Schleswig-Holstein &#8211; darunter eine als Polizeipsychologin.<\/p>\n<p class=\"\">Der Sendetermin f\u00fcr die Premiere des <a href=\"https:\/\/www.ndr.de\/nachrichten\/schleswig-holstein\/Kiel-Aktuelle-Nachrichten-News-und-Videos,kiel7262.html\" title=\"Kiel - Aktuelle Nachrichten und Videos\" rel=\"nofollow noopener\" target=\"_blank\">Kiel<\/a>-Tatorts in neuer Besetzung steht fest: Die Doppelfolge &#8222;Unter Feinden\/Unter Freunden&#8220; l\u00e4uft am 11. und am 18. Oktober. Zum ersten Mal ermittelt dann nicht mehr <a href=\"https:\/\/www.ndr.de\/kultur\/film\/kommissar-im-un-ruhestand-axel-milberg-ist-70,axelmilberg124.html\" title=\"Axel Milberg: Rom-Com in Hamburg abgedreht - und nun 70 Jahre alt\" rel=\"nofollow noopener\" target=\"_blank\">Axel Milberg<\/a>, sondern das Frauen-Duo Amilia Bagriacik und Karoline Schuch.<\/p>\n<p>    Alte und neue Gesichter im Kieler Team<\/p>\n<p class=\"\">Seit 2018 ist Almila Bagriacik als Kommissarin Mila Sahin ein pr\u00e4gendes Gesicht dieses Tatorts. Karoline Schuch schl\u00fcpft zum ersten Mal in die Rolle der Polizeipsychologin Elli Krieger. &#8222;Sie \u00fcbernimmt damit eine zentrale Position im Kieler Team und bringt eine ganz eigene Perspektive in die Ermittlungen ein&#8220;, sagt NDR Programmdirektor Frank Beckmann.<\/p>\n<p>    Psychologie als neues Element im Kieler Tatort<\/p>\n<p class=\"\">Durch Elli Krieger werde n\u00e4mlich auch die psychologische Dimension von Kriminalf\u00e4llen beleuchtet. Denn: &#8222;Polizeiarbeit besteht heute l\u00e4ngst nicht mehr allein aus Spurensicherung, Vernehmungen und klassischer Ermittlungsarbeit&#8220;, so der Programmdirektor weiter. Daf\u00fcr arbeite das Fernsehteam mit einer echten Kriminalpsychologin aus Hamburg zusammen: Claudia Brockmann.<\/p>\n<p>        <img decoding=\"async\" src=\"https:\/\/www.europesays.com\/de\/wp-content\/uploads\/2026\/09\/kieler-tatort-106.webp\" alt=\"Karoline Schuch beim Dreh f\u00fcr einen Tatort in Kiel.\" title=\"Karoline Schuch beim Dreh f\u00fcr einen Tatort in Kiel. | NDR-Screenshot\" class=\"responsive\" loading=\"lazy\"\/><\/p>\n<p>Aktuell laufen die Dreharbeiten f\u00fcr die neuen Tatort-Filme. Inzwischen ohne Axel Milberg, daf\u00fcr mit Karoline Schuch.<\/p>\n<p>        <img decoding=\"async\" src=\"https:\/\/www.europesays.com\/de\/wp-content\/uploads\/2026\/09\/axelmilberg-100.webp\" alt=\"Der Schauspieler Axel Milberg mit schwarzem Shirt und gr\u00fcner Kette\" title=\"Der Schauspieler Axel Milberg mit schwarzem Shirt und gr\u00fcner Kette | Carsten Koall\/dpa +++ dpa-Bildfunk\" class=\"responsive\" loading=\"lazy\"\/><\/p>\n<p>Bekannt wurde der nun 70-J\u00e4hrige vor allem als kauziger Kommissar Klaus Borowski. Doch Axel Milberg hat auch ein Filmleben nach 22 Jahren Krimi.<\/p>\n<p>        <img decoding=\"async\" src=\"https:\/\/www.europesays.com\/de\/wp-content\/uploads\/2026\/09\/milberg-100.webp\" alt=\"Ehrung, Axel Milberg, Daniel G\u00fcnther \" title=\"Ehrung, Axel Milberg, Daniel G\u00fcnther  | NDR\" class=\"responsive\" loading=\"lazy\"\/><\/p>\n<p>Axel Milberg ist mit dem Verdienstorden des Landes ausgezeichnet worden. Ministerpr\u00e4sident G\u00fcnther \u00fcberreichte ihm die Ehrung.<\/p>\n<p>        <img decoding=\"async\" src=\"https:\/\/www.europesays.com\/de\/wp-content\/uploads\/2026\/09\/milberg252.webp\" alt=\"Ein Mann mit lichtem Haar (Axel Milberg) blickt ernst in die Kamera.\" title=\"Ein Mann mit lichtem Haar (Axel Milberg) blickt ernst in die Kamera. | picture alliance \/ dpa, Markus Scholz\" class=\"responsive\" loading=\"lazy\"\/><\/p>\n<p>Nach 44 Eins\u00e4tzen in 22 Jahren hat Axel Milberg als Kieler &#8222;Tatort&#8220;-Ermittler den Dienst quittiert &#8211; und dabei eine Rekordquote erzielt.<\/p>\n","protected":false},"excerpt":{"rendered":"AUDIO: Nachrichten aus dem Studio Kiel 9:30 Uhr &#8211; 03.09.2026 (2 Min) Stand: 03.09.2026 14:37 Uhr Nach dem&hellip;\n","protected":false},"author":2,"featured_media":1281302,"comment_status":"","ping_status":"","sticky":false,"template":"","format":"standard","meta":{"footnotes":"","_share_on_mastodon":"0"},"categories":[1852],"tags":[3364,29,169132,264372,548,663,3934,441,3236,30,13,4949,14,15,31296,6003,12,1971,218],"class_list":["post-1281301","post","type-post","status-publish","format-standard","has-post-thumbnail","category-kiel","tag-de","tag-deutschland","tag-doppelfolge","tag-ermittlerinnen","tag-eu","tag-europa","tag-europe","tag-fernsehen","tag-frauen","tag-germany","tag-headlines","tag-kiel","tag-nachrichten","tag-news","tag-oktober","tag-premiere","tag-schlagzeilen","tag-schleswig-holstein","tag-tatort"],"share_on_mastodon":{"url":"https:\/\/pubeurope.com\/@de\/117215927980677637","error":""},"_links":{"self":[{"href":"https:\/\/www.europesays.com\/de\/wp-json\/wp\/v2\/posts\/1281301","targetHints":{"allow":["GET"]}}],"collection":[{"href":"https:\/\/www.europesays.com\/de\/wp-json\/wp\/v2\/posts"}],"about":[{"href":"https:\/\/www.europesays.com\/de\/wp-json\/wp\/v2\/types\/post"}],"author":[{"embeddable":true,"href":"https:\/\/www.europesays.com\/de\/wp-json\/wp\/v2\/users\/2"}],"replies":[{"embeddable":true,"href":"https:\/\/www.europesays.com\/de\/wp-json\/wp\/v2\/comments?post=1281301"}],"version-history":[{"count":0,"href":"https:\/\/www.europesays.com\/de\/wp-json\/wp\/v2\/posts\/1281301\/revisions"}],"wp:featuredmedia":[{"embeddable":true,"href":"https:\/\/www.europesays.com\/de\/wp-json\/wp\/v2\/media\/1281302"}],"wp:attachment":[{"href":"https:\/\/www.europesays.com\/de\/wp-json\/wp\/v2\/media?parent=1281301"}],"wp:term":[{"taxonomy":"category","embeddable":true,"href":"https:\/\/www.europesays.com\/de\/wp-json\/wp\/v2\/categories?post=1281301"},{"taxonomy":"post_tag","embeddable":true,"href":"https:\/\/www.europesays.com\/de\/wp-json\/wp\/v2\/tags?post=1281301"}],"curies":[{"name":"wp","href":"https:\/\/api.w.org\/{rel}","templated":true}]}}