{"id":1281319,"date":"2026-09-05T02:00:16","date_gmt":"2026-09-05T02:00:16","guid":{"rendered":"https:\/\/www.europesays.com\/de\/1281319\/"},"modified":"2026-09-05T02:00:16","modified_gmt":"2026-09-05T02:00:16","slug":"kunstfreiheit-praegt-das-fest-karlsruhe-und-unterscheidet-sich-vom-gluecksgefuehle-festival-2","status":"publish","type":"post","link":"https:\/\/www.europesays.com\/de\/1281319\/","title":{"rendered":"Kunstfreiheit pr\u00e4gt Das Fest Karlsruhe und unterscheidet sich vom Gl\u00fccksgef\u00fchle-Festival"},"content":{"rendered":"<p class=\"mb-6 text-xs-varying md:text-m lg:text-l font-serif group-[.font-sans]:font-sans \">\n    \u201eDie <a href=\"https:\/\/www.ka-news.de\/baden-wuerttemberg\/veranstaltungen\/alphaville-lehnt-wiedereinladung-ab-und-setzt-zeichen-fuer-kunstfreiheit-beim-festival-115161763\" target=\"_self\" class=\"underline \" rel=\"nofollow noopener\">konkrete Entscheidung beim Gl\u00fccksgef\u00fchle-Festival<\/a> m\u00f6chten wir nicht bewerten, weil wir die dortigen Absprachen zwischen Veranstalter und K\u00fcnstler nicht kennen\u201c, \u00e4u\u00dfert sich <a href=\"https:\/\/www.ka-news.de\/region\/karlsruhe\/das-fest-in-karlsruhe-der-publikumsmagnet-aus-der-faecherstadt-art-2832398\" target=\"_self\" class=\"underline \" rel=\"nofollow noopener\">Das Fest<\/a> am Donnerstag, 3. September, gegen\u00fcber ka-news, \u201egrunds\u00e4tzlich ist unsere Haltung bei <a href=\"https:\/\/www.ka-news.de\/region\/karlsruhe\/das-fest-in-karlsruhe-der-publikumsmagnet-aus-der-faecherstadt-art-2832398\" target=\"_self\" class=\"underline \" rel=\"nofollow noopener\">Das Fest: <\/a><strong class=\"font-bold\">Wir glauben nicht, dass ein Festival unpolitisch wird, indem man politische \u00c4u\u00dferungen von K\u00fcnstlerinnen und K\u00fcnstlern ausschlie\u00dft.\u201c<\/strong>\n  <\/p>\n<p>    <img decoding=\"async\" src=\"https:\/\/images.mgpd.de\/img\/114853013\/crop\/c16_9-w100\/1188213647\/1563206403\/230726dasfest2026nico-santos0341carmele.jpg\" alt=\"Publikum bei Nico Santos bei Das Fest 2026 am 23. Juli 2026.\" title=\"Publikum bei Nico Santos bei Das Fest 2026 am 23. Juli 2026.\" loading=\"lazy\" class=\"h-full w-full object-cover\"\/><\/p>\n<p>      Icon vergr\u00f6\u00dfern<\/p>\n<p>    Publikum bei Nico Santos bei Das Fest 2026 am 23. Juli 2026.<br \/>\n    Foto: Tim Carmele<\/p>\n<p>        Schlie\u00dfen <\/p>\n<p>      Icon Schlie\u00dfen<\/p>\n<p>        Icon vergr\u00f6\u00dfern<\/p>\n<p>        Icon verkleinern<\/p>\n<p>      Icon Pfeil bewegen<\/p>\n<p>    Publikum bei Nico Santos bei Das Fest 2026 am 23. Juli 2026.<br \/>\n    Foto: Tim Carmele<\/p>\n<p class=\"mb-6 text-xs-varying md:text-m lg:text-l font-serif group-[.font-sans]:font-sans \">\n    <a href=\"https:\/\/www.ka-news.de\/baden-wuerttemberg\/veranstaltungen\/alphaville-lehnt-wiedereinladung-ab-und-setzt-zeichen-fuer-kunstfreiheit-beim-festival-115161763\" target=\"_self\" class=\"underline \" rel=\"nofollow noopener\">Genau das ist am Mittwoch, 3. September, in Hockenheim passiert: Einen Tag vor Festival-Start streicht \u201eGl\u00fccksgef\u00fchle\u201c die Band Alphaville aus ihrem Line-up.<\/a> Die Begr\u00fcndung: \u201e<strong class=\"font-bold\">Gesellschaftlich kontrovers diskutierte Themen und politische Reden<\/strong>\u201c sollen auf der B\u00fchne unterlassen werden &#8211; darauf habe man sich mit Alphaville nicht einigen k\u00f6nnen, so die Veranstalter in ihrem offiziellen Statement.<strong class=\"font-bold\"> <a href=\"https:\/\/www.ka-news.de\/baden-wuerttemberg\/veranstaltungen\/alphaville-lehnt-wiedereinladung-ab-und-setzt-zeichen-fuer-kunstfreiheit-beim-festival-115161763\" target=\"_self\" class=\"underline \" rel=\"nofollow noopener\">F\u00fcr Alphaville gleicht die Absage einem \u201eMaulkorberlass\u201c.<\/a><\/strong>\n  <\/p>\n<p>            Festival l\u00e4dt Alphaville wieder ein<\/p>\n<p class=\"mb-6 text-xs-varying md:text-m lg:text-l font-serif group-[.font-sans]:font-sans \">\n    <a href=\"https:\/\/www.ka-news.de\/baden-wuerttemberg\/veranstaltungen\/alphaville-lehnt-wiedereinladung-ab-und-setzt-zeichen-fuer-kunstfreiheit-beim-festival-115161763\" target=\"_self\" class=\"underline \" rel=\"nofollow noopener\">Rund 24 Stunden sp\u00e4ter: Eine Entschuldigung des Veranstalters Markus Krampe, eine Wiedereinladung &#8211; und eine Absage von Alphaville.<\/a> Krampe erz\u00e4hlt in einem Video: Er habe aus der Emotion heraus gehandelt und das tue ihm au\u00dferordentlich leid. Weiterhin stellt er klar: Sein Mitveranstalter Lukas Podolski war in die Entscheidung nicht einbezogen. Alphaville reagiert ebenfalls mit einem \u00f6ffentlichen Statement am Donnerstagabend: <strong class=\"font-bold\">Man werde nicht auftreten und die Gage spenden.<\/strong>\n  <\/p>\n<p>            Das Fest: Man muss Haltung des K\u00fcnstlers nicht teilen, um ihm eine B\u00fchne zu geben<\/p>\n<p class=\"mb-6 text-xs-varying md:text-m lg:text-l font-serif group-[.font-sans]:font-sans \">\n    Politische Aussagen von der B\u00fchne zu verbannen &#8211; das macht ein Festival nicht unpolitisch. \u201eDiese Haltung ist \u00e4lter als die aktuelle Debatte: <a href=\"https:\/\/www.ka-news.de\/region\/karlsruhe\/das-fest-in-karlsruhe-der-publikumsmagnet-aus-der-faecherstadt-art-2832398\" target=\"_self\" class=\"underline \" rel=\"nofollow noopener\">Das Fest<\/a> gibt es seit \u00fcber 40 Jahren, und Offenheit, Toleranz, Vielfalt und ein respektvolles Miteinander geh\u00f6ren seit jeher zum Selbstverst\u00e4ndnis des Festivals\u201c, so die Karlsruher Veranstalter.\n  <\/p>\n<p class=\"mb-6 text-xs-varying md:text-m lg:text-l font-serif group-[.font-sans]:font-sans \">\n    Selbstredend f\u00fcr ein Gr\u00fcndungsmitglied von \u201eTake a Stand\u201c &#8211; einer europ\u00e4ischen Festivalinitiative. <strong class=\"font-bold\">F\u00fcr das Karlsruher Festival spielt es zun\u00e4chst keine Rolle, welche politische Haltung ein K\u00fcnstler vertritt<\/strong> &#8211; die Grenze liegt bei strafbaren Inhalten, Diskriminierung oder menschenfeindlichen \u00c4u\u00dferungen.\n  <\/p>\n<p>    Das Fest Karlsruhe<\/p>\n<p class=\"mb-6 text-xs-varying md:text-m lg:text-l font-serif group-[.font-sans]:font-sans \">\n    <a href=\"https:\/\/www.ka-news.de\/dasfest\" rel=\"nofollow noopener\" target=\"_blank\" class=\"underline \"><strong class=\"font-bold\">Das Fest<\/strong>\u00a0in Karlsruhe<\/a> findet j\u00e4hrlich im Juli in der G\u00fcnther-Klotz-Anlage statt:\u00a0<strong class=\"font-bold\">2027<\/strong> vom\u00a0<strong class=\"font-bold\">22. bis 25. Juli<\/strong>. Die Veranstaltung existiert seit \u00fcber 40 Jahren und bietet neben der kostenpflichtigen Hauptb\u00fchne (2026: 22,70\u20ac f\u00fcr das Tagesticket) noch drei weitere kostenfreie B\u00fchnen sowie einen Familienbereich.\n  <\/p>\n<p class=\"mb-6 text-xs-varying md:text-m lg:text-l font-serif group-[.font-sans]:font-sans \">\n    <strong class=\"font-bold\">Man m\u00fcsse die Haltungen, \u00dcberzeugungen und Perspektiven der K\u00fcnstler als Veranstalter nicht teilen, um ihnen eine B\u00fchne geben zu k\u00f6nnen,<\/strong> so <a href=\"https:\/\/www.ka-news.de\/region\/karlsruhe\/das-fest-in-karlsruhe-der-publikumsmagnet-aus-der-faecherstadt-art-2832398\" target=\"_self\" class=\"underline \" rel=\"nofollow noopener\">Das Fest<\/a> gegen\u00fcber ka-news. \u201eF\u00fcr uns geh\u00f6rt es zur Kunstfreiheit, dass sie diese auch zum Ausdruck bringen k\u00f6nnen.\u201c Kunst vollst\u00e4ndig von der politischen oder gesellschaftlichen Haltung ihrer Urheber zu trennen, halten die Karlsruher Veranstalter f\u00fcr unrealistisch: <strong class=\"font-bold\">Musik und Popkultur h\u00e4tten von jeher gesellschaftliche Debatten aufgegriffen oder angesto\u00dfen.<\/strong>\n  <\/p>\n<p>    <img decoding=\"async\" src=\"https:\/\/images.mgpd.de\/img\/114863728\/crop\/c16_9-w100\/1547422973\/339521060\/250726dasfest2026blond0003carmele.jpg\" alt=\"Blond-Auftritt auf der Hauptb\u00fchne bei Das Fest 2026.\" title=\"Blond-Auftritt auf der Hauptb\u00fchne bei Das Fest 2026.\" loading=\"lazy\" class=\"h-full w-full object-cover\"\/><\/p>\n<p>      Icon vergr\u00f6\u00dfern<\/p>\n<p>    Blond-Auftritt auf der Hauptb\u00fchne bei Das Fest 2026.<br \/>\n    Foto: Tim Carmele<\/p>\n<p>        Schlie\u00dfen <\/p>\n<p>      Icon Schlie\u00dfen<\/p>\n<p>        Icon vergr\u00f6\u00dfern<\/p>\n<p>        Icon verkleinern<\/p>\n<p>      Icon Pfeil bewegen<\/p>\n<p>    Blond-Auftritt auf der Hauptb\u00fchne bei Das Fest 2026.<br \/>\n    Foto: Tim Carmele<\/p>\n<p>            \u201eMan muss auch Widerspruch aushalten\u201c<\/p>\n<p class=\"mb-6 text-xs-varying md:text-m lg:text-l font-serif group-[.font-sans]:font-sans \">\n    Die Karlsruher Veranstaltung stand selbst schon in der Kritik &#8211; allerdings nicht wegen Absagen, sondern wegen Zusagen. Zuletzt 2026 beim <a href=\"https:\/\/www.ka-news.de\/karlsruhe\/freizeit-und-veranstaltungen\/das-fest-2026-stromausfall-zwischenfaelle-und-klare-kuenstlerpositionen-114860651\" target=\"_self\" class=\"underline \" rel=\"nofollow noopener\">Auftritt des Hamburger Rappers Disarstar<\/a> &#8211; <a href=\"https:\/\/www.ka-news.de\/karlsruhe\/disarstar-attackiert-cdu-auf-das-fest-partei-weist-verbotsvorwuerfe-zurueck-1-114862546\" target=\"_self\" class=\"underline \" rel=\"nofollow noopener\">mit dessen Auftritt die lokale CDU im Vorfeld als auch im Nachgang nicht einverstanden war.<\/a> Man versuchte Einfluss zu nehmen. <a href=\"https:\/\/www.ka-news.de\/region\/karlsruhe\/das-fest-2017-feine-sahne-fischfilet-duerfen-spielen-art-2084673\" target=\"_self\" class=\"underline \" rel=\"nofollow noopener\">Gleiche Forderungen gab es schon 2017 beim Auftritt der Punkband \u201eFeine Sahne Fischfilet\u201c  -damals von der AfD.<\/a>\n  <\/p>\n<p>    <img decoding=\"async\" src=\"https:\/\/images.mgpd.de\/img\/114860376\/crop\/c16_9-w100\/1620621355\/33171918\/240726dasfest2026disarstar0175carmele.jpg\" alt=\"Disarstar am 24. Juli 2026 bei Das Fest 2026.\" title=\"Disarstar am 24. Juli 2026 bei Das Fest 2026.\" loading=\"lazy\" class=\"h-full w-full object-cover\"\/><\/p>\n<p>      Icon vergr\u00f6\u00dfern<\/p>\n<p>    Disarstar am 24. Juli 2026 bei Das Fest 2026.<br \/>\n    Foto: Tim Carmele<\/p>\n<p>        Schlie\u00dfen <\/p>\n<p>      Icon Schlie\u00dfen<\/p>\n<p>        Icon vergr\u00f6\u00dfern<\/p>\n<p>        Icon verkleinern<\/p>\n<p>      Icon Pfeil bewegen<\/p>\n<p>    Disarstar am 24. Juli 2026 bei Das Fest 2026.<br \/>\n    Foto: Tim Carmele<\/p>\n<p class=\"mb-6 text-xs-varying md:text-m lg:text-l font-serif group-[.font-sans]:font-sans \">\n    <strong class=\"font-bold\">\u201eEin Festival kann dabei ein Ort sein, an dem unterschiedliche Menschen und unterschiedliche Perspektiven zusammenkommen \u2013 und an dem man auch Widerspruch aushalten muss<\/strong>\u201c, lautet die klare Kante von <a href=\"https:\/\/www.ka-news.de\/region\/karlsruhe\/das-fest-in-karlsruhe-der-publikumsmagnet-aus-der-faecherstadt-art-2832398\" target=\"_self\" class=\"underline \" rel=\"nofollow noopener\">Das Fest<\/a>. Dementsprechend werden auch die K\u00fcnstlerinnen und K\u00fcnstler f\u00fcr 2027 ausgew\u00e4hlt &#8211; \u201ef\u00fcr unser Booking 2027 bedeutet die aktuelle Debatte deshalb keine \u00c4nderung.\u201c\n  <\/p>\n<p>    <img decoding=\"async\" src=\"https:\/\/images.mgpd.de\/img\/114863458\/crop\/c16_9-w100\/445225570\/148742536\/das-fest-impressions0422n7a7673paulneedham.jpg\" alt=\"Publikum bei Das Fest 2026 in Karlsruhe.\" title=\"Publikum bei Das Fest 2026 in Karlsruhe.\" loading=\"lazy\" class=\"h-full w-full object-cover\"\/><\/p>\n<p>      Icon vergr\u00f6\u00dfern<\/p>\n<p>    Publikum bei Das Fest 2026 in Karlsruhe.<br \/>\n    Foto: Paul Needham<\/p>\n<p>        Schlie\u00dfen <\/p>\n<p>      Icon Schlie\u00dfen<\/p>\n<p>        Icon vergr\u00f6\u00dfern<\/p>\n<p>        Icon verkleinern<\/p>\n<p>      Icon Pfeil bewegen<\/p>\n<p>    Publikum bei Das Fest 2026 in Karlsruhe.<br \/>\n    Foto: Paul Needham<\/p>\n<p class=\"mb-6 text-xs-varying md:text-m lg:text-l font-serif group-[.font-sans]:font-sans \">\n    Man setze sich auch weiterhin intensiv mit den Acts und Inhalten auseinander. \u201eDie Frage ist f\u00fcr uns aber nicht, ob jemand politisch ist oder welche Haltung er vertritt. <strong class=\"font-bold\">Entscheidend ist, ob ein K\u00fcnstler zu <a href=\"https:\/\/www.ka-news.de\/region\/karlsruhe\/das-fest-in-karlsruhe-der-publikumsmagnet-aus-der-faecherstadt-art-2832398\" target=\"_self\" class=\"underline \" rel=\"nofollow noopener\">Das Fest <\/a>passt<\/strong> und ob wir mit einem Auftritt in unserem Rahmen verantwortungsvoll umgehen k\u00f6nnen.\u201c\n  <\/p>\n<p>    Das gesamte Statement<\/p>\n<p>      \u201eDas Fest\u201c am 3. September 2026<\/p>\n<p>      Icon Pfeilspitze nach unten<\/p>\n<p class=\"mb-6 text-xs-varying md:text-m lg:text-l font-serif group-[.font-sans]:font-sans \">\n    \u201eDie konkrete Entscheidung beim Gl\u00fccksgef\u00fchle-Festival m\u00f6chten wir nicht bewerten, weil wir die dortigen Absprachen zwischen Veranstalter und K\u00fcnstler nicht kennen.\u00a0\n  <\/p>\n<p class=\"mb-6 text-xs-varying md:text-m lg:text-l font-serif group-[.font-sans]:font-sans \">\n    Grunds\u00e4tzlich ist unsere Haltung bei DAS FEST: Wir glauben nicht, dass ein Festival unpolitisch wird, indem man politische \u00c4u\u00dferungen von K\u00fcnstlerinnen und K\u00fcnstlern ausschlie\u00dft.\u00a0\n  <\/p>\n<p class=\"mb-6 text-xs-varying md:text-m lg:text-l font-serif group-[.font-sans]:font-sans \">\n    Diese Haltung ist \u00e4lter als die aktuelle Debatte: DAS FEST gibt es seit \u00fcber 40 Jahren, und Offenheit, Toleranz, Vielfalt und ein respektvolles Miteinander geh\u00f6ren seit jeher zum Selbstverst\u00e4ndnis des Festivals. Dazu geh\u00f6rt f\u00fcr uns auch unser Engagement als Gr\u00fcndungsmitglied von \u201eTake A Stand\u201c, dem europ\u00e4ischen Zusammenschluss von Festivals, die sich f\u00fcr Toleranz, Menschlichkeit, kulturellen Austausch und gesellschaftlichen Dialog einsetzen.\n  <\/p>\n<p class=\"mb-6 text-xs-varying md:text-m lg:text-l font-serif group-[.font-sans]:font-sans \">\n    Dabei geht es f\u00fcr uns nicht darum, welche politische Haltung ein K\u00fcnstler vertritt. Haltung ist f\u00fcr uns zun\u00e4chst einmal Haltung. K\u00fcnstlerinnen und K\u00fcnstler sind Menschen mit eigenen \u00dcberzeugungen und eigenen Perspektiven. F\u00fcr uns geh\u00f6rt es zur Kunstfreiheit, dass sie diese auch zum Ausdruck bringen k\u00f6nnen. Wir m\u00fcssen diese Haltungen und Aussagen nicht teilen, um ihnen eine B\u00fchne geben zu k\u00f6nnen. Entscheidend ist die klare Unterscheidung zwischen der Haltung eines K\u00fcnstlers und der Haltung des Veranstalters.\n  <\/p>\n<p class=\"mb-6 text-xs-varying md:text-m lg:text-l font-serif group-[.font-sans]:font-sans \">\n    Kunst vollst\u00e4ndig von der politischen oder gesellschaftlichen Haltung ihrer Urheber zu trennen, halten wir deshalb f\u00fcr unrealistisch. Gerade Musik und Popkultur haben immer wieder gesellschaftliche Debatten aufgegriffen und angesto\u00dfen. Ein Festival kann dabei ein Ort sein, an dem unterschiedliche Menschen und unterschiedliche Perspektiven zusammenkommen \u2013 und an dem man auch Widerspruch aushalten muss.\n  <\/p>\n<p class=\"mb-6 text-xs-varying md:text-m lg:text-l font-serif group-[.font-sans]:font-sans \">\n    Nat\u00fcrlich gibt es f\u00fcr uns Grenzen. Wo es um strafbare Inhalte, Diskriminierung oder menschenfeindliche \u00c4u\u00dferungen geht, ist eine andere Bewertung notwendig. Eine Haltung allein darf aber nie Ausschlusskriterium sein.\n  <\/p>\n<p class=\"mb-6 text-xs-varying md:text-m lg:text-l font-serif group-[.font-sans]:font-sans \">\n    F\u00fcr unser Booking 2027 bedeutet die aktuelle Debatte deshalb keine \u00c4nderung. Wir setzen uns selbstverst\u00e4ndlich intensiv mit K\u00fcnstlerinnen und K\u00fcnstlern und ihren Inhalten auseinander. Die Frage ist f\u00fcr uns aber nicht, ob jemand politisch ist oder welche Haltung er vertritt. Entscheidend ist, ob ein K\u00fcnstler zu DAS FEST passt und ob wir mit einem Auftritt in unserem Rahmen verantwortungsvoll umgehen k\u00f6nnen.\u201c\n  <\/p>\n","protected":false},"excerpt":{"rendered":"\u201eDie konkrete Entscheidung beim Gl\u00fccksgef\u00fchle-Festival m\u00f6chten wir nicht bewerten, weil wir die dortigen Absprachen zwischen Veranstalter und K\u00fcnstler&hellip;\n","protected":false},"author":2,"featured_media":1279162,"comment_status":"","ping_status":"","sticky":false,"template":"","format":"standard","meta":{"footnotes":"","_share_on_mastodon":"0"},"categories":[1844],"tags":[186,1634,31,55272,3364,29,2155,30,263947,14835,8903,54992,46495,188551],"class_list":["post-1281319","post","type-post","status-publish","format-standard","has-post-thumbnail","category-karlsruhe","tag-afd","tag-baden-wuerttemberg","tag-cdu","tag-das-fest","tag-de","tag-deutschland","tag-feine-sahne-fischfilet","tag-germany","tag-gluecksgefuehl","tag-hockenheim","tag-karlsruhe","tag-kunstfreiheit","tag-lukas-podolski","tag-markus-krampe"],"share_on_mastodon":{"url":"https:\/\/pubeurope.com\/@de\/117215970948955226","error":""},"_links":{"self":[{"href":"https:\/\/www.europesays.com\/de\/wp-json\/wp\/v2\/posts\/1281319","targetHints":{"allow":["GET"]}}],"collection":[{"href":"https:\/\/www.europesays.com\/de\/wp-json\/wp\/v2\/posts"}],"about":[{"href":"https:\/\/www.europesays.com\/de\/wp-json\/wp\/v2\/types\/post"}],"author":[{"embeddable":true,"href":"https:\/\/www.europesays.com\/de\/wp-json\/wp\/v2\/users\/2"}],"replies":[{"embeddable":true,"href":"https:\/\/www.europesays.com\/de\/wp-json\/wp\/v2\/comments?post=1281319"}],"version-history":[{"count":0,"href":"https:\/\/www.europesays.com\/de\/wp-json\/wp\/v2\/posts\/1281319\/revisions"}],"wp:featuredmedia":[{"embeddable":true,"href":"https:\/\/www.europesays.com\/de\/wp-json\/wp\/v2\/media\/1279162"}],"wp:attachment":[{"href":"https:\/\/www.europesays.com\/de\/wp-json\/wp\/v2\/media?parent=1281319"}],"wp:term":[{"taxonomy":"category","embeddable":true,"href":"https:\/\/www.europesays.com\/de\/wp-json\/wp\/v2\/categories?post=1281319"},{"taxonomy":"post_tag","embeddable":true,"href":"https:\/\/www.europesays.com\/de\/wp-json\/wp\/v2\/tags?post=1281319"}],"curies":[{"name":"wp","href":"https:\/\/api.w.org\/{rel}","templated":true}]}}