{"id":1281324,"date":"2026-09-05T02:03:32","date_gmt":"2026-09-05T02:03:32","guid":{"rendered":"https:\/\/www.europesays.com\/de\/1281324\/"},"modified":"2026-09-05T02:03:32","modified_gmt":"2026-09-05T02:03:32","slug":"guetersloh-raeuber-stellt-sich-nach-ueberfall","status":"publish","type":"post","link":"https:\/\/www.europesays.com\/de\/1281324\/","title":{"rendered":"G\u00fctersloh: R\u00e4uber stellt sich nach \u00dcberfall"},"content":{"rendered":"<p>Ein R\u00e4uber in G\u00fctersloh hat sich gestern selbst bei der Polizei gestellt. Vorgestern Abend hatte er einen 23-J\u00e4hrigen an der Berliner Stra\u00dfe unvermittelt ins Gesicht geschlagen und ihm dann die Geldb\u00f6rse gestohlen. Das Opfer erlitt dabei schwere Verletzungen.<\/p>\n<p>Ermittlungsverfahren gegen Tatverd\u00e4chtigen<\/p>\n<p>Gegen den 23-j\u00e4hrigen Tatverd\u00e4chtigen l\u00e4uft jetzt ein Ermittlungsverfahren.<\/p>\n","protected":false},"excerpt":{"rendered":"Ein R\u00e4uber in G\u00fctersloh hat sich gestern selbst bei der Polizei gestellt. Vorgestern Abend hatte er einen 23-J\u00e4hrigen&hellip;\n","protected":false},"author":2,"featured_media":1281325,"comment_status":"","ping_status":"","sticky":false,"template":"","format":"standard","meta":{"footnotes":"","_share_on_mastodon":"0"},"categories":[1841],"tags":[24023,1605,3364,29,6212,30,23744,1584,1209,121],"class_list":["post-1281324","post","type-post","status-publish","format-standard","has-post-thumbnail","category-bielefeld","tag-berliner-strasse","tag-bielefeld","tag-de","tag-deutschland","tag-ermittlungsverfahren","tag-germany","tag-guetersloh","tag-kriminalitaet","tag-nordrhein-westfalen","tag-polizei"],"share_on_mastodon":{"url":"https:\/\/pubeurope.com\/@de\/117215979441355981","error":""},"_links":{"self":[{"href":"https:\/\/www.europesays.com\/de\/wp-json\/wp\/v2\/posts\/1281324","targetHints":{"allow":["GET"]}}],"collection":[{"href":"https:\/\/www.europesays.com\/de\/wp-json\/wp\/v2\/posts"}],"about":[{"href":"https:\/\/www.europesays.com\/de\/wp-json\/wp\/v2\/types\/post"}],"author":[{"embeddable":true,"href":"https:\/\/www.europesays.com\/de\/wp-json\/wp\/v2\/users\/2"}],"replies":[{"embeddable":true,"href":"https:\/\/www.europesays.com\/de\/wp-json\/wp\/v2\/comments?post=1281324"}],"version-history":[{"count":0,"href":"https:\/\/www.europesays.com\/de\/wp-json\/wp\/v2\/posts\/1281324\/revisions"}],"wp:featuredmedia":[{"embeddable":true,"href":"https:\/\/www.europesays.com\/de\/wp-json\/wp\/v2\/media\/1281325"}],"wp:attachment":[{"href":"https:\/\/www.europesays.com\/de\/wp-json\/wp\/v2\/media?parent=1281324"}],"wp:term":[{"taxonomy":"category","embeddable":true,"href":"https:\/\/www.europesays.com\/de\/wp-json\/wp\/v2\/categories?post=1281324"},{"taxonomy":"post_tag","embeddable":true,"href":"https:\/\/www.europesays.com\/de\/wp-json\/wp\/v2\/tags?post=1281324"}],"curies":[{"name":"wp","href":"https:\/\/api.w.org\/{rel}","templated":true}]}}