{"id":1281326,"date":"2026-09-05T02:05:16","date_gmt":"2026-09-05T02:05:16","guid":{"rendered":"https:\/\/www.europesays.com\/de\/1281326\/"},"modified":"2026-09-05T02:05:16","modified_gmt":"2026-09-05T02:05:16","slug":"jetzt-mitmachen-benoten-sie-die-leistung-der-arminia-spieler-nach-dem-22-gegen-st-pauli","status":"publish","type":"post","link":"https:\/\/www.europesays.com\/de\/1281326\/","title":{"rendered":"Jetzt mitmachen: Benoten Sie die Leistung der Arminia-Spieler nach dem 2:2 gegen St. Pauli"},"content":{"rendered":"<p id=\"absatz1\" class=\"em_text\">Bielefeld. Ab sofort k\u00f6nnen Sie als Nutzer von nw.de die Leistungen der Arminia-Profis nach jedem Spiel bewerten, selbstverst\u00e4ndlich auch im Anschluss an die Ligapartie gegen den FC St. Pauli, bei dem sich der DSC an diesem Freitagabend in der Sch\u00fcco-Arena mit 2:2 von den Hamburgern getrennt hat. Mit unserem neuen Tool vergeben Sie Schulnoten von 1 bis 6 \u2013 einfach und mit wenigen Klicks.<\/p>\n<p id=\"absatz2\" class=\"em_text\">Im Laufe der Saison kommt so eine umfassende Statistik f\u00fcr jeden DSC-Profi zusammen, inklusive der Faneindr\u00fccke. Und nat\u00fcrlich stehen auch die Benotungen unserer Redakteure als Vergleich zur Verf\u00fcgung. Die ausf\u00fchrliche Einzelkritik gibt es selbstverst\u00e4ndlich wie gewohnt nach jedem Spiel.<\/p>\n<p id=\"absatz3\" class=\"em_text\">Die Teilnahme ist f\u00fcr Sie kostenlos. Einzige Voraussetzung ist ein Nutzerkonto auf nw.de. Klicken Sie einfach auf das unten stehende Fenster, um mitzumachen.<\/p>\n<p>\n        \u00d7\n    <\/p>\n<p>\n            Sie erhalten in wenigen Minuten eine E-Mail zur Best\u00e4tigung Ihrer Anmeldung.\n        <\/p>\n<p>Erst danach ist diese abgeschlossen.<\/p>\n<p>Bitte pr\u00fcfen Sie auch den Spam-Ordner.<\/p>\n<p>\n        \u00d7\n    <\/p>\n<p>\n            Sie haben bisher Ihre E-Mail-Adresse noch nicht best\u00e4tigt.\n        <\/p>\n<p>Erst danach ist diese abgeschlossen.<\/p>\n<p>Bitte pr\u00fcfen Sie auch den Spam-Ordner.<\/p>\n<p>\n        \u00d7\n    <\/p>\n<p>\n            Es ist einen Fehler aufgetreten\n        <\/p>\n<p>Bei Fragen hilft unser Newsletter-Support<\/p>\n<p> Newsletter<\/p>\n<p> DSC Arminia Bielefeld<\/p>\n<p>W\u00f6chentlich alle News rund um Arminia Bielefeld.<\/p>\n<p>                Jetzt anmelden<\/p>\n<p>Hier k\u00f6nnen Sie direkt die Noten verteilen:<\/p>\n","protected":false},"excerpt":{"rendered":"Bielefeld. Ab sofort k\u00f6nnen Sie als Nutzer von nw.de die Leistungen der Arminia-Profis nach jedem Spiel bewerten, selbstverst\u00e4ndlich&hellip;\n","protected":false},"author":2,"featured_media":1281327,"comment_status":"","ping_status":"","sticky":false,"template":"","format":"standard","meta":{"footnotes":"","_share_on_mastodon":"0"},"categories":[1841],"tags":[1605,12433,3364,29,459,30,4281,1611,2379,9308,729,198343,2381,229797,2380,1613,124602,1209,4279,10123,2020],"class_list":["post-1281326","post","type-post","status-publish","format-standard","has-post-thumbnail","category-bielefeld","tag-bielefeld","tag-bielefelder-alm","tag-de","tag-deutschland","tag-fc-st-pauli","tag-germany","tag-label_arminia","tag-label_informiere-mich","tag-label_push","tag-label_republish","tag-label_s-50","tag-meta_artikelklasse_aboanker","tag-meta_copyrights_rgowl_freier_mitarbeiter","tag-meta_prio_1","tag-meta_themen_arminia_bielefeld","tag-meta_userneeds_informieremich","tag-neue-westfaelische","tag-nordrhein-westfalen","tag-serie_nlarminia","tag-serie_nlmittagsnotiz","tag-st-pauli"],"share_on_mastodon":{"url":"https:\/\/pubeurope.com\/@de\/117215987516287503","error":""},"_links":{"self":[{"href":"https:\/\/www.europesays.com\/de\/wp-json\/wp\/v2\/posts\/1281326","targetHints":{"allow":["GET"]}}],"collection":[{"href":"https:\/\/www.europesays.com\/de\/wp-json\/wp\/v2\/posts"}],"about":[{"href":"https:\/\/www.europesays.com\/de\/wp-json\/wp\/v2\/types\/post"}],"author":[{"embeddable":true,"href":"https:\/\/www.europesays.com\/de\/wp-json\/wp\/v2\/users\/2"}],"replies":[{"embeddable":true,"href":"https:\/\/www.europesays.com\/de\/wp-json\/wp\/v2\/comments?post=1281326"}],"version-history":[{"count":0,"href":"https:\/\/www.europesays.com\/de\/wp-json\/wp\/v2\/posts\/1281326\/revisions"}],"wp:featuredmedia":[{"embeddable":true,"href":"https:\/\/www.europesays.com\/de\/wp-json\/wp\/v2\/media\/1281327"}],"wp:attachment":[{"href":"https:\/\/www.europesays.com\/de\/wp-json\/wp\/v2\/media?parent=1281326"}],"wp:term":[{"taxonomy":"category","embeddable":true,"href":"https:\/\/www.europesays.com\/de\/wp-json\/wp\/v2\/categories?post=1281326"},{"taxonomy":"post_tag","embeddable":true,"href":"https:\/\/www.europesays.com\/de\/wp-json\/wp\/v2\/tags?post=1281326"}],"curies":[{"name":"wp","href":"https:\/\/api.w.org\/{rel}","templated":true}]}}