{"id":1281329,"date":"2026-09-05T02:08:28","date_gmt":"2026-09-05T02:08:28","guid":{"rendered":"https:\/\/www.europesays.com\/de\/1281329\/"},"modified":"2026-09-05T02:08:28","modified_gmt":"2026-09-05T02:08:28","slug":"cronenberger-sc-traegt-heimspiel-gegen-langenfeld-auf-sudberg-aus","status":"publish","type":"post","link":"https:\/\/www.europesays.com\/de\/1281329\/","title":{"rendered":"Cronenberger SC tr\u00e4gt Heimspiel gegen Langenfeld auf Sudberg aus"},"content":{"rendered":"<p class=\"text_ohne_einzug richtext text-em-55 !leading-serif mx-6 desktop:mx-0\">Sein Heimspiel gegen den HSV Langenfeld tr\u00e4gt Fu\u00dfball-Bezirksligist Cronenberger SC am Sonntag an der Riedelstra\u00dfe in Sudberg aus (15 Uhr). Die Langenfelder stimmten einem Heimrechtausch nicht zu. Den eigenen Sportplatz an der Hauptstra\u00dfe kann der CSC voraussichtlich ab 21. September wieder nutzen, hofft jedenfalls Gesch\u00e4ftsf\u00fchrer Holger J\u00f6rges. Das Aufbringen der elastischen Tragschicht ist nach einigen Verz\u00f6gerungen fast abgeschlossen, die Kunstrasenrollen liegen bereit. Das n\u00e4chste Heimspiel am 20. September gegen Ortsnachbar FK Jugoslavija ist allerdings auch noch in Sudberg geplant. gh<\/p>\n","protected":false},"excerpt":{"rendered":"Sein Heimspiel gegen den HSV Langenfeld tr\u00e4gt Fu\u00dfball-Bezirksligist Cronenberger SC am Sonntag an der Riedelstra\u00dfe in Sudberg aus&hellip;\n","protected":false},"author":2,"featured_media":1281330,"comment_status":"","ping_status":"","sticky":false,"template":"","format":"standard","meta":{"footnotes":"","_share_on_mastodon":"0"},"categories":[1840],"tags":[35507,3364,29,30,22914,5075,1209,49497,4418],"class_list":["post-1281329","post","type-post","status-publish","format-standard","has-post-thumbnail","category-wuppertal","tag-csc","tag-de","tag-deutschland","tag-germany","tag-heimspiel","tag-hsv","tag-nordrhein-westfalen","tag-sudberg","tag-wuppertal"],"share_on_mastodon":{"url":"","error":""},"_links":{"self":[{"href":"https:\/\/www.europesays.com\/de\/wp-json\/wp\/v2\/posts\/1281329","targetHints":{"allow":["GET"]}}],"collection":[{"href":"https:\/\/www.europesays.com\/de\/wp-json\/wp\/v2\/posts"}],"about":[{"href":"https:\/\/www.europesays.com\/de\/wp-json\/wp\/v2\/types\/post"}],"author":[{"embeddable":true,"href":"https:\/\/www.europesays.com\/de\/wp-json\/wp\/v2\/users\/2"}],"replies":[{"embeddable":true,"href":"https:\/\/www.europesays.com\/de\/wp-json\/wp\/v2\/comments?post=1281329"}],"version-history":[{"count":0,"href":"https:\/\/www.europesays.com\/de\/wp-json\/wp\/v2\/posts\/1281329\/revisions"}],"wp:featuredmedia":[{"embeddable":true,"href":"https:\/\/www.europesays.com\/de\/wp-json\/wp\/v2\/media\/1281330"}],"wp:attachment":[{"href":"https:\/\/www.europesays.com\/de\/wp-json\/wp\/v2\/media?parent=1281329"}],"wp:term":[{"taxonomy":"category","embeddable":true,"href":"https:\/\/www.europesays.com\/de\/wp-json\/wp\/v2\/categories?post=1281329"},{"taxonomy":"post_tag","embeddable":true,"href":"https:\/\/www.europesays.com\/de\/wp-json\/wp\/v2\/tags?post=1281329"}],"curies":[{"name":"wp","href":"https:\/\/api.w.org\/{rel}","templated":true}]}}