{"id":1281334,"date":"2026-09-05T02:12:19","date_gmt":"2026-09-05T02:12:19","guid":{"rendered":"https:\/\/www.europesays.com\/de\/1281334\/"},"modified":"2026-09-05T02:12:19","modified_gmt":"2026-09-05T02:12:19","slug":"ich-kenne-ihn-sehr-gut-trump-putin-will-nato-nicht-angreifen","status":"publish","type":"post","link":"https:\/\/www.europesays.com\/de\/1281334\/","title":{"rendered":"&#8222;Ich kenne ihn sehr gut&#8220;: Trump: Putin will Nato nicht angreifen"},"content":{"rendered":"<p>&#8222;Ich kenne ihn sehr gut&#8220;Trump: Putin will Nato nicht angreifen<\/p>\n<p>05.09.2026, 01:41 Uhr <\/p>\n<p>Artikel anh\u00f6ren(02:19 min)<\/p>\n<p><img decoding=\"async\" class=\"Image_img__fQCi0 Image_Img_16_9__4BLfH widget-picture-inline_maximizable__t_E7h\" loading=\"eager\" fetchpriority=\"high\" src=\"https:\/\/www.europesays.com\/de\/wp-content\/uploads\/2026\/09\/616845883.webp\" alt=\"616845883\"\/>Trump verl\u00e4sst sich bei seiner Einsch\u00e4tzung offenbar auf seine Menschenkenntnis. (Foto: picture alliance \/ abaca)<\/p>\n<p class=\"Typography_text-m__XI0da Typography_weight-bold__uT6mq storyline_lead_text_leadtext__q_wg8\">Der Anschlagsversuch am Flughafen Leipzig\/Halle geht offenbar auf Moskaus Konto. US-Pr\u00e4sident Trump glaubt dennoch nicht, dass von Russland eine Bedrohung f\u00fcr Nato-Staaten ausgeht.  <\/p>\n<p class=\"Typography_text-default__P3otY Typography_weight-normal__pqUbH storyline_paragraph_p__qSR5N\">Nach dem mutma\u00dflich russischen Anschlagsversuch am Flughafen Leipzig\/Halle sieht US-Pr\u00e4sident Donald Trump weiter keine Gefahr eines russischen Angriffs auf die Nato. &#8222;Wir sprechen miteinander, ich kenne ihn sehr gut. Putin will kein Nato-Gebiet angreifen&#8220;, sagte Trump auf die Frage, ob der Fund einer Sprengstoffdrohne am Flughafen Leipzig\/Halle einen solchen Angriff darstelle. N\u00e4her f\u00fchrte der US-Pr\u00e4sident seine Einsch\u00e4tzung nicht aus.<\/p>\n<p class=\"Typography_text-default__P3otY Typography_weight-normal__pqUbH storyline_paragraph_p__qSR5N\">\u00c4hnlich hatte sich Trump bereits Ende August ge\u00e4u\u00dfert, nachdem CIA-Chef John Ratcliffe \u00fcberraschend zu Besuch in Moskau war. Das &#8222;Wall Street Journal&#8220; und das Magazin &#8222;Politico&#8220; hatten zuvor berichtet, Ratcliffe habe den Kreml vor einem Angriff auf Nato-Verb\u00fcndete gewarnt. Zu diesem Zeitpunkt hatte die Bundesregierung Russland allerdings noch nicht offiziell f\u00fcr den Anschlagsversuch verantwortlich gemacht.<\/p>\n<p class=\"Typography_text-default__P3otY Typography_weight-normal__pqUbH storyline_paragraph_p__qSR5N\">Die mit Sprengstoff und einem Z\u00fcndmechanismus pr\u00e4parierte Drohne war Anfang August im Sicherheitsbereich des Flughafens Leipzig\/Halle zwischen ukrainischen Frachtmaschinen entdeckt worden. Der Flughafen ist Umschlagplatz f\u00fcr milit\u00e4rische Hilfslieferungen an die Ukraine. Nach Berichten des Senders CNN und anderen Medien sehen auch US-Geheimdienste starke Hinweise darauf, dass Moskau hinter dem Vorfall steckt.   <\/p>\n<p class=\"Typography_text-default__P3otY Typography_weight-normal__pqUbH storyline_paragraph_p__qSR5N\">Trump k\u00fcndigte zugleich einen neuen diplomatischen Vorsto\u00df zur Beendigung des russischen Angriffskriegs gegen die Ukraine an. Seine Gesandten Jared Kushner und Steve Witkoff seien mit einem Vorschlag &#8222;zur Beendigung des Kriegs&#8220; auf dem Weg nach Moskau und Kiew. &#8222;Wir haben sie hingeschickt, um zu sehen, ob wir etwas erreichen k\u00f6nnen&#8220;, sagte Trump. Es gebe m\u00f6glicherweise eine gute Chance daf\u00fcr. F\u00fcr Witkoff und Kushner ist es der erste Besuch in der ukrainischen Hauptstadt seit Kriegsbeginn. In Moskau waren die beiden zuletzt im Januar f\u00fcr Gespr\u00e4che mit Putin. <\/p>\n<p class=\"Typography_text-s__wu_cm Typography_weight-normal__pqUbH Typography_color-darkgrey__sZEnP article-detail-footer_source__KslPc\">Quelle: ntv.de, ino\/AFP\/dpa<\/p>\n","protected":false},"excerpt":{"rendered":"&#8222;Ich kenne ihn sehr gut&#8220;Trump: Putin will Nato nicht angreifen 05.09.2026, 01:41 Uhr Artikel anh\u00f6ren(02:19 min) Trump verl\u00e4sst&hellip;\n","protected":false},"author":2,"featured_media":1281335,"comment_status":"","ping_status":"","sticky":false,"template":"","format":"standard","meta":{"footnotes":"","_share_on_mastodon":"0"},"categories":[4013],"tags":[331,332,661,106,13,14,1159,15,16,4043,4044,850,307,12,64,306],"class_list":["post-1281334","post","type-post","status-publish","format-standard","has-post-thumbnail","category-russland","tag-aktuelle-nachrichten","tag-aktuelle-news","tag-angriff-auf-die-ukraine","tag-donald-trump","tag-headlines","tag-nachrichten","tag-nato","tag-news","tag-politik","tag-russia","tag-russian-federation","tag-russische-foederation","tag-russland","tag-schlagzeilen","tag-usa","tag-wladimir-putin"],"share_on_mastodon":{"url":"https:\/\/pubeurope.com\/@de\/117216016959116584","error":""},"_links":{"self":[{"href":"https:\/\/www.europesays.com\/de\/wp-json\/wp\/v2\/posts\/1281334","targetHints":{"allow":["GET"]}}],"collection":[{"href":"https:\/\/www.europesays.com\/de\/wp-json\/wp\/v2\/posts"}],"about":[{"href":"https:\/\/www.europesays.com\/de\/wp-json\/wp\/v2\/types\/post"}],"author":[{"embeddable":true,"href":"https:\/\/www.europesays.com\/de\/wp-json\/wp\/v2\/users\/2"}],"replies":[{"embeddable":true,"href":"https:\/\/www.europesays.com\/de\/wp-json\/wp\/v2\/comments?post=1281334"}],"version-history":[{"count":0,"href":"https:\/\/www.europesays.com\/de\/wp-json\/wp\/v2\/posts\/1281334\/revisions"}],"wp:featuredmedia":[{"embeddable":true,"href":"https:\/\/www.europesays.com\/de\/wp-json\/wp\/v2\/media\/1281335"}],"wp:attachment":[{"href":"https:\/\/www.europesays.com\/de\/wp-json\/wp\/v2\/media?parent=1281334"}],"wp:term":[{"taxonomy":"category","embeddable":true,"href":"https:\/\/www.europesays.com\/de\/wp-json\/wp\/v2\/categories?post=1281334"},{"taxonomy":"post_tag","embeddable":true,"href":"https:\/\/www.europesays.com\/de\/wp-json\/wp\/v2\/tags?post=1281334"}],"curies":[{"name":"wp","href":"https:\/\/api.w.org\/{rel}","templated":true}]}}