{"id":1281352,"date":"2026-09-05T02:23:21","date_gmt":"2026-09-05T02:23:21","guid":{"rendered":"https:\/\/www.europesays.com\/de\/1281352\/"},"modified":"2026-09-05T02:23:21","modified_gmt":"2026-09-05T02:23:21","slug":"haushalt-2027-weiterbildung-in-der-warteschleife-gilt-der-koalitionsvertrag-noch","status":"publish","type":"post","link":"https:\/\/www.europesays.com\/de\/1281352\/","title":{"rendered":"Haushalt 2027: Weiterbildung in der Warteschleife \/ Gilt der Koalitionsvertrag noch?"},"content":{"rendered":"<p class=\"date\">04.09.2026 \u2013 16:02<\/p>\n<p class=\"customer\">\n                        <a class=\"story-customer\" title=\"weiter zum newsroom von Deutscher Volkshochschul-Verband\" href=\"https:\/\/www.presseportal.de\/nr\/120024\" rel=\"nofollow noopener\" target=\"_blank\">Deutscher Volkshochschul-Verband<\/a>\n                    <\/p>\n<p><a data-category=\"citylink-story-view\" data-action=\"click\" data-label=\"Citylink in Meldungsansicht\" class=\"story-city event-trigger\" href=\"https:\/\/www.presseportal.de\/regional\/Berlin\" title=\"News aus Berlin \" rel=\"nofollow noopener\" target=\"_blank\">Berlin<\/a> (ots)<\/p>\n<p>Versprochen war die gro\u00dfe Deutschlandreform &#8211; und eine Bildungsoffensive, die zwingend dazugeh\u00f6rt, wenn das Land agil werden soll. Mit ihren Haushaltspl\u00e4nen f\u00fcr 2027 bleibt die Bundesregierung weit dahinter zur\u00fcck. Der DVV warnt: R\u00fcckschritte bei der Sprachf\u00f6rderung f\u00fcr Zugewanderte, Stillstand bei der digitalen Weiterbildung und angezogene Bremsen in der internationalen Zusammenarbeit kann Deutschland sich nicht leisten.<\/p>\n<p> Das Jahr 2027 liegt schon gut in der Mitte der Legislaturperiode: dringend Zeit, die Pl\u00e4ne aus dem Koalitionsvertrag umzusetzen. Das gilt besonders f\u00fcr die Weiterbildung, die daf\u00fcr sorgen soll, dass die Menschen gro\u00dfen Umbr\u00fcchen gewachsen sind und Ver\u00e4nderungen souver\u00e4n begegnen. Der Haushaltsentwurf, den die Regierung vorgelegt hat, zeugt jedoch allenfalls punktuell von Verst\u00e4ndnis f\u00fcr den wirtschaftlichen und politischen Wert von Weiterbildung. Zaudern und Zur\u00fcckrudern \u00fcberwiegen. <\/p>\n<p><b>Integration auf Eis<\/b><\/p>\n<p> Zugewanderten Menschen und Unternehmer*innen, die Deutsch sprechende Arbeitskr\u00e4fte brauchen, macht der Entwurf keine Hoffnung: F\u00fcr Integrationskurse sind bislang lediglich 590 Mio. EUR vorgesehen. Um die Zusage aus dem Koalitionsvertrag einzuhalten, w\u00e4ren jedoch mindestens 900 Mio. EUR notwendig. Das radikal beschnittene Budget steht in krassem Missverh\u00e4ltnis zum tats\u00e4chlichen Bedarf. Menschen, die zur Teilnahme am Integrationskurs verpflichtet sind, stehen k\u00fcnftig noch l\u00e4nger in der Warteschlange f\u00fcr den Kursbesuch statt im Beruf. Und wer freiwillig an einem Integrationskurs teilnehmen m\u00f6chte, hat gar keine Chance mehr: Denn f\u00fcr das im Mai 2026 angek\u00fcndigte Kontingent freiwilliger Teilnahmen bleibt voraussichtlich kein Cent \u00fcbrig. <\/p>\n<p><b>Digitalbildung in Zeitlupe<\/b><\/p>\n<p> Ein Schritt vor, zwei zur\u00fcck in der K\u00f6nigsdisziplin zeitgem\u00e4\u00dfer Weiterbildung: Zwar wird der Titel &#8222;Digitaler Wandel in der Bildung&#8220; gegen\u00fcber dem Haushalt 2026 aufgestockt. Daf\u00fcr schrumpft jedoch die Position &#8222;Digitaler Bildungsraum&#8220; um fast zwei Drittel. Und wer gehofft hat, die Bundesregierung wolle im kommenden Jahr endlich ihre gro\u00dfen Vorhaben in der Digitalbildung realisieren, wird entt\u00e4uscht. Auf die Agenda gesetzt wurden 2025 der DigitalPakt Weiterbildung, ein F\u00f6rderprogramm zur digitalen Teilhabe und eine alters\u00fcbergreifende digitale Kompetenzoffensive. Gerade Letztere k\u00f6nnte die Grundlage f\u00fcr einheitliche Standards bei der Vermittlung digitaler Kompetenzen schaffen. Aber keines der drei Programme ist im Haushaltsentwurf mit einer ausk\u00f6mmlichen eigenst\u00e4ndigen Finanzierung ausgestattet. <\/p>\n<p><b>Internationale Bildungsarbeit klein gedacht<\/b><\/p>\n<p> Deutschlands globale Einbindung hat gesellschaftliche, wirtschaftliche und sicherheitspolitische Dimensionen. Mit Engagement f\u00fcr Bildung weltweit gewinnt unser Land international Partner. Den Sinn daf\u00fcr l\u00e4sst der Haushaltsentwurf vermissen. Weltweite Erwachsenenbildung, wie der DVV sie leistet, ist 2027 auf den aus zwei Posten neu zusammengef\u00fchrten Titel &#8222;F\u00f6rderung zivilgesellschaftlicher Vorhaben privater deutscher Tr\u00e4ger (PT) und Tr\u00e4ger der Sozialstrukturf\u00f6rderung (SSF)&#8220; angewiesen. Daf\u00fcr sind 232 Mio. EUR vorgesehen &#8211; 8,8 Prozent weniger als f\u00fcr die entsprechenden Positionen im Haushalt 2026. <\/p>\n<p><b>Folgenlose Ambitionen?<\/b><\/p>\n<p> Bedenklich ist die K\u00fcrzung beim Titel &#8222;Ma\u00dfnahmen zur St\u00e4rkung von Demokratiebildung und Extremismuspr\u00e4vention&#8220;, in dem das Programm &#8222;Demokratie leben!&#8220; verortet ist: Der Ansatz daf\u00fcr sinkt gegen\u00fcber 2026 um etwa 17 Prozent. Und die Reduzierung der Mittel in der Position &#8222;Weiterbildung und Lebenslanges Lernen&#8220; um rund 10 Prozent sendet ein beunruhigendes Signal nicht nur an die Bildungstr\u00e4ger, sondern auch in eine Gesellschaft, die viel mehr statt weniger Weiterbildung braucht. <\/p>\n<p> &#8222;Die vielen wirkungslosen Ank\u00fcndigungen drohen den Koalitionsvertrag auszuh\u00f6hlen &#8211; und damit auch das Vertrauen in die Bildungspolitik der Bundesregierung&#8220;, kommentiert DVV-Verbandsdirektorin Julia von Westerholt. &#8222;Der Haushalt muss in den f\u00fcr die Weiterbildung relevanten Positionen korrigiert werden. Dabei geht es nicht nur um Geld, sondern auch um Glaubw\u00fcrdigkeit.&#8220; <\/p>\n<p class=\"contact-headline\">Pressekontakt:<\/p>\n<p class=\"contact-text\">Deutscher Volkshochschul-Verband e. V.<br \/>Dr. Angela Rustemeyer, Leitung Verbandskommunikation<br \/>Tel. 0049 228 97569 18, <a href=\"https:\/\/www.presseportal.de\/pm\/120024\/mailto:rustemeyer@dvv-vhs.de\" class=\"uri-mailto\" rel=\"nofollow noopener\" target=\"_blank\">rustemeyer@dvv-vhs.de<\/a><\/p>\n<p class=\"originator\">Original-Content von: Deutscher Volkshochschul-Verband, \u00fcbermittelt durch news aktuell<\/p>\n","protected":false},"excerpt":{"rendered":"04.09.2026 \u2013 16:02 Deutscher Volkshochschul-Verband Berlin (ots) Versprochen war die gro\u00dfe Deutschlandreform &#8211; und eine Bildungsoffensive, die zwingend&hellip;\n","protected":false},"author":2,"featured_media":1266941,"comment_status":"","ping_status":"","sticky":false,"template":"","format":"standard","meta":{"footnotes":"","_share_on_mastodon":"0"},"categories":[1842],"tags":[752,1741,3364,29,30,3659,1209,178,180,179,181,11908,2556],"class_list":["post-1281352","post","type-post","status-publish","format-standard","has-post-thumbnail","category-bonn","tag-bildung","tag-bonn","tag-de","tag-deutschland","tag-germany","tag-integration","tag-nordrhein-westfalen","tag-presse","tag-pressemeldung","tag-pressemitteilung","tag-pressemitteilungen","tag-verbnde","tag-weiterbildung"],"share_on_mastodon":{"url":"","error":""},"_links":{"self":[{"href":"https:\/\/www.europesays.com\/de\/wp-json\/wp\/v2\/posts\/1281352","targetHints":{"allow":["GET"]}}],"collection":[{"href":"https:\/\/www.europesays.com\/de\/wp-json\/wp\/v2\/posts"}],"about":[{"href":"https:\/\/www.europesays.com\/de\/wp-json\/wp\/v2\/types\/post"}],"author":[{"embeddable":true,"href":"https:\/\/www.europesays.com\/de\/wp-json\/wp\/v2\/users\/2"}],"replies":[{"embeddable":true,"href":"https:\/\/www.europesays.com\/de\/wp-json\/wp\/v2\/comments?post=1281352"}],"version-history":[{"count":0,"href":"https:\/\/www.europesays.com\/de\/wp-json\/wp\/v2\/posts\/1281352\/revisions"}],"wp:featuredmedia":[{"embeddable":true,"href":"https:\/\/www.europesays.com\/de\/wp-json\/wp\/v2\/media\/1266941"}],"wp:attachment":[{"href":"https:\/\/www.europesays.com\/de\/wp-json\/wp\/v2\/media?parent=1281352"}],"wp:term":[{"taxonomy":"category","embeddable":true,"href":"https:\/\/www.europesays.com\/de\/wp-json\/wp\/v2\/categories?post=1281352"},{"taxonomy":"post_tag","embeddable":true,"href":"https:\/\/www.europesays.com\/de\/wp-json\/wp\/v2\/tags?post=1281352"}],"curies":[{"name":"wp","href":"https:\/\/api.w.org\/{rel}","templated":true}]}}