{"id":1281358,"date":"2026-09-05T02:27:25","date_gmt":"2026-09-05T02:27:25","guid":{"rendered":"https:\/\/www.europesays.com\/de\/1281358\/"},"modified":"2026-09-05T02:27:25","modified_gmt":"2026-09-05T02:27:25","slug":"pol-mfr-793-ohne-fahrerlaubnis-und-mit-manipulierter-plakette-unterwegs","status":"publish","type":"post","link":"https:\/\/www.europesays.com\/de\/1281358\/","title":{"rendered":"POL-MFR: (793) Ohne Fahrerlaubnis und mit manipulierter Plakette unterwegs"},"content":{"rendered":"<p class=\"date\">04.09.2026 \u2013 12:11<\/p>\n<p class=\"customer\">\n                        <a class=\"story-customer\" title=\"weiter zum newsroom von Polizeipr\u00e4sidium Mittelfranken\" href=\"https:\/\/www.presseportal.de\/blaulicht\/nr\/6013\" rel=\"nofollow noopener\" target=\"_blank\">Polizeipr\u00e4sidium Mittelfranken<\/a>\n                    <\/p>\n<p><a data-category=\"citylink-story-view\" data-action=\"click\" data-label=\"Citylink in Meldungsansicht\" class=\"story-city event-trigger\" href=\"https:\/\/www.presseportal.de\/regional\/N%FCrnberg\" title=\"News aus N\u00fcrnberg \" rel=\"nofollow noopener\" target=\"_blank\">N\u00fcrnberg<\/a> (ots)<\/p>\n<p>Bei einer Verkehrskontrolle in N\u00fcrnberg stellten Beamte der Verkehrspolizeiinspektion N\u00fcrnberg am Donnerstagabend (03.09.2026) gleich mehrere Verst\u00f6\u00dfe fest. Gegen den 60-j\u00e4hrigen Fahrer leitete die Polizei mehrere Ermittlungsverfahren ein.<\/p>\n<p>Gegen 18:00 Uhr hielt eine Streife der Verkehrspolizei einen Mercedes in der Ingolst\u00e4dter Stra\u00dfe zu einer allgemeinen Verkehrskontrolle an. Im Zuge der \u00dcberpr\u00fcfung stellte sich heraus, dass der 60-j\u00e4hrige Deutsche nicht im Besitz einer g\u00fcltigen Fahrerlaubnis war.<\/p>\n<p>Die weitere Kontrolle ergab zudem, dass der Mercedes nicht zugelassen war und kein Haftpflichtversicherungsschutz bestand. Zudem war das am Fahrzeug angebrachte Kennzeichen nicht f\u00fcr den Pkw ausgegeben worden. Nach bisherigen Erkenntnissen hatte der 60-J\u00e4hrige die darauf angebrachte Zulassungsplakette manipuliert.<\/p>\n<p>Dar\u00fcber hinaus ergaben sich Hinweise auf einen vorangegangenen Drogenkonsum. Die Beamten brachten den Mann daraufhin zur Verkehrspolizeiinspektion N\u00fcrnberg, wo ihm ein Arzt eine Blutprobe entnahm. Das Ergebnis der Blutuntersuchung steht noch aus.<\/p>\n<p>Die Polizisten stellten das Kennzeichen sowie den Fahrzeugschl\u00fcssel sicher und untersagten die Weiterfahrt. Den Mercedes stellten sie verkehrssicher ab.<\/p>\n<p>Gegen den 60-J\u00e4hrigen leitete die Polizei unter anderem ein Ermittlungsverfahren wegen des Verdachts der Urkundenf\u00e4lschung, des Fahrens ohne Fahrerlaubnis und des F\u00fchrens eines Kraftfahrzeugs unter dem Einfluss berauschender Mittel sowie wegen weiterer verkehrs-, zulassungs- und abgabenrechtlicher Verst\u00f6\u00dfe ein.<\/p>\n<p>Erstellt durch: Michael Sebald<\/p>\n<p class=\"contact-headline\">R\u00fcckfragen bitte an:<\/p>\n<p class=\"contact-text\">Polizeipr\u00e4sidium Mittelfranken<br \/>Pr\u00e4sidialb\u00fcro &#8211; Pressestelle<br \/>Jakobsplatz 5<br \/>D-90402 N\u00fcrnberg<br \/>E-Mail: <a href=\"https:\/\/www.presseportal.de\/blaulicht\/pm\/6013\/mailto:pp-mfr.pressestelle@polizei.bayern.de\" class=\"uri-mailto\" rel=\"nofollow noopener\" target=\"_blank\">pp-mfr.pressestelle@polizei.bayern.de<\/a><\/p>\n<p>Erreichbarkeiten:<br \/>Montag bis Donnerstag<br \/>07:00 bis 16:00 Uhr<br \/>Freitag<br \/>07:00 bis 15:00 Uhr<br \/>Sonntag<br \/>11:00 bis 14:00 Uhr<\/p>\n<p>Telefon: +49 (0)911 2112 1030<\/p>\n<p>Au\u00dferhalb der B\u00fcrozeiten:<\/p>\n<p>Telefon: +49 (0)911 2112 1553<\/p>\n<p>Die Pressestelle des Polizeipr\u00e4sidiums Mittelfranken im Internet:<br \/><a target=\"_blank\" class=\"uri-ext outbound\" rel=\"noopener nofollow\" href=\"http:\/\/ots.de\/P4TQ8h\">http:\/\/ots.de\/P4TQ8h<\/a><\/p>\n<p class=\"originator\">Original-Content von: Polizeipr\u00e4sidium Mittelfranken, \u00fcbermittelt durch news aktuell<\/p>\n","protected":false},"excerpt":{"rendered":"04.09.2026 \u2013 12:11 Polizeipr\u00e4sidium Mittelfranken N\u00fcrnberg (ots) Bei einer Verkehrskontrolle in N\u00fcrnberg stellten Beamte der Verkehrspolizeiinspektion N\u00fcrnberg am&hellip;\n","protected":false},"author":2,"featured_media":1266941,"comment_status":"","ping_status":"","sticky":false,"template":"","format":"standard","meta":{"footnotes":"","_share_on_mastodon":"0"},"categories":[1837],"tags":[772,2918,3364,29,30,177,3783,121,178,180,179,181],"class_list":["post-1281358","post","type-post","status-publish","format-standard","has-post-thumbnail","category-nuernberg","tag-bayern","tag-by","tag-de","tag-deutschland","tag-germany","tag-kriminalitt","tag-nuernberg","tag-polizei","tag-presse","tag-pressemeldung","tag-pressemitteilung","tag-pressemitteilungen"],"share_on_mastodon":{"url":"https:\/\/pubeurope.com\/@de\/117216073704301274","error":""},"_links":{"self":[{"href":"https:\/\/www.europesays.com\/de\/wp-json\/wp\/v2\/posts\/1281358","targetHints":{"allow":["GET"]}}],"collection":[{"href":"https:\/\/www.europesays.com\/de\/wp-json\/wp\/v2\/posts"}],"about":[{"href":"https:\/\/www.europesays.com\/de\/wp-json\/wp\/v2\/types\/post"}],"author":[{"embeddable":true,"href":"https:\/\/www.europesays.com\/de\/wp-json\/wp\/v2\/users\/2"}],"replies":[{"embeddable":true,"href":"https:\/\/www.europesays.com\/de\/wp-json\/wp\/v2\/comments?post=1281358"}],"version-history":[{"count":0,"href":"https:\/\/www.europesays.com\/de\/wp-json\/wp\/v2\/posts\/1281358\/revisions"}],"wp:featuredmedia":[{"embeddable":true,"href":"https:\/\/www.europesays.com\/de\/wp-json\/wp\/v2\/media\/1266941"}],"wp:attachment":[{"href":"https:\/\/www.europesays.com\/de\/wp-json\/wp\/v2\/media?parent=1281358"}],"wp:term":[{"taxonomy":"category","embeddable":true,"href":"https:\/\/www.europesays.com\/de\/wp-json\/wp\/v2\/categories?post=1281358"},{"taxonomy":"post_tag","embeddable":true,"href":"https:\/\/www.europesays.com\/de\/wp-json\/wp\/v2\/tags?post=1281358"}],"curies":[{"name":"wp","href":"https:\/\/api.w.org\/{rel}","templated":true}]}}