{"id":1281359,"date":"2026-09-05T02:28:45","date_gmt":"2026-09-05T02:28:45","guid":{"rendered":"https:\/\/www.europesays.com\/de\/1281359\/"},"modified":"2026-09-05T02:28:45","modified_gmt":"2026-09-05T02:28:45","slug":"vfb-stuttgart-faninfo-fcnvfb","status":"publish","type":"post","link":"https:\/\/www.europesays.com\/de\/1281359\/","title":{"rendered":"VfB Stuttgart | Faninfo FCNVfB"},"content":{"rendered":"<p>Am dritten Spieltag gastieren die VfB Frauen bei den ClubFrauen. Die Fanbeauftragten haben alles Wissenswerte f\u00fcr den Besuch aufbereitet.<\/p>\n<p>Am Sonntag, 6. September 2026, sind die VfB Frauen im Max-Morlock-Stadion in N\u00fcrnberg zu Gast. Der Anpfiff erfolgt um 18.30 Uhr. <a href=\"https:\/\/www.ticket-onlineshop.com\/ols\/fcn\/de\/clubfrauen\/channel\/shop\/areaplan\/venue\/event\/670904\" rel=\"nofollow noopener\" target=\"_blank\">Tickets sind weiterhin erh\u00e4ltlich<\/a>, auch an der Tageskasse. Damit die Anreise und der Stadionbesuch m\u00f6glichst reibungslos verlaufen, haben die Fanbeauftragten die wichtigsten Informationen f\u00fcr G\u00e4stefans in N\u00fcrnberg zusammengestellt.<\/p>\n<p><img decoding=\"async\" src=\"https:\/\/www.europesays.com\/de\/wp-content\/uploads\/2026\/09\/Max-Morlock-Stadion_00000_f_352x198.png\" alt=\"\"\/><\/p>\n<p><strong>G\u00e4stebereich<\/strong><\/p>\n<p>F\u00fcr VfB-Fans steht der G\u00e4steblock 25D zur Verf\u00fcgung.<\/p>\n<p><strong>Stadion\u00f6ffnung, Einlass und Tageskasse<\/strong><\/p>\n<ul class=\"triangle\">\n<li>Stadion\u00f6ffnung: 17.30 Uhr.<\/li>\n<li>Stock-Regenschirme d\u00fcrfen nicht ins Max-Morlock-Stadion mitgenommen werden; erlaubt aber ist bei Regen-Wetter etwa das Mitf\u00fchren eines faltbaren Schirmes.<\/li>\n<li>Sperrige Gegenst\u00e4nde wie z. B. Kinderw\u00e4gen, Rollst\u00fchle (Ausnahme: mit entsprechendem Ticket auf der Haupttrib\u00fcne) d\u00fcrfen nicht mit ins Stadion genommen werden und k\u00f6nnen auch nicht an den Eing\u00e4ngen verwahrt werden.<\/li>\n<li><a href=\"https:\/\/www.fcn.de\/der-club\/stadion\/stadionordnung\/\" rel=\"nofollow noopener\" target=\"_blank\">Stadionordnung<\/a><\/li>\n<li>Es wird am Eingang \u201eGegengerade\u201c eine Tageskasse geben, diese \u00f6ffnet ebenfalls 60 Minuten vor Anpfiff.<\/li>\n<\/ul>\n<p><strong>Erlaubte Fanutensilien<\/strong><\/p>\n<p>Folgende Fanutensilien sind f\u00fcr den Bereich 25D erlaubt:<\/p>\n<ul class=\"triangle\">\n<li>Megaphone<\/li>\n<li>Trommeln einseitig einsehbar<\/li>\n<li>Fahnen:\n<ul class=\"triangle\">\n<li>Doppelhalter aus Stoff bis 2 m Stockl\u00e4nge<\/li>\n<li>Fahnen aus Stoff bis 2 m Stockl\u00e4nge<\/li>\n<li>Schwenkfahnen aus Stoff<\/li>\n<li>Zaunfahnen solange der Platz reicht<\/li>\n<\/ul>\n<\/li>\n<\/ul>\n<p><strong>Rucks\u00e4cke und Kameras<\/strong><\/p>\n<p>Kleinere, \u00fcbersichtliche Rucks\u00e4cke oder auch G\u00fcrteltaschen d\u00fcrfen nach Kontrolle mitgef\u00fchrt werden. Es wird empfohlen, gr\u00f6\u00dfere Rucksacke oder Taschen in den Autos\/Bussen zu belassen, sie k\u00f6nnen aber auch am Eingang \u201eGegengerade\u201c gegen eine Geb\u00fchr von 2 Euro deponiert werden. Der verf\u00fcgbare Platz ist jedoch begrenzt.<\/p>\n<p>Das Mitf\u00fchren von Fotoapparaten, Videokameras oder \u00e4hnlichen Medien bis zu einer L\u00e4nge von 15 cm inklusive Objektiv, ist zur rein privaten Nutzung erlaubt. Foto-, Film-, Video- oder Tonbandaufnahmen zum Zweck der kommerziellen Nutzung oder \u00f6ffentlichen Darstellung sind nicht erlaubt.<\/p>\n<p><strong>Anreise mit dem Auto\/mit Bussen<\/strong><\/p>\n<p>Die Adresse der Spielst\u00e4tte lautet: <a href=\"https:\/\/www.google.com\/maps\/place\/\/data=!4m2!3m1!1s0x479f59c387db738b:0x684be76d61962f2c?sa=X&amp;ved=1t:8290&amp;ictx=111\" target=\"_blank\" rel=\"noopener nofollow\" data-icon=\"link\">Max-Morlock-Stadion, Max-Morlock-Platz 1, 90471 N\u00fcrnberg<\/a><\/p>\n<p>F\u00fcr alle Fan-Busse und Pkw-Fahrer wird der Parkplatz \u201eGro\u00dfe Stra\u00dfe\u201c empfohlen. Der Fu\u00dfweg zum Eingang \u201eGegengerade\u201c betr\u00e4gt etwa 15-20 Minuten. Eine Umwelt-Plakette wird nicht ben\u00f6tigt.<\/p>\n<p><strong>Anreise mit der Bahn<\/strong><\/p>\n<p>Ausstiegspunkt ist der Haltepunkt \u201eFrankenstadion\u201c. Danach geht es per Fu\u00dfweg zum Eingang \u201eGegengerade\u201c. Die Eintrittskarte berechtigt vor und nach dem Spiel <strong>nicht<\/strong> zur Nutzung der U-Bahn. Der Laufweg von der Bahnstation zum Eingang Gegengerade betr\u00e4gt ca. zehn Minuten.<\/p>\n<p><strong>Catering<\/strong><\/p>\n<p>Speisen und Getr\u00e4nke k\u00f6nnen im gesamten Stadion bar und per Karte bezahlt werden. Die Mitnahme von TetraPaks mit nichtalkoholischen Getr\u00e4nken sind bis 0,5 Liter erlaubt. Grunds\u00e4tzlich werden im gesamten Stadion Mehrwegbecher ausgegeben.<\/p>\n<p><strong>Fanarbeit vor Ort<\/strong><\/p>\n<p>In N\u00fcrnberg ist die Fanbeauftragte Suse eure Ansprechperson. Wir w\u00fcnschen allen VfB-Fans eine angenehme Anreise und ein spannendes Spiel in N\u00fcrnberg.\u00a0<\/p>\n<p>Immer auf dem Laufenden bleiben: Echtzeit-Informationen der Fanbeauftragten gibt es im <a href=\"https:\/\/www.whatsapp.com\/channel\/0029VansQA0Lo4hYlt1hWd00\" rel=\"nofollow noopener\" target=\"_blank\">WhatsApp-Kanal<\/a>.<\/p>\n<p><a href=\"https:\/\/www.vfb.de\/de\/vfb\/aktuell\/neues\/vfb-frauen\/26-27\/matchfacts-1--fc-nuernberg---vfb-frauen\/\" rel=\"nofollow noopener\" target=\"_blank\"><\/p>\n<p><img decoding=\"async\" src=\"https:\/\/www.europesays.com\/de\/wp-content\/uploads\/2026\/09\/scoreplay_temp_F48ADB32-BB88-42C0-B65E-664F3C18658E_00000_x_0x0.JPG\" alt=\"Matchfacts: 1. FC N\u00fcrnberg - VfB Frauen\"\/><\/p>\n<p><\/a><\/p>\n<p><a href=\"https:\/\/www.vfb.de\/de\/vfb\/aktuell\/neues\/vfb-frauen\/26-27\/nico-schneck-vor-fcnvfb\/\" rel=\"nofollow noopener\" target=\"_blank\"><\/p>\n<p><img decoding=\"async\" src=\"https:\/\/www.europesays.com\/de\/wp-content\/uploads\/2026\/09\/Schneck-FCNVfB_00000_x_0x0.JPG\" alt=\"\u201eJeder Punkt ist wertvoll\u201c\"\/><\/p>\n<p><\/a><\/p>\n","protected":false},"excerpt":{"rendered":"Am dritten Spieltag gastieren die VfB Frauen bei den ClubFrauen. Die Fanbeauftragten haben alles Wissenswerte f\u00fcr den Besuch&hellip;\n","protected":false},"author":2,"featured_media":1281360,"comment_status":"","ping_status":"","sticky":false,"template":"","format":"standard","meta":{"footnotes":"","_share_on_mastodon":"0"},"categories":[1837],"tags":[772,3364,29,30,3783],"class_list":["post-1281359","post","type-post","status-publish","format-standard","has-post-thumbnail","category-nuernberg","tag-bayern","tag-de","tag-deutschland","tag-germany","tag-nuernberg"],"share_on_mastodon":{"url":"https:\/\/pubeurope.com\/@de\/117216080588623676","error":""},"_links":{"self":[{"href":"https:\/\/www.europesays.com\/de\/wp-json\/wp\/v2\/posts\/1281359","targetHints":{"allow":["GET"]}}],"collection":[{"href":"https:\/\/www.europesays.com\/de\/wp-json\/wp\/v2\/posts"}],"about":[{"href":"https:\/\/www.europesays.com\/de\/wp-json\/wp\/v2\/types\/post"}],"author":[{"embeddable":true,"href":"https:\/\/www.europesays.com\/de\/wp-json\/wp\/v2\/users\/2"}],"replies":[{"embeddable":true,"href":"https:\/\/www.europesays.com\/de\/wp-json\/wp\/v2\/comments?post=1281359"}],"version-history":[{"count":0,"href":"https:\/\/www.europesays.com\/de\/wp-json\/wp\/v2\/posts\/1281359\/revisions"}],"wp:featuredmedia":[{"embeddable":true,"href":"https:\/\/www.europesays.com\/de\/wp-json\/wp\/v2\/media\/1281360"}],"wp:attachment":[{"href":"https:\/\/www.europesays.com\/de\/wp-json\/wp\/v2\/media?parent=1281359"}],"wp:term":[{"taxonomy":"category","embeddable":true,"href":"https:\/\/www.europesays.com\/de\/wp-json\/wp\/v2\/categories?post=1281359"},{"taxonomy":"post_tag","embeddable":true,"href":"https:\/\/www.europesays.com\/de\/wp-json\/wp\/v2\/tags?post=1281359"}],"curies":[{"name":"wp","href":"https:\/\/api.w.org\/{rel}","templated":true}]}}