{"id":1281388,"date":"2026-09-05T02:50:18","date_gmt":"2026-09-05T02:50:18","guid":{"rendered":"https:\/\/www.europesays.com\/de\/1281388\/"},"modified":"2026-09-05T02:50:18","modified_gmt":"2026-09-05T02:50:18","slug":"fussball-bundesliga-vfb-stuttgart-gibt-stuermer-arevalo-ab-sport","status":"publish","type":"post","link":"https:\/\/www.europesays.com\/de\/1281388\/","title":{"rendered":"Fu\u00dfball-Bundesliga &#8211; VfB Stuttgart gibt St\u00fcrmer Ar\u00e9valo ab &#8211; Sport"},"content":{"rendered":"<p data-manual=\"paragraph\" data-schema-org-speakable=\"true\" class=\"css-1eosz7k\">Stuttgart (dpa\/lsw) &#8211; Der <a href=\"https:\/\/www.sueddeutsche.de\/thema\/VfB_Stuttgart\" rel=\"nofollow noopener\" target=\"_blank\">VfB Stuttgart<\/a> verkleinert weiter seinen Kader. Nach nur einem guten halben Jahr verl\u00e4sst wie erwartet St\u00fcrmer Jeremy Ar\u00e9valo die in der Offensive stark aufgestellten Schwaben wieder. Der 21 Jahre alte Nationalspieler Ecuadors wechselt auf Leihbasis zum portugiesischen Erstligisten Estrela Amadora, wie der VfB nach dem 4:1 gegen den 1. FC K\u00f6ln mitteilte.\u00a0<\/p>\n<p data-manual=\"paragraph\" data-schema-org-speakable=\"true\" class=\"css-1eosz7k\">\u201eF\u00fcr Jeremy ist die Leihe zu Estrela Amadora zum jetzigen Zeitpunkt der richtige Karriereschritt, um in der ersten portugiesischen Liga Spielpraxis und weitere Erfahrungen zu sammeln\u201c, sagte VfB-Sportvorstand Fabian Wohlgemuth.\u00a0<\/p>\n<p>Plattform XDie SZ-Redaktion hat diesen Artikel mit einem Inhalt von Plattform X angereichert<\/p>\n<p class=\"css-kxe210\">Um Ihre Daten zu sch\u00fctzen, wurde er nicht ohne Ihre Zustimmung geladen.<\/p>\n<p>Inhalt jetzt laden<\/p>\n<p class=\"css-orh8zx\">Ich bin damit einverstanden, dass mir Inhalte von Plattform X angezeigt werden. Damit werden personenbezogene Daten an den Betreiber des Portals zur Nutzungsanalyse \u00fcbermittelt. Mehr Informationen und eine Widerrufsm\u00f6glichkeit finden Sie unter\u00a0<a href=\"https:\/\/datenschutz.sueddeutsche.de\/sz\" class=\"css-lqefuc\" rel=\"nofollow noopener\" target=\"_blank\">sz.de\/datenschutz<\/a>.<\/p>\n<p data-manual=\"paragraph\" data-schema-org-speakable=\"true\" class=\"css-1eosz7k\">Ar\u00e9valo war erst im Januar vom spanischen Zweitligisten Racing Santander nach Stuttgart gewechselt, konnte sich aber nicht gegen die Konkurrenz behaupten und spielte kaum eine Rolle. Sein Vertrag beim VfB l\u00e4uft noch bis zum Sommer 2031.\u00a0<\/p>\n<p data-manual=\"paragraph\" data-schema-org-speakable=\"true\" class=\"css-1eosz7k\">Am Donnerstag hatte der schw\u00e4bische Traditionsverein bereits Badredine Bouanani abgegeben. Der Offensivspieler wechselte f\u00fcr eine Spielzeit auf Leihbasis zum schottischen Club Glasgow Rangers.<\/p>\n<p data-manual=\"paragraph\" data-schema-org-speakable=\"true\" class=\"css-1eosz7k\">\u00a9 dpa-infocom, dpa:260905-930-636269\/1<\/p>\n","protected":false},"excerpt":{"rendered":"Stuttgart (dpa\/lsw) &#8211; Der VfB Stuttgart verkleinert weiter seinen Kader. Nach nur einem guten halben Jahr verl\u00e4sst wie&hellip;\n","protected":false},"author":2,"featured_media":1281389,"comment_status":"","ping_status":"","sticky":false,"template":"","format":"standard","meta":{"footnotes":"","_share_on_mastodon":"0"},"categories":[1830],"tags":[1634,299,3364,29,347,9335,30,5170,1209,7118,265,1441,149,1288,2915],"class_list":["post-1281388","post","type-post","status-publish","format-standard","has-post-thumbnail","category-stuttgart","tag-baden-wuerttemberg","tag-bundesliga","tag-de","tag-deutschland","tag-fussball","tag-fussball-transfers","tag-germany","tag-mhp-arena","tag-nordrhein-westfalen","tag-portugal","tag-sport","tag-stuttgart","tag-sueddeutsche-zeitung","tag-transfers","tag-vfb-stuttgart"],"share_on_mastodon":{"url":"https:\/\/pubeurope.com\/@de\/117216164386052511","error":""},"_links":{"self":[{"href":"https:\/\/www.europesays.com\/de\/wp-json\/wp\/v2\/posts\/1281388","targetHints":{"allow":["GET"]}}],"collection":[{"href":"https:\/\/www.europesays.com\/de\/wp-json\/wp\/v2\/posts"}],"about":[{"href":"https:\/\/www.europesays.com\/de\/wp-json\/wp\/v2\/types\/post"}],"author":[{"embeddable":true,"href":"https:\/\/www.europesays.com\/de\/wp-json\/wp\/v2\/users\/2"}],"replies":[{"embeddable":true,"href":"https:\/\/www.europesays.com\/de\/wp-json\/wp\/v2\/comments?post=1281388"}],"version-history":[{"count":0,"href":"https:\/\/www.europesays.com\/de\/wp-json\/wp\/v2\/posts\/1281388\/revisions"}],"wp:featuredmedia":[{"embeddable":true,"href":"https:\/\/www.europesays.com\/de\/wp-json\/wp\/v2\/media\/1281389"}],"wp:attachment":[{"href":"https:\/\/www.europesays.com\/de\/wp-json\/wp\/v2\/media?parent=1281388"}],"wp:term":[{"taxonomy":"category","embeddable":true,"href":"https:\/\/www.europesays.com\/de\/wp-json\/wp\/v2\/categories?post=1281388"},{"taxonomy":"post_tag","embeddable":true,"href":"https:\/\/www.europesays.com\/de\/wp-json\/wp\/v2\/tags?post=1281388"}],"curies":[{"name":"wp","href":"https:\/\/api.w.org\/{rel}","templated":true}]}}