{"id":1281390,"date":"2026-09-05T02:51:23","date_gmt":"2026-09-05T02:51:23","guid":{"rendered":"https:\/\/www.europesays.com\/de\/1281390\/"},"modified":"2026-09-05T02:51:23","modified_gmt":"2026-09-05T02:51:23","slug":"offenbachs-schwimmbad-bekommt-neues-gebaeude-doch-die-kostensteigerung-ist-happig","status":"publish","type":"post","link":"https:\/\/www.europesays.com\/de\/1281390\/","title":{"rendered":"Offenbachs Schwimmbad bekommt neues Geb\u00e4ude \u2013 doch die Kostensteigerung ist happig"},"content":{"rendered":"<ol class=\"id-DonaldBreadcrumb lp_west_breadcrumb id-DonaldBreadcrumb--default\" data-k5a-pos=\"west_breadcrumb\">\n<li class=\"id-Breadcrumb-item\"><a href=\"https:\/\/www.op-online.de\/\" class=\"id-Breadcrumb-link\" data-id-ec=\"{\" shn=\"\" textlink=\"\" data-k5a-pos=\"1_startseite\" rel=\"nofollow noopener\" target=\"_blank\">Startseite<\/a><\/li>\n<li class=\"id-Breadcrumb-item\"><a href=\"https:\/\/www.op-online.de\/offenbach\/\" class=\"id-Breadcrumb-link\" data-id-ec=\"{\" shn=\"\" textlink=\"\" data-k5a-pos=\"2_offenbach\" rel=\"nofollow noopener\" target=\"_blank\">Offenbach<\/a><\/li>\n<\/ol>\n<p class=\"id-Story-timestamp id-Story-timestamp--default\">Stand: 04.09.2026, 17:46 Uhr<\/p>\n<p class=\"id-Story-authors id-Story-authors--default\">Von: <a class=\"id-Story-authors-link lp_west_author\" href=\"https:\/\/www.op-online.de\/autor\/veronika-schade-jg7mz64mp.html\" title=\"Zur Autorenseite von Veronika Schade\" data-id-ec=\"{\" shn=\"\" author-link=\"\" schade=\"\" data-k5a-pos=\"west_author\" rel=\"nofollow noopener\" target=\"_blank\">Veronika Schade<\/a><\/p>\n<p class=\"id-Story-interactionBar id-Story-interactionBar--default\">DruckenTeilen<\/p>\n<p><a href=\"https:\/\/profile.google.com\/cp\/CgsvZy8xMjJqM2RmbBoA\" class=\"id-Story-googleFollowButton id-Story-googleFollowButton--default\" target=\"_blank\" data-id-ec=\"{\" shn=\"\" google-follow=\"\" auf=\"\" google=\"\" folgen=\"\" rel=\"nofollow noopener\">Uns auf Google folgen<\/a><img decoding=\"async\" class=\"id-RatioPlaceholder-element wv_story_el_image\" src=\"https:\/\/www.europesays.com\/de\/wp-content\/uploads\/2026\/09\/43957757-an-der-grundsteinlegung-am-offenbacher-waldschwimmbad-beteiligten-sich-von-links-berit-jano.jpeg\" loading=\"eager\" fetchpriority=\"high\"   height=\"792\" width=\"1408\" alt=\"An der Grundsteinlegung am Offenbacher Waldschwimmbad beteiligten sich (von links) Berit Janotta vom Sportkreis Offenbach, Architekt Matthias Marh&#xF6;fer, OB Felix Schwenke, best OF swim-Gesch&#xE4;ftsf&#xFC;hrer Matthias W&#xF6;rner, SFO-Gesch&#xE4;ftsf&#xFC;hrer Andreas Herzog, Andreja und Peter Ortwein vom WSV.\"\/>\u201eEin besonderer Tag f\u00fcr den Standort und den Sport in Offenbach\u201c: An der Grundsteinlegung am Waldschwimmbad beteiligten sich (von links) Berit Janotta vom Sportkreis Offenbach, Architekt Matthias Marh\u00f6fer, OB Felix Schwenke, best OF swim-Gesch\u00e4ftsf\u00fchrer Matthias W\u00f6rner, SFO-Gesch\u00e4ftsf\u00fchrer Andreas Herzog, Andreja und Peter Ortwein vom WSV. \u00a9\u00a0Schade<\/p>\n<p class=\"id-StoryElement-leadText\">Ende f\u00fcr Umkleiden und Sanit\u00e4ranlagen aus den 1950er Jahren: Am Waldschwimmbad Rosenh\u00f6he wurde der Grundstein f\u00fcr das neue Infrastrukturgeb\u00e4ude gelegt. Zur Vorfreude mischt sich auch ein bisschen Wehmut.<\/p>\n<p class=\"id-StoryElement-paragraph\">Offenbach \u2013 Wenn es ums Thema Schwimmbad geht, wird es in Offenbach schnell emotional. Das ist Oberb\u00fcrgermeister und Sportdezernent Felix Schwenke bewusst: \u201eSchlie\u00dflich wurden in Offenbach Anfang der 90er-Jahre drei von vier Schwimmb\u00e4dern geschlossen, darunter beide Hallenb\u00e4der.\u201c Viele B\u00fcrger w\u00fcnschten ein neues Schwimmbad \u2013 und sie h\u00e4tten recht damit. \u201eAber wenn das Geld nicht reicht, muss man in der Politik ehrlich bleiben.\u201c Zumindest ein kleiner Trost: Das letzte und einzige Offenbacher Bad, das Waldschwimmbad auf der Rosenh\u00f6he, wird deutlich aufgewertet. Am Donnerstag wurde der Grundstein f\u00fcr das neue Infrastrukturgeb\u00e4ude gelegt.<\/p>\n<p>Kosten auf 9 Millionen gestiegen<\/p>\n<p class=\"id-StoryElement-factBox-paragraph\">Der Neubau des Infrastrukturgeb\u00e4udes ist eines von <strong>mehreren Teilprojekten<\/strong> des Gro\u00dfprojektes \u201eRunderneuerung Schwimmbad Rosenh\u00f6he\u201c. Die Kosten f\u00fcr das Geb\u00e4ude betragen rund 9 Millionen Euro und damit um etwa 1,5 Millionen Euro mehr als die <strong>urspr\u00fcngliche Kostensch\u00e4tzung des Grundsatzbeschlusses von 2022<\/strong>, die rund 7,5 Millionen Euro netto taxiert hatte. Gr\u00fcnde f\u00fcr die <strong>Steigerung<\/strong> sind der <strong>Aufwand<\/strong> bei der Errichtung der <strong>Interims-Containeranlage<\/strong>, zus\u00e4tzlich erforderliche<strong> Sch\u00fclerumkleiden<\/strong>, h\u00f6here Kosten f\u00fcr die <strong>Entsorgung von Schadstoffen<\/strong> sowie die <strong>Errichtung des Kiosk-Geb\u00e4udes<\/strong>. \u00dcberdies erfordern der hohe Baumbestand und der <strong>Schwimmbadbetrieb, der w\u00e4hrend der Bauma\u00dfnahmen parallel weiterl\u00e4uft<\/strong>, eine aufw\u00e4ndigere Logistik. <strong>Seit dem Haushaltsjahr 2023 <\/strong>steht Geld im Investitionsprogramm bereit.<\/p>\n<p class=\"id-StoryElement-paragraph\">Annehmbare Duschen und Umkleiden sollen damit geschaffen werden, zudem werden dort Personal- und Technikr\u00e4ume untergebracht. \u201eNichts mit goldenen Wasserh\u00e4hnen, aber alles in anst\u00e4ndiger Qualit\u00e4t\u201c, sagt Schwenke. Die aus den fr\u00fchen 1950er-Jahren stammenden Sanit\u00e4ranlagen und Umkleiden seien komplett abgewirtschaftet gewesen. \u201eGl\u00fccklich, wer eine blaue Umkleide f\u00fcr sich hatte.\u201c Angesichts der Bedeutung des Bads f\u00fcr Offenbach sei ein solcher Zustand nicht l\u00e4nger tragbar gewesen. \u201eEs dient unseren Sch\u00fclern zum Schwimmenlernen, unseren Vereinen f\u00fcr Breiten- und Leistungssport, den aktiven Senioren, Kindern und Familien\u201c, so der OB.<\/p>\n<p class=\"id-StoryElement-paragraph\">Der Neubau ist ein Teilprojekt bei der Gesamtsanierung und -modernisierung des Waldschwimmbads. Eine neue Traglufthalle f\u00fcr das 50-Meter-Becken wurde bereits beschafft. F\u00fcr die Zukunft ist die Erneuerung der Badewassertechnik sowie der Umbau des 25-Meter-Beckens zum Lehrschwimmbecken mit Traglufthalle geplant. Bauherrin ist die Sport- und Freizeit-GmbH Offenbach. Die Kosten f\u00fcr das Bauprojekt liegen bei rund 9 Millionen Euro (dazu Kasten). Das Land Hessen bezuschusst den Bau des neuen Infrastrukturgeb\u00e4udes mit 1 Million Euro aus dem SWIM-Programm. Neben betrieblichen, technischen und hygienischen Vorgaben soll es wirtschaftliche, energetische und nachhaltige Aspekte erf\u00fcllen.<\/p>\n<p>140.000 Besucher im Jahr<\/p>\n<p class=\"id-StoryElement-paragraph\">Geplant ist ein ebenerdiges, barrierefreies Geb\u00e4ude mit einer L\u00e4nge von 76 Metern und einer Breite von 17 Metern. Architekt Matthias Marh\u00f6fer (BZM Architekten) m\u00f6chte das Schwimmbad damit in die Moderne f\u00fchren. \u201eEs ist ein innovatives Geb\u00e4ude, das sich mit seiner Holzfassade gut in die baumreiche Umgebung einf\u00fcgt.\u201c Mit rund 140.000 Besuchern pro Jahr m\u00fcsse es eine beachtliche Menschenmenge bew\u00e4ltigen. Ein Schwimmbad zu bauen, sei darum eine demokratische Aufgabe mit hoher gesellschaftlicher Verantwortung. Auch Berit Janotta, frisch gebackene Leitung des Sportkreises Offenbach, betont das Verbindende am Schwimmen: \u201eIm Wasser begegnen wir uns ganz anders, verschwinden die Unterschiede.\u201c<\/p>\n<p class=\"id-StoryElement-paragraph\">Der Erste Offenbacher Schwimmclub (EOSC) und der Wassersportverein Offenbach (WSV) wurden an den Planungen beteiligt und werden im Neubau ihre eigenen, kleinen R\u00e4ume bekommen. F\u00fcr den EOSC-Vorsitzenden Matthias W\u00f6rner, der zugleich Gesch\u00e4ftsf\u00fchrer der badbetreibenden best OF swim GmbH ist, ist die Grundsteinlegung mit einem lachenden und einem weinenden Auge verbunden: \u201eIch bin seit 1967 Mitglied und habe mein ganzes Vereinsleben im alten Geb\u00e4ude verbracht. Da h\u00e4ngen viele Erinnerungen dran.\u201c Nicht nur bei ihm \u2013 so manches langj\u00e4hrige Mitglied h\u00e4tte am liebsten die alten Kabinent\u00fcren mitgenommen. Der Altbau bleibt f\u00fcr viele immer mit der EOSC-Legende Michael Gro\u00df verbunden. Aber auch das neue Geb\u00e4ude \u00e4ndert nichts an der Ausrichtung des Waldschwimmbads als reines Trainings- und Familienbad.<\/p>\n<p class=\"id-StoryElement-paragraph\">Dass die Traglufthalle \u00fcber dem 50-Meter-Becken in diesem Sommer wegen der Baustelle stehen bleiben musste, beeintr\u00e4chtigte zwar das Freibaderlebnis. Doch weil die B\u00e4der in Heusenstamm und M\u00fchlheim geschlossen waren, blieben laut W\u00f6rner die Besucherzahlen trotzdem stabil. \u201eDas Bad bleibt immer schwimmf\u00e4hig\u201c, betont er im Hinblick auf die kommenden Bauarbeiten. Dies sei man den rund 70.000 Sch\u00fclern, Besuchern und den Vereinen schuldig. Im kommenden Sommer soll die Traglufthalle abgebaut werden \u2013 wenn die Baustellensicherheit und der Fortschritt der Arbeiten es zulassen. Fertig sein soll der Neubau im Herbst 2027.<\/p>\n","protected":false},"excerpt":{"rendered":"Startseite Offenbach Stand: 04.09.2026, 17:46 Uhr Von: Veronika Schade DruckenTeilen Uns auf Google folgen\u201eEin besonderer Tag f\u00fcr den&hellip;\n","protected":false},"author":2,"featured_media":1281391,"comment_status":"","ping_status":"","sticky":false,"template":"","format":"standard","meta":{"footnotes":"","_share_on_mastodon":"0"},"categories":[1829],"tags":[29,2050,2051,30,2052],"class_list":["post-1281390","post","type-post","status-publish","format-standard","has-post-thumbnail","category-frankfurt-am-main","tag-deutschland","tag-frankfurt","tag-frankfurt-am-main","tag-germany","tag-hessen"],"share_on_mastodon":{"url":"https:\/\/pubeurope.com\/@de\/117216169795265738","error":""},"_links":{"self":[{"href":"https:\/\/www.europesays.com\/de\/wp-json\/wp\/v2\/posts\/1281390","targetHints":{"allow":["GET"]}}],"collection":[{"href":"https:\/\/www.europesays.com\/de\/wp-json\/wp\/v2\/posts"}],"about":[{"href":"https:\/\/www.europesays.com\/de\/wp-json\/wp\/v2\/types\/post"}],"author":[{"embeddable":true,"href":"https:\/\/www.europesays.com\/de\/wp-json\/wp\/v2\/users\/2"}],"replies":[{"embeddable":true,"href":"https:\/\/www.europesays.com\/de\/wp-json\/wp\/v2\/comments?post=1281390"}],"version-history":[{"count":0,"href":"https:\/\/www.europesays.com\/de\/wp-json\/wp\/v2\/posts\/1281390\/revisions"}],"wp:featuredmedia":[{"embeddable":true,"href":"https:\/\/www.europesays.com\/de\/wp-json\/wp\/v2\/media\/1281391"}],"wp:attachment":[{"href":"https:\/\/www.europesays.com\/de\/wp-json\/wp\/v2\/media?parent=1281390"}],"wp:term":[{"taxonomy":"category","embeddable":true,"href":"https:\/\/www.europesays.com\/de\/wp-json\/wp\/v2\/categories?post=1281390"},{"taxonomy":"post_tag","embeddable":true,"href":"https:\/\/www.europesays.com\/de\/wp-json\/wp\/v2\/tags?post=1281390"}],"curies":[{"name":"wp","href":"https:\/\/api.w.org\/{rel}","templated":true}]}}