{"id":1281392,"date":"2026-09-05T02:53:23","date_gmt":"2026-09-05T02:53:23","guid":{"rendered":"https:\/\/www.europesays.com\/de\/1281392\/"},"modified":"2026-09-05T02:53:23","modified_gmt":"2026-09-05T02:53:23","slug":"schwere-stoerung-am-flughafen-frankfurt-mit-zwei-lufthansa-jets","status":"publish","type":"post","link":"https:\/\/www.europesays.com\/de\/1281392\/","title":{"rendered":"&#8222;Schwere St\u00f6rung&#8220; am Flughafen Frankfurt mit zwei Lufthansa-Jets"},"content":{"rendered":"<p>Schwere St\u00f6rung am Flughafen <\/p>\n<p>&#8222;Sofort stoppen&#8220; \u2013 Lufthansa-Jet muss Start abbrechen<\/p>\n<p>04.09.2026 &#8211; 19:32 UhrLesedauer: 2 Min.<\/p>\n<p><a href=\"#focus-0\" class=\"transition-colors block text-current relative\" data-sctrack=\"FocusGalleryImage.Reference\"><img fetchpriority=\"high\" data-testid=\"Opener.Image\"   loading=\"eager\" src=\"https:\/\/www.europesays.com\/de\/wp-content\/uploads\/2026\/09\/28-052026-xsvx-reise-urlaub-wirtschaft-emwir-airbus-a320-msn-7710-d-aini-hex-code-3c65c9-lufthansa-b.jpeg\" alt=\"imago images 0857863264\" title=\"imago images 0857863264\" width=\"5000\" height=\"2813\" class=\"bg-[url:var(--lqipURL)] bg-cover bg-center flex h-full w-full max-w-full\" style=\"--lqipURL:url('https:\/\/images.t-online.de\/2026\/09\/jjzhOsdxwslr\/0x260:5000x2813\/fit-in\/150x0\/filters:blur(25)\/28-052026-xsvx-reise-urlaub-wirtschaft-emwir-airbus-a320-msn-7710-d-aini-hex-code-3c65c9-lufthansa-beim-start-in-frankfurt-frankfurt-28-05-2026-xsvx-travel-vacation-economy-emwir-airbus-a320-msn-7710-d-aini-hex-code-3c65c9-lufthansa-at-take-off-in-frankfurt-frankfurt.jpg')\" decoding=\"async\"\/><img loading=\"lazy\" src=\"https:\/\/frankfurt.t-online.de\/s\/paper\/_next\/static\/media\/zoom-in.f7dae02f.svg\" alt=\"Vergr\u00f6\u00dfern des Bildes\" title=\"Vergr\u00f6\u00dfern des Bildes\" class=\"block h-[calc(var(--height)_\/_16_*_1rem)] w-[calc(var(--width)_\/_16_*_1rem)] max-w-none absolute right-8 bottom-8 rounded-4 bg-snow p-8\" style=\"--width:32;--height:32\" decoding=\"async\"\/><\/a><\/p>\n<p>Airbus A320neo der Lufthansa bei einem Start am Flughafen Frankfurt (Archivbild): Die Maschine mit der Kennung D-AINI war in einen Zwischenfall beim Start involviert. (Quelle: IMAGO\/Sven Severing\/imago)<\/p>\n<p><img loading=\"lazy\" src=\"https:\/\/frankfurt.t-online.de\/s\/paper\/_next\/static\/media\/audio-volume.6689034c.svg\" alt=\"\" title=\"\" class=\"block h-[calc(var(--height)_\/_16_*_1rem)] w-[calc(var(--width)_\/_16_*_1rem)] max-w-none group-hover:brightness-0 group-hover:invert\" style=\"--width:16;--height:16\" decoding=\"async\"\/>Vorlesen<\/p>\n<p>Aktuelle Zeit:0:00Gesamtdauer:0:00<\/p>\n<p>1x<img loading=\"lazy\" src=\"https:\/\/frankfurt.t-online.de\/s\/paper\/_next\/static\/media\/font-sizes.32942e33.svg\" alt=\"\" title=\"\" class=\"block h-[calc(var(--height)_\/_16_*_1rem)] w-[calc(var(--width)_\/_16_*_1rem)] max-w-none group-hover:hidden group-aria-expanded:hidden\" style=\"--width:16;--height:16\" decoding=\"async\"\/><img loading=\"lazy\" src=\"https:\/\/frankfurt.t-online.de\/s\/paper\/_next\/static\/media\/font-sizes-dark-mode.e382645c.svg\" alt=\"\" title=\"\" class=\"block h-[calc(var(--height)_\/_16_*_1rem)] w-[calc(var(--width)_\/_16_*_1rem)] max-w-none hidden group-hover:block group-aria-expanded:block\" style=\"--width:16;--height:16\" decoding=\"async\"\/><img loading=\"lazy\" src=\"https:\/\/frankfurt.t-online.de\/s\/paper\/_next\/static\/media\/sharing-menu-icon.1eb71368.svg\" alt=\"\" title=\"\" class=\"block h-[calc(var(--height)_\/_16_*_1rem)] w-[calc(var(--width)_\/_16_*_1rem)] max-w-none group-hover:brightness-0 group-hover:invert\" style=\"--width:16;--height:16\" decoding=\"async\"\/>Artikel teilen<\/p>\n<p class=\"font-bold text-18 leading-17 user-text-lg:text-22 user-text-xl:text-24\">Zwei Lufthansa-Maschinen kommen sich auf einer Startbahn am Frankfurter Flughafen gef\u00e4hrlich nahe. Ein Zwischenbericht zeigt, wie knapp die Situation war.<\/p>\n<p class=\"text-18 leading-17 user-text-lg:text-22 user-text-xl:text-24\">Ein Lufthansa-Airbus hat am <a href=\"https:\/\/www.t-online.de\/themen\/flughafen-frankfurt\/\" class=\"transition-colors cursor-pointer no-underline md:hover:text-magenta md:focus:text-magenta border-b border-solid border-current text-salemsfur md:hover:border-magenta\" data-tracking=\"{&quot;action&quot;:&quot;click&quot;,&quot;category&quot;:&quot;intextLink&quot;,&quot;label&quot;:&quot;https:\/\/www.t-online.de\/themen\/flughafen-frankfurt\/&quot;}\" data-sctrack=\"BodyAnchor\" rel=\"nofollow noopener\" target=\"_blank\">Frankfurter Flughafen<\/a> einen Start abbrechen m\u00fcssen, nachdem eine andere Maschine auf die Startbahn gerollt war. Am Ende kamen sich die beiden Flugzeuge bis auf etwa 155 Meter nahe. Die Bundesstelle f\u00fcr Flugunfalluntersuchung (BFU) stuft den Vorfall in einem vorl\u00e4ufigen Bericht als &#8222;schwere St\u00f6rung&#8220; ein.<\/p>\n<p class=\"text-18 leading-17 user-text-lg:text-22 user-text-xl:text-24\">Der Zwischenfall ereignete sich bereits am Abend des 14. Januar auf der Start- und Landebahn 25C. Der Zwischenbericht der Flugsicherung wurde auf der Website der BFU am 20. August ver\u00f6ffentlicht. Der Bericht zeichnet den Ablauf detailliert nach \u2013 und zeigt, wie die Sicherheitsmechanismen am Flughafen einen potenziellen Unfall verhindert haben.<\/p>\n<p>Flugzeuge gerieten auf einen Kreuzungskurs<\/p>\n<p class=\"text-18 leading-17 user-text-lg:text-22 user-text-xl:text-24\">Demnach sollte ein Airbus A320neo mit 123 Passagieren und sechs Besatzungsmitgliedern nach Oslo fliegen. Eine zweite Maschine vom Typ Airbus A320 war mit 157 Passagieren und sechs Crewmitgliedern auf dem Weg nach Stockholm.<\/p>\n<p class=\"text-18 leading-17 user-text-lg:text-22 user-text-xl:text-24\">Der Oslo-Flug erhielt kurz vor 21.47 Uhr die Startfreigabe. Wenig sp\u00e4ter begann die Maschine ihren Startlauf. Zu diesem Zeitpunkt rollte der andere Airbus noch auf die Piste zu und befand sich rund 50 Meter vor einer markierten Haltelinie.<\/p>\n<p class=\"text-18 leading-17 user-text-lg:text-22 user-text-xl:text-24\">Wenige Sekunden sp\u00e4ter \u00fcberrollte die Stockholm-Maschine diese Linie. Zu diesem Zeitpunkt war der bereits startende A320neo laut BFU noch rund 550 Meter entfernt.<\/p>\n<p>Warnsystem schl\u00e4gt Alarm: Fluglotse handelt sofort<\/p>\n<p class=\"text-18 leading-17 user-text-lg:text-22 user-text-xl:text-24\">Kurz darauf schlug im Tower ein Warnsystem an, das gef\u00e4hrliche Bewegungen auf Start- und Landebahnen erkennt. Der Fluglotse reagierte laut dem Zwischenbericht sofort. Er wies eine Besatzung an, ihre Position zu halten. An die Piloten der bereits beschleunigenden Maschine ging der dringende Befehl: &#8222;stop immediately, I say again, stop immediately&#8220; \u2013 also: sofort stoppen.<\/p>\n<p class=\"text-18 leading-17 user-text-lg:text-22 user-text-xl:text-24\">Zu diesem Zeitpunkt waren die beiden Flugzeuge noch etwa 470 Meter voneinander entfernt. Der startende Airbus hatte bereits eine Geschwindigkeit von 65,8 Knoten erreicht. Das entspricht rund 122 Kilometern pro Stunde.<\/p>\n<p class=\"text-18 leading-17 user-text-lg:text-22 user-text-xl:text-24\">W\u00e4hrend die Piloten den Start abbremsten, rollte der andere Airbus noch mehrere Sekunden weiter. Zwischenzeitlich betrug der Abstand der beiden Maschinen nur noch etwa 235 Meter. Schlie\u00dflich kam der A320neo zum Stillstand. Er befand sich da noch rund 155 Meter von dem anderen Flugzeug entfernt.<\/p>\n<p class=\"text-18 leading-17 user-text-lg:text-22 user-text-xl:text-24\">Verletzt wurde niemand, auch Sachschaden entstand nicht. Beide Maschinen konnten ihre Fl\u00fcge sp\u00e4ter wie geplant durchf\u00fchren.<\/p>\n<p>Besatzung bemerkte anderen Airbus erst sp\u00e4t<\/p>\n<p class=\"text-18 leading-17 user-text-lg:text-22 user-text-xl:text-24\">Aus dem Zwischenbericht geht zudem hervor, dass die Besatzung der nach Stockholm fliegenden Maschine den startenden A320neo nach eigenen Angaben erst bemerkte, als dieser seinen Startlauf bereits begonnen hatte.<\/p>\n<p class=\"text-18 leading-17 user-text-lg:text-22 user-text-xl:text-24\">Nach Aussage der Crew waren am Rollweg die Rand- und Warnleuchten eingeschaltet. Stop-Lichter an der Haltelinie seien jedoch nicht aktiviert gewesen.<\/p>\n","protected":false},"excerpt":{"rendered":"Schwere St\u00f6rung am Flughafen &#8222;Sofort stoppen&#8220; \u2013 Lufthansa-Jet muss Start abbrechen 04.09.2026 &#8211; 19:32 UhrLesedauer: 2 Min. Airbus&hellip;\n","protected":false},"author":2,"featured_media":1281393,"comment_status":"","ping_status":"","sticky":false,"template":"","format":"standard","meta":{"footnotes":"","_share_on_mastodon":"0"},"categories":[1829],"tags":[522,42829,44757,33287,29,2109,3089,2050,2051,30,2052,2108,13341,22272,4409,3809,264376],"class_list":["post-1281392","post","type-post","status-publish","format-standard","has-post-thumbnail","category-frankfurt-am-main","tag-522","tag-a320","tag-airbus-a320","tag-airbus-s-a-s","tag-deutschland","tag-flughafen","tag-flughafen-frankfurt","tag-frankfurt","tag-frankfurt-am-main","tag-germany","tag-hessen","tag-lufthansa","tag-oslo","tag-startbahn","tag-stockholm","tag-stoerung","tag-zwischenbericht"],"share_on_mastodon":{"url":"","error":""},"_links":{"self":[{"href":"https:\/\/www.europesays.com\/de\/wp-json\/wp\/v2\/posts\/1281392","targetHints":{"allow":["GET"]}}],"collection":[{"href":"https:\/\/www.europesays.com\/de\/wp-json\/wp\/v2\/posts"}],"about":[{"href":"https:\/\/www.europesays.com\/de\/wp-json\/wp\/v2\/types\/post"}],"author":[{"embeddable":true,"href":"https:\/\/www.europesays.com\/de\/wp-json\/wp\/v2\/users\/2"}],"replies":[{"embeddable":true,"href":"https:\/\/www.europesays.com\/de\/wp-json\/wp\/v2\/comments?post=1281392"}],"version-history":[{"count":0,"href":"https:\/\/www.europesays.com\/de\/wp-json\/wp\/v2\/posts\/1281392\/revisions"}],"wp:featuredmedia":[{"embeddable":true,"href":"https:\/\/www.europesays.com\/de\/wp-json\/wp\/v2\/media\/1281393"}],"wp:attachment":[{"href":"https:\/\/www.europesays.com\/de\/wp-json\/wp\/v2\/media?parent=1281392"}],"wp:term":[{"taxonomy":"category","embeddable":true,"href":"https:\/\/www.europesays.com\/de\/wp-json\/wp\/v2\/categories?post=1281392"},{"taxonomy":"post_tag","embeddable":true,"href":"https:\/\/www.europesays.com\/de\/wp-json\/wp\/v2\/tags?post=1281392"}],"curies":[{"name":"wp","href":"https:\/\/api.w.org\/{rel}","templated":true}]}}