{"id":1281398,"date":"2026-09-05T02:56:13","date_gmt":"2026-09-05T02:56:13","guid":{"rendered":"https:\/\/www.europesays.com\/de\/1281398\/"},"modified":"2026-09-05T02:56:13","modified_gmt":"2026-09-05T02:56:13","slug":"bier-boobs-brezn-lesbische-wiesn-party","status":"publish","type":"post","link":"https:\/\/www.europesays.com\/de\/1281398\/","title":{"rendered":"\u201eBier, Boobs, Brezn\u201c &#8211; Lesbische Wiesn-Party"},"content":{"rendered":"<p>\u201eBier, Boobs, Brezn\u201c: Auf dem M\u00fcnchner Oktoberfest soll es in diesem Jahr ein Event nur f\u00fcr queere Frauen geben. Am 21. September werden rund 700 Frauen und FLINTA-Personen im Festzelt \u201eBr\u00e4urosl\u201c feiern &#8211; einen Tag nach dem traditionellen Gay Sunday, zu dem vor allem schwule M\u00e4nner kommen.<\/p>\n<p>Und das ist nach Ansicht von Veranstalterin Sina Scherer genau das Problem: \u201eWo sind eigentlich die lesbischen Frauen? In M\u00fcnchen gab es fr\u00fcher viel mehr Orte, an denen lesbische Frauen sichtbar waren und sich selbstverst\u00e4ndlich getroffen haben &#8211; gerade auch im Glockenbachviertel. Viele davon sind verschwunden. Auf der Wiesn haben wir ein \u00e4hnliches Ph\u00e4nomen beobachtet. Es gibt seit Jahrzehnten etablierte queere Termine, aber lesbische Frauen spielen dabei als eigene Community bislang kaum eine sichtbare Rolle\u201c, erl\u00e4utert sie.<\/p>\n<p>\u201eDa haben wir irgendwann gesagt: Dann warten wir nicht darauf, dass jemand einen Raum f\u00fcr uns schafft. Dann schaffen wir ihn selbst.\u201c Das macht sie mit ihren \u201eLost Girls\u201c-Events schon l\u00e4nger, auf der Wiesn ist es eine Premiere.<\/p>\n<p>Wiesn \u201ekein klassischer Queer Space\u201c <\/p>\n<p>\u201eVielleicht ist die Wiesn gerade deshalb ein guter Ort, weil sie kein klassischer Queer Space ist\u201c, sagt Scherer im Interview der Deutschen Presse-Agentur. \u201eDie Wiesn geh\u00f6rt zur M\u00fcnchner Stadtgesellschaft. Hier sitzen unterschiedlichste Generationen, Nationalit\u00e4ten, Milieus und Lebensentw\u00fcrfe nebeneinander auf der Bierbank. Und genau dort sollte queeres Leben selbstverst\u00e4ndlich sichtbar sein &#8211; nicht nur im queeren Club oder beim CSD.\u201c<\/p>\n<p>Nach Angaben der \u201eBr\u00e4urosl\u201c-Wirte Franziska und Peter Reichert gibt es den Rosa Sonntag schon seit mehr als 40 Jahren. 90 Prozent der G\u00e4ste seien m\u00e4nnlich. \u201eHier liegen sich \u00fcber 6.000 M\u00e4nner in den Armen und feiern das Leben und die Liebe.\u201c<\/p>\n<p>Die Nachfrage werde von Jahr zu Jahr gr\u00f6\u00dfer und \u00fcbersteige das Angebot. \u201eSo entstand die Idee, diesen Tag zu verl\u00e4ngern. In diesem Jahr gibt es also zus\u00e4tzlich zum Rosa Sonntag den Rosa Montag.\u201c Und in diesem Rahmen gibt es nun auch die Veranstaltung mit dem Motto \u201eBier, Boobs, Brezn\u201c.<\/p>\n<p>\u00a9 dpa-infocom, dpa:260905-930-636433\/1<\/p>\n","protected":false},"excerpt":{"rendered":"\u201eBier, Boobs, Brezn\u201c: Auf dem M\u00fcnchner Oktoberfest soll es in diesem Jahr ein Event nur f\u00fcr queere Frauen&hellip;\n","protected":false},"author":2,"featured_media":1281399,"comment_status":"","ping_status":"","sticky":false,"template":"","format":"standard","meta":{"footnotes":"","_share_on_mastodon":"0"},"categories":[1827],"tags":[772,29,7488,30,1268,7489,7490],"class_list":["post-1281398","post","type-post","status-publish","format-standard","has-post-thumbnail","category-muenchen","tag-bayern","tag-deutschland","tag-dpa","tag-germany","tag-muenchen","tag-region-bayern","tag-vermischtes"],"share_on_mastodon":{"url":"https:\/\/pubeurope.com\/@de\/117216188031921378","error":""},"_links":{"self":[{"href":"https:\/\/www.europesays.com\/de\/wp-json\/wp\/v2\/posts\/1281398","targetHints":{"allow":["GET"]}}],"collection":[{"href":"https:\/\/www.europesays.com\/de\/wp-json\/wp\/v2\/posts"}],"about":[{"href":"https:\/\/www.europesays.com\/de\/wp-json\/wp\/v2\/types\/post"}],"author":[{"embeddable":true,"href":"https:\/\/www.europesays.com\/de\/wp-json\/wp\/v2\/users\/2"}],"replies":[{"embeddable":true,"href":"https:\/\/www.europesays.com\/de\/wp-json\/wp\/v2\/comments?post=1281398"}],"version-history":[{"count":0,"href":"https:\/\/www.europesays.com\/de\/wp-json\/wp\/v2\/posts\/1281398\/revisions"}],"wp:featuredmedia":[{"embeddable":true,"href":"https:\/\/www.europesays.com\/de\/wp-json\/wp\/v2\/media\/1281399"}],"wp:attachment":[{"href":"https:\/\/www.europesays.com\/de\/wp-json\/wp\/v2\/media?parent=1281398"}],"wp:term":[{"taxonomy":"category","embeddable":true,"href":"https:\/\/www.europesays.com\/de\/wp-json\/wp\/v2\/categories?post=1281398"},{"taxonomy":"post_tag","embeddable":true,"href":"https:\/\/www.europesays.com\/de\/wp-json\/wp\/v2\/tags?post=1281398"}],"curies":[{"name":"wp","href":"https:\/\/api.w.org\/{rel}","templated":true}]}}