{"id":1281408,"date":"2026-09-05T03:04:18","date_gmt":"2026-09-05T03:04:18","guid":{"rendered":"https:\/\/www.europesays.com\/de\/1281408\/"},"modified":"2026-09-05T03:04:18","modified_gmt":"2026-09-05T03:04:18","slug":"unionsfraktionsvize-will-strikten-sparkurs-berlin-story-news","status":"publish","type":"post","link":"https:\/\/www.europesays.com\/de\/1281408\/","title":{"rendered":"Unionsfraktionsvize will strikten Sparkurs &#8211; Berlin Story News"},"content":{"rendered":"<p><img post-id=\"106127\" fifu-featured=\"1\" decoding=\"async\" src=\"https:\/\/www.europesays.com\/de\/wp-content\/uploads\/2026\/09\/dts_image_117867_rmhmsjtaij_348_800_600.jpg\" alt=\"Unionsfraktionsvize will strikten Sparkurs\" title=\"Unionsfraktionsvize will strikten Sparkurs\" width=\"100%\" align=\"LEFT\"\/><br \/>Foto: Mathias Middelberg (Archiv), via dts Nachrichtenagentur<\/p>\n<p>Berlin (dts Nachrichtenagentur) \u2013 Vor den Haushaltsberatungen im Bundestag warnt der stellvertretende Unionsfraktionsvorsitzende Mathias Middelberg (CDU) vor den Folgen einer h\u00f6heren Verschuldung und mahnt einen strikten Sparkurs f\u00fcr die kommenden Jahre an. \u201eWir leben knallhart \u00fcber unsere Verh\u00e4ltnisse. Jeder dritte Euro, den wir ausgeben, ist auf Pump. Wir m\u00fcssen noch viel strenger sparen\u201c, sagte Middelberg der \u201eNeuen Osnabr\u00fccker Zeitung\u201c (Samstagsausgabe).<\/p>\n<p>F\u00fcr 2027 sind Ausgaben in H\u00f6he von 640 Milliarden Euro vorgesehen, inklusive der Sonderverm\u00f6gen. Davon sollen allein mehr als 200 Milliarden Euro \u00fcber neue Kredite finanziert werden. \u201eEin so hoher Schuldenanteil ist auf Dauer brandgef\u00e4hrlich\u201c, mahnte der Unionsfraktionsvize. \u201eWir k\u00f6nnten unser erstklassiges Kredit-Rating verlieren. Das w\u00fcrde die Zinsen erh\u00f6hen und auf Dauer auch allgemein die Preise treiben \u2013 zu Lasten aller Verbraucher\u201c, so der CDU-Politiker weiter. Er rechnet auch f\u00fcr die folgenden Jahre mit einem Kreditanteil von mehr als 30 Prozent.<\/p>\n<p>\u201eDeshalb m\u00fcssen die Sparanstrengungen jetzt massiv weiter versch\u00e4rft werden\u201c, so Middelberg. Im Sommer hatte bereits eine Runde von Haush\u00e4ltern Sparvorschl\u00e4ge gemacht. \u201eDiese Rasenm\u00e4her-Sparrunde muss jetzt zeitnah und mit mehr Ehrgeiz f\u00fcr die kommenden Haushalte neu aufgesetzt werden\u201c, forderte der Unionsfraktionsvize. Konkret schlug er vor, Subventionen, etwa f\u00fcr den Klimaschutz, deutlich zur\u00fcckzufahren. \u201eDabei d\u00fcrfen auch Programme mit der Aufschrift \u201aKlima` kein Tabu sein. Manche dieser Ma\u00dfnahmen haben keine belegbare Effizienz. Eine zu hohe F\u00f6rderung von W\u00e4rmepumpen oder Elektrobussen zum Beispiel treibt schlicht die Preise und kann erforderliche Umstellungen sogar verteuern. Ein schrittweiser Abbau von F\u00f6rderraten k\u00f6nnte den Wettbewerb um effizientere L\u00f6sungen bef\u00f6rdern. Dann k\u00f6nnten wir mit weniger Geld sogar mehr Klimaschutz erreichen\u201c, so der CDU-Politiker.<\/p>\n","protected":false},"excerpt":{"rendered":"Foto: Mathias Middelberg (Archiv), via dts Nachrichtenagentur Berlin (dts Nachrichtenagentur) \u2013 Vor den Haushaltsberatungen im Bundestag warnt der&hellip;\n","protected":false},"author":2,"featured_media":1281409,"comment_status":"","ping_status":"","sticky":false,"template":"","format":"standard","meta":{"footnotes":"","_share_on_mastodon":"0"},"categories":[1825],"tags":[1941,1939,147,296,1937,29,30,1940,1938,16,55],"class_list":["post-1281408","post","type-post","status-publish","format-standard","has-post-thumbnail","category-berlin","tag-aktuelle-nachrichten-aus-berlin","tag-aktuelle-news-aus-berlin","tag-ausland","tag-berlin","tag-berlin-news","tag-deutschland","tag-germany","tag-nachrichten-aus-berlin","tag-news-aus-berlin","tag-politik","tag-wirtschaft"],"share_on_mastodon":{"url":"https:\/\/pubeurope.com\/@de\/117216219840492844","error":""},"_links":{"self":[{"href":"https:\/\/www.europesays.com\/de\/wp-json\/wp\/v2\/posts\/1281408","targetHints":{"allow":["GET"]}}],"collection":[{"href":"https:\/\/www.europesays.com\/de\/wp-json\/wp\/v2\/posts"}],"about":[{"href":"https:\/\/www.europesays.com\/de\/wp-json\/wp\/v2\/types\/post"}],"author":[{"embeddable":true,"href":"https:\/\/www.europesays.com\/de\/wp-json\/wp\/v2\/users\/2"}],"replies":[{"embeddable":true,"href":"https:\/\/www.europesays.com\/de\/wp-json\/wp\/v2\/comments?post=1281408"}],"version-history":[{"count":0,"href":"https:\/\/www.europesays.com\/de\/wp-json\/wp\/v2\/posts\/1281408\/revisions"}],"wp:featuredmedia":[{"embeddable":true,"href":"https:\/\/www.europesays.com\/de\/wp-json\/wp\/v2\/media\/1281409"}],"wp:attachment":[{"href":"https:\/\/www.europesays.com\/de\/wp-json\/wp\/v2\/media?parent=1281408"}],"wp:term":[{"taxonomy":"category","embeddable":true,"href":"https:\/\/www.europesays.com\/de\/wp-json\/wp\/v2\/categories?post=1281408"},{"taxonomy":"post_tag","embeddable":true,"href":"https:\/\/www.europesays.com\/de\/wp-json\/wp\/v2\/tags?post=1281408"}],"curies":[{"name":"wp","href":"https:\/\/api.w.org\/{rel}","templated":true}]}}