{"id":1281421,"date":"2026-09-05T03:13:19","date_gmt":"2026-09-05T03:13:19","guid":{"rendered":"https:\/\/www.europesays.com\/de\/1281421\/"},"modified":"2026-09-05T03:13:19","modified_gmt":"2026-09-05T03:13:19","slug":"ndr-talk-show-aus-hamburg-die-gaeste-heute-abend-am-4-september","status":"publish","type":"post","link":"https:\/\/www.europesays.com\/de\/1281421\/","title":{"rendered":"&#8222;NDR Talk Show&#8220; aus Hamburg: Die G\u00e4ste heute Abend am 4. September"},"content":{"rendered":"<p>Ab 22 Uhr <\/p>\n<p>&#8222;NDR Talk Show&#8220;: Diese Stars sind heute Abend dabei<\/p>\n<p>Aktualisiert am 04.09.2026 &#8211; 20:11 UhrLesedauer: 2 Min.<\/p>\n<p><a href=\"#focus-0\" class=\"transition-colors block text-current relative\" data-sctrack=\"FocusGalleryImage.Reference\"><img fetchpriority=\"high\" data-testid=\"Opener.Image\"   loading=\"eager\" src=\"https:\/\/www.europesays.com\/de\/wp-content\/uploads\/2026\/09\/1788577998_636_hubertus-meyer-burckhardt-und-barbara-schoeneberger-die-moderatoren-der-ndr-talk-show-sind-fast-imme.jpeg\" alt=\"Hubertus Meyer-Burckhardt und Barbara Sch\u00f6neberger: Die Moderatoren der &quot;NDR Talk Show&quot; sind fast immer gut gelaunt.\" title=\"Hubertus Meyer-Burckhardt und Barbara Sch\u00f6neberger: Die Moderatoren der &quot;NDR Talk Show&quot; sind fast immer gut gelaunt.\" width=\"3508\" height=\"1973\" class=\"bg-[url:var(--lqipURL)] bg-cover bg-center flex h-full w-full max-w-full\" style=\"--lqipURL:url('https:\/\/images.t-online.de\/2026\/09\/uBQmCU18yjUm\/1891x125:3508x1973\/fit-in\/150x0\/filters:blur(25)\/hubertus-meyer-burckhardt-und-barbara-schoeneberger-die-moderatoren-der-ndr-talk-show-sind-fast-immer-gut-gelaunt.jpg')\" decoding=\"async\"\/><img loading=\"lazy\" src=\"https:\/\/hamburg.t-online.de\/s\/paper\/_next\/static\/media\/zoom-in.f7dae02f.svg\" alt=\"Vergr\u00f6\u00dfern des Bildes\" title=\"Vergr\u00f6\u00dfern des Bildes\" class=\"block h-[calc(var(--height)_\/_16_*_1rem)] w-[calc(var(--width)_\/_16_*_1rem)] max-w-none absolute right-8 bottom-8 rounded-4 bg-snow p-8\" style=\"--width:32;--height:32\" decoding=\"async\"\/><\/a><\/p>\n<p>Hubertus Meyer-Burckhardt und Barbara Sch\u00f6neberger: Die Moderatoren der &#8222;NDR Talk Show&#8220; sind fast immer gut gelaunt. (Quelle: IMAGO\/Stephan Wallocha)<\/p>\n<p><img loading=\"lazy\" src=\"https:\/\/hamburg.t-online.de\/s\/paper\/_next\/static\/media\/audio-volume.6689034c.svg\" alt=\"\" title=\"\" class=\"block h-[calc(var(--height)_\/_16_*_1rem)] w-[calc(var(--width)_\/_16_*_1rem)] max-w-none group-hover:brightness-0 group-hover:invert\" style=\"--width:16;--height:16\" decoding=\"async\"\/>Vorlesen<\/p>\n<p>Aktuelle Zeit:0:00Gesamtdauer:0:00<\/p>\n<p>1x<img loading=\"lazy\" src=\"https:\/\/hamburg.t-online.de\/s\/paper\/_next\/static\/media\/font-sizes.32942e33.svg\" alt=\"\" title=\"\" class=\"block h-[calc(var(--height)_\/_16_*_1rem)] w-[calc(var(--width)_\/_16_*_1rem)] max-w-none group-hover:hidden group-aria-expanded:hidden\" style=\"--width:16;--height:16\" decoding=\"async\"\/><img loading=\"lazy\" src=\"https:\/\/hamburg.t-online.de\/s\/paper\/_next\/static\/media\/font-sizes-dark-mode.e382645c.svg\" alt=\"\" title=\"\" class=\"block h-[calc(var(--height)_\/_16_*_1rem)] w-[calc(var(--width)_\/_16_*_1rem)] max-w-none hidden group-hover:block group-aria-expanded:block\" style=\"--width:16;--height:16\" decoding=\"async\"\/><img loading=\"lazy\" src=\"https:\/\/hamburg.t-online.de\/s\/paper\/_next\/static\/media\/sharing-menu-icon.1eb71368.svg\" alt=\"\" title=\"\" class=\"block h-[calc(var(--height)_\/_16_*_1rem)] w-[calc(var(--width)_\/_16_*_1rem)] max-w-none group-hover:brightness-0 group-hover:invert\" style=\"--width:16;--height:16\" decoding=\"async\"\/>Artikel teilen<\/p>\n<p class=\"font-bold text-18 leading-17 user-text-lg:text-22 user-text-xl:text-24\">Die Moderatoren der &#8222;NDR Talk Show&#8220; empfangen am Freitag eine illustre Runde. Dabei sind eine Schlager-Legende, ein Satiriker und eine Krimi-Autorin.<\/p>\n<p class=\"text-18 leading-17 user-text-lg:text-22 user-text-xl:text-24\">Barbara Sch\u00f6neberger und Hubertus Meyer-Burckhardt empfangen am Freitag, 4. September, eine neue G\u00e4sterunde in der &#8222;NDR Talk Show&#8220;. Die Sendung l\u00e4uft von 22 Uhr bis Mitternacht im NDR Fernsehen. Wiederholungen zeigt der Sender in der Nacht zum Samstag ab 1.30 Uhr und am Montag, 7. September, ab 2.35 Uhr.<\/p>\n<p class=\"text-18 leading-17 user-text-lg:text-22 user-text-xl:text-24\">Zu den sechs G\u00e4sten geh\u00f6rt ein Lehrer, der unter dem Namen &#8222;Herr Reff&#8220; auftritt und in den sozialen Netzwerken ein gro\u00dfes Publikum erreicht. Nach Angaben des NDR pr\u00e4gen pers\u00f6nliche Br\u00fcche seine Lebensgeschichte \u2013 Erfahrungen, die auch viele seiner Sch\u00fclerinnen und Sch\u00fcler kennen. In seinem Buch besch\u00e4ftigt er sich damit, was Menschen ben\u00f6tigen, um einander wirklich zuzuh\u00f6ren.<\/p>\n<p>&#8222;NDR Talk Show&#8220; am Freitagabend: Gitte H\u00e6nning ist zu Gast<\/p>\n<p class=\"text-18 leading-17 user-text-lg:text-22 user-text-xl:text-24\"><a href=\"https:\/\/berlin.t-online.de\/region\/berlin\/id_101270698\/berlin-schlagerstar-gitte-haenning-wird-80-und-gibt-konzerte-im-tipi.html\" class=\"transition-colors cursor-pointer no-underline md:hover:text-magenta md:focus:text-magenta border-b border-solid border-current text-salemsfur md:hover:border-magenta\" data-tracking=\"{&quot;action&quot;:&quot;click&quot;,&quot;category&quot;:&quot;intextLink&quot;,&quot;label&quot;:&quot;https:\/\/berlin.t-online.de\/region\/berlin\/id_101270698\/berlin-schlagerstar-gitte-haenning-wird-80-und-gibt-konzerte-im-tipi.html&quot;}\" data-sctrack=\"BodyAnchor\" rel=\"nofollow noopener\" target=\"_blank\">Gitte H\u00e6nning hat im Sommer einen runden Geburtstag gefeiert<\/a> \u2013 den 80. Die D\u00e4nin ist gerade auf Tournee. Ihre Karriere begann, als andere Kinder noch Fahrradfahren lernten, und f\u00fchrte sie durch Genres und Jahrzehnte, die kaum unterschiedlicher sein k\u00f6nnten.<\/p>\n<ul class=\"text-18 leading-17 block pl-24 *:pb-16 *:before:inline-block *:before:size-8 *:before:bg-magenta *:before:mt-0 *:before:mr-12 *:before:mb-2 *:before:-ml-[20px]\">\n<li><strong class=\"font-bold\">Wegen teurer OP:<\/strong> <a href=\"https:\/\/hamburg.t-online.de\/region\/hamburg\/id_101405434\/tierheim-buchholz-empoert-besitzer-wollten-chihuahua-einschlaefern-lassen.html\" class=\"transition-colors cursor-pointer no-underline md:hover:text-magenta md:focus:text-magenta border-b border-solid border-current text-salemsfur md:hover:border-magenta\" data-tracking=\"{&quot;action&quot;:&quot;click&quot;,&quot;category&quot;:&quot;intextLink&quot;,&quot;label&quot;:&quot;\/region\/hamburg\/id_101405434\/tierheim-buchholz-empoert-besitzer-wollten-chihuahua-einschlaefern-lassen.html&quot;}\" data-sctrack=\"BodyAnchor\" rel=\"nofollow noopener\" target=\"_blank\">Besitzer wollten Mausi einschl\u00e4fern lassen<\/a><\/li>\n<li><strong class=\"font-bold\">Hamburger TV-Auswanderer:<\/strong> <a href=\"https:\/\/hamburg.t-online.de\/region\/hamburg\/id_101412556\/hamburger-tv-star-konny-reimann-erlebt-boese-ueberraschung-in-neuer-heimat.html\" class=\"transition-colors cursor-pointer no-underline md:hover:text-magenta md:focus:text-magenta border-b border-solid border-current text-salemsfur md:hover:border-magenta\" data-tracking=\"{&quot;action&quot;:&quot;click&quot;,&quot;category&quot;:&quot;intextLink&quot;,&quot;label&quot;:&quot;\/region\/hamburg\/id_101412556\/hamburger-tv-star-konny-reimann-erlebt-boese-ueberraschung-in-neuer-heimat.html&quot;}\" data-sctrack=\"BodyAnchor\" rel=\"nofollow noopener\" target=\"_blank\">Betrug? B\u00f6se \u00dcberraschung f\u00fcr Konny Reimann<\/a><\/li>\n<\/ul>\n<p class=\"text-18 leading-17 user-text-lg:text-22 user-text-xl:text-24\">Christian Ehring ist seit 2011 das Gesicht von &#8222;extra 3&#8220; \u2013 einer Sendung, die \u00e4lter ist als viele ihrer Zuschauer. 1976 ging sie erstmals auf Sendung, in diesem Jahr wird das halbe Jahrhundert voll.<\/p>\n<p>Nele Neuhaus schreibt seit mehr als zwei Jahrzehnten Krimis<\/p>\n<p class=\"text-18 leading-17 user-text-lg:text-22 user-text-xl:text-24\">Mojib Latif besch\u00e4ftigt sich seit Jahrzehnten damit, was auf der Erde passiert \u2013 und sein neuestes Buch dreht sich um etwas, das die meisten f\u00fcr selbstverst\u00e4ndlich halten: dass Wasser aus dem Hahn kommt, wenn man ihn aufdreht. Der Kieler Forscher, der einer der renommiertesten Wissenschaftsakademien Deutschlands vorsteht, hat daran begr\u00fcndete Zweifel \u2013 und will in der Sendung erkl\u00e4ren, worauf diese Zweifel beruhen.<\/p>\n<p class=\"text-18 leading-17 user-text-lg:text-22 user-text-xl:text-24\">Nele Neuhaus schreibt seit mehr als zwei Jahrzehnten Kriminalromane, die im Taunus spielen \u2013 und verkauft sie in einer Gr\u00f6\u00dfenordnung, die im deutschen Literaturbetrieb ihresgleichen sucht: \u00fcber elf Millionen Exemplare, \u00fcbersetzt in mehr als 30 Sprachen. Ihr neuer Roman &#8222;Alles wird Asche&#8220; ist gerade erschienen.<\/p>\n","protected":false},"excerpt":{"rendered":"Ab 22 Uhr &#8222;NDR Talk Show&#8220;: Diese Stars sind heute Abend dabei Aktualisiert am 04.09.2026 &#8211; 20:11 UhrLesedauer:&hellip;\n","protected":false},"author":2,"featured_media":1281422,"comment_status":"","ping_status":"","sticky":false,"template":"","format":"standard","meta":{"footnotes":"","_share_on_mastodon":"0"},"categories":[1773],"tags":[722,3176,8265,29,214,30,236702,109196,6204,438,144961,264182,970,471,1780,215],"class_list":["post-1281421","post","type-post","status-publish","format-standard","has-post-thumbnail","category-serien","tag-722","tag-3176","tag-barbara-schoeneberger","tag-deutschland","tag-entertainment","tag-germany","tag-gitte-haenning","tag-hubertus-meyer-burckhardt","tag-lehrkraefte","tag-ndr","tag-ndr-talk-show","tag-nele-neuhaus","tag-schlager","tag-serien","tag-series","tag-unterhaltung"],"share_on_mastodon":{"url":"https:\/\/pubeurope.com\/@de\/117216257571138842","error":""},"_links":{"self":[{"href":"https:\/\/www.europesays.com\/de\/wp-json\/wp\/v2\/posts\/1281421","targetHints":{"allow":["GET"]}}],"collection":[{"href":"https:\/\/www.europesays.com\/de\/wp-json\/wp\/v2\/posts"}],"about":[{"href":"https:\/\/www.europesays.com\/de\/wp-json\/wp\/v2\/types\/post"}],"author":[{"embeddable":true,"href":"https:\/\/www.europesays.com\/de\/wp-json\/wp\/v2\/users\/2"}],"replies":[{"embeddable":true,"href":"https:\/\/www.europesays.com\/de\/wp-json\/wp\/v2\/comments?post=1281421"}],"version-history":[{"count":0,"href":"https:\/\/www.europesays.com\/de\/wp-json\/wp\/v2\/posts\/1281421\/revisions"}],"wp:featuredmedia":[{"embeddable":true,"href":"https:\/\/www.europesays.com\/de\/wp-json\/wp\/v2\/media\/1281422"}],"wp:attachment":[{"href":"https:\/\/www.europesays.com\/de\/wp-json\/wp\/v2\/media?parent=1281421"}],"wp:term":[{"taxonomy":"category","embeddable":true,"href":"https:\/\/www.europesays.com\/de\/wp-json\/wp\/v2\/categories?post=1281421"},{"taxonomy":"post_tag","embeddable":true,"href":"https:\/\/www.europesays.com\/de\/wp-json\/wp\/v2\/tags?post=1281421"}],"curies":[{"name":"wp","href":"https:\/\/api.w.org\/{rel}","templated":true}]}}