{"id":1281428,"date":"2026-09-05T03:17:18","date_gmt":"2026-09-05T03:17:18","guid":{"rendered":"https:\/\/www.europesays.com\/de\/1281428\/"},"modified":"2026-09-05T03:17:18","modified_gmt":"2026-09-05T03:17:18","slug":"juergen-klopp-vertraute-muessen-bei-red-bull-gehen-sport","status":"publish","type":"post","link":"https:\/\/www.europesays.com\/de\/1281428\/","title":{"rendered":"J\u00fcrgen Klopp: Vertraute m\u00fcssen bei Red Bull gehen | Sport"},"content":{"rendered":"<p><a class=\"skip-content skip-content--link\" href=\"#in-content-skip-link-target-v-0-0\">TTS-Player \u00fcberspringen\u21b5<\/a><a id=\"in-content-skip-link-target-v-0-0\" class=\"skip-content--target-link-hidden skip-content skip-content--target-link\" href=\"#in-content-skip-link-target-v-0-0\">Artikel weiterlesen<\/a><\/p>\n<p><b>Am 1. Oktober ist die \u00c4ra J\u00fcrgen Klopp (59) bei Red Bull endg\u00fcltig Geschichte. Dann \u00fcbernimmt Roger Schmidt (59) als neuer globaler Fu\u00dfball-Boss. Und daf\u00fcr wurden schon jetzt die Weichen gestellt!<\/b><\/p>\n<p>Nach BILD-Informationen wurden Anfang der Woche im Global-Team von Red Bull Personalentscheidungen verk\u00fcndet. <a href=\"https:\/\/www.bild.de\/sport\/fussball\/nationalelf-ueberraschung-zum-klopp-start-adidas-bringt-letztes-dfb-trikot-raus-6a99141487159f3cd0820d3d\" class=\"text-link\" rel=\"nofollow noopener\" target=\"_blank\">Klopp, der seit Sommer neuer Bundestrainer ist,<\/a> hatte die Abteilung in seiner anderthalbj\u00e4hrigen Amtszeit mit aufgebaut und Posten besetzt.<\/p>\n<p>Sieben Leute m\u00fcssen nun gehen, darunter Scouts und Datenanalysten. Aber auch J\u00fcrgen Kramny (54), der von Klopp im September vergangenen Jahres zum \u201eTrainer-Scout\u201c gemacht worden war. Der Ex-Bundesliga-Coach hatte die Aufgabe, Trainer zu sichten, die in Zukunft f\u00fcr Red Bull interessant werden k\u00f6nnen.<\/p>\n<p>Auch Thomas Schlieck (56\/u.a. Ex-BVB und DFB) ist unter den Abg\u00e4ngen. Der globale Torwart-Koordinator war nach einer ersten Amtszeit (2012-2015) seit 2020 erneut angestellt und k\u00fcmmerte sich um die Ausbildung der Keeper an allen Standorten.<\/p>\n<p>Mehr zum Thema<\/p>\n<p>Eine enge Vertraute von Klopp wird dem Red-Bull-Netzwerk dagegen erhalten bleiben: Ern\u00e4hrungsexpertin Mona Nemmer (42) wird k\u00fcnftig im Leistungsdiagnostik- und Trainingszentrum in Thalgau (\u201eAthlete Performance Center\u201c) arbeiten. Ihre Expertise wird intern sehr gesch\u00e4tzt. Nemmer arbeitete einst bereits beim FC Bayern, Klopp hatte sie 2016 schlie\u00dflich zum FC Liverpool geholt und sp\u00e4ter mit zu Red Bull genommen.<\/p>\n<p><img decoding=\"async\" width=\"992\" height=\"662\" alt=\"Roger Schmidt wird zum 1. Oktober neuer \u201eHead of Global Soccer\u201c bei Red Bull\" loading=\"lazy\" src=\"https:\/\/www.europesays.com\/de\/wp-content\/uploads\/2026\/09\/51ba08f63ea43ee3bc6b8d2fe111e4c9,e74b0f7e.jpeg\"   class=\"dynamic\"\/><\/p>\n<p class=\"fig__caption__text\">Roger Schmidt wird zum 1. Oktober neuer \u201eHead of Global Soccer\u201c bei Red Bull<\/p>\n<p>Foto: Getty Images<\/p>\n<p>An der Spitze des Global-Teams stehen weiterhin Florian Scholz (\u201eGlobal Head of Soccer Commercial Red Bull\u201c) \u2013 der mit Roger Schmidt auf einer Ebene arbeitet \u2013 sowie Zsolt L\u00f6w (47\/\u201eHead of Soccer Development\u201c) und Mario Gomez (41\/Technischer Direktor).<\/p>\n<p>Red Bull Soccer: Umzug von M\u00fcnchen nach Salzburg<\/p>\n<p>Interessant auch: Die neue Zentrale von \u201eRed Bull Soccer International\u201c soll k\u00fcnftig in Salzburg sein \u2013 statt wie bisher in M\u00fcnchen. In der \u00d6si-Metropole arbeitete Roger Schmidt von 2012 bis 2014 als Trainer. K\u00fcnftig verantwortet er die sieben Red-Bull-Klubs <a href=\"https:\/\/www.bild.de\/sport\/fussball\/rb-leipzig\/startseite-leipzig-31148870.bild.html\" class=\"text-link\" rel=\"nofollow noopener\" target=\"_blank\">RB Leipzig<\/a>, New York, Bragantino (Brasilien), Omiya (Japan), Salzburg, Paris FC sowie Leeds.<\/p>\n","protected":false},"excerpt":{"rendered":"TTS-Player \u00fcberspringen\u21b5Artikel weiterlesen Am 1. Oktober ist die \u00c4ra J\u00fcrgen Klopp (59) bei Red Bull endg\u00fcltig Geschichte. Dann&hellip;\n","protected":false},"author":2,"featured_media":1281429,"comment_status":"","ping_status":"","sticky":false,"template":"","format":"standard","meta":{"footnotes":"","_share_on_mastodon":"0"},"categories":[136],"tags":[1263,29,538,954,30,41271,7645,264378,7646,1268,1655,1651,15043,13018,265,3460,1576,1261],"class_list":["post-1281428","post","type-post","status-publish","format-standard","has-post-thumbnail","category-sport","tag-aufmacher-bereich","tag-deutschland","tag-erste-bundesliga","tag-fc-liverpool","tag-germany","tag-gomez-mario","tag-klopp-juergen","tag-kramny-juergen","tag-loew-zsolt","tag-muenchen","tag-rb-leipzig","tag-red-bull","tag-salzburg","tag-schmidt-roger","tag-sport","tag-sport-leuchtturm-leipzig","tag-super-a-teaser","tag-toralarm-top-news"],"share_on_mastodon":{"url":"https:\/\/pubeurope.com\/@de\/117216272602431386","error":""},"_links":{"self":[{"href":"https:\/\/www.europesays.com\/de\/wp-json\/wp\/v2\/posts\/1281428","targetHints":{"allow":["GET"]}}],"collection":[{"href":"https:\/\/www.europesays.com\/de\/wp-json\/wp\/v2\/posts"}],"about":[{"href":"https:\/\/www.europesays.com\/de\/wp-json\/wp\/v2\/types\/post"}],"author":[{"embeddable":true,"href":"https:\/\/www.europesays.com\/de\/wp-json\/wp\/v2\/users\/2"}],"replies":[{"embeddable":true,"href":"https:\/\/www.europesays.com\/de\/wp-json\/wp\/v2\/comments?post=1281428"}],"version-history":[{"count":0,"href":"https:\/\/www.europesays.com\/de\/wp-json\/wp\/v2\/posts\/1281428\/revisions"}],"wp:featuredmedia":[{"embeddable":true,"href":"https:\/\/www.europesays.com\/de\/wp-json\/wp\/v2\/media\/1281429"}],"wp:attachment":[{"href":"https:\/\/www.europesays.com\/de\/wp-json\/wp\/v2\/media?parent=1281428"}],"wp:term":[{"taxonomy":"category","embeddable":true,"href":"https:\/\/www.europesays.com\/de\/wp-json\/wp\/v2\/categories?post=1281428"},{"taxonomy":"post_tag","embeddable":true,"href":"https:\/\/www.europesays.com\/de\/wp-json\/wp\/v2\/tags?post=1281428"}],"curies":[{"name":"wp","href":"https:\/\/api.w.org\/{rel}","templated":true}]}}