{"id":1281440,"date":"2026-09-05T03:23:23","date_gmt":"2026-09-05T03:23:23","guid":{"rendered":"https:\/\/www.europesays.com\/de\/1281440\/"},"modified":"2026-09-05T03:23:23","modified_gmt":"2026-09-05T03:23:23","slug":"anschlaege-auf-umspannwerke-dobrindt-vermutet-klimaextremismus","status":"publish","type":"post","link":"https:\/\/www.europesays.com\/de\/1281440\/","title":{"rendered":"Anschl\u00e4ge auf Umspannwerke: Dobrindt vermutet Klimaextremismus"},"content":{"rendered":"<p>&#8222;Klimaextremismus&#8220; <\/p>\n<p>Dobrindt \u00e4u\u00dfert Verdacht zu Anschl\u00e4gen auf Umspannwerke<\/p>\n<p>Aktualisiert am 04.09.2026 &#8211; 18:11 UhrLesedauer: 1 Min.<\/p>\n<p><a href=\"#focus-0\" class=\"transition-colors block text-current relative\" data-sctrack=\"FocusGalleryImage.Reference\"><img fetchpriority=\"high\" data-testid=\"Opener.Image\"   loading=\"eager\" src=\"https:\/\/www.europesays.com\/de\/wp-content\/uploads\/2026\/09\/nrw-innenminister-herbert-reul-l-und-bundesinnenminister-alexander-dobrindt-sprechen-zur-entwicklung.jpeg\" alt=\"urn:newsml:dpa.com:20090101:260904-936-80545\" title=\"urn:newsml:dpa.com:20090101:260904-936-80545\" width=\"1769\" height=\"995\" class=\"bg-[url:var(--lqipURL)] bg-cover bg-center flex h-full w-full max-w-full\" style=\"--lqipURL:url('https:\/\/images.t-online.de\/2026\/09\/ZGfAkR5CoJ0F\/89x60:1769x995\/fit-in\/150x0\/filters:blur(25)\/nrw-innenminister-herbert-reul-l-und-bundesinnenminister-alexander-dobrindt-sprechen-zur-entwicklung-nach-den-angriffen-auf-das-stromnetz-in-nordrhein-westfalen-dobrindt-geht-von-einem-klimaextremisten-aus.jpg')\" decoding=\"async\"\/><img loading=\"lazy\" src=\"https:\/\/www.t-online.de\/s\/paper\/_next\/static\/media\/zoom-in.f7dae02f.svg\" alt=\"Vergr\u00f6\u00dfern des Bildes\" title=\"Vergr\u00f6\u00dfern des Bildes\" class=\"block h-[calc(var(--height)_\/_16_*_1rem)] w-[calc(var(--width)_\/_16_*_1rem)] max-w-none absolute right-8 bottom-8 rounded-4 bg-snow p-8\" style=\"--width:32;--height:32\" decoding=\"async\"\/><\/a><\/p>\n<p>NRW-Innenminister Herbert Reul (l.) und Bundesinnenminister Alexander Dobrindt sprechen zur Entwicklung nach den Angriffen auf das Stromnetz in Nordrhein-Westfalen: Dobrindt geht von &#8222;Klimaextremismus&#8220; aus. (Quelle: Christoph Reichwein\/dpa)<\/p>\n<p class=\"font-bold text-18 leading-17 user-text-lg:text-22 user-text-xl:text-24\">Anschl\u00e4ge auf Umspannwerke, Bekennerschreiben und ein fl\u00fcchtiger Verd\u00e4chtiger besch\u00e4ftigen die Ermittler. Bundesinnenminister Alexander Dobrindt sieht derzeit Hinweise auf &#8222;Klimaextremismus&#8220;.<\/p>\n<p class=\"text-18 leading-17 user-text-lg:text-22 user-text-xl:text-24\">Nach den Anschl\u00e4gen auf Umspannwerke in Brandenburg und Nordrhein-Westfalen geht Bundesinnenminister <a href=\"https:\/\/www.t-online.de\/themen\/alexander-dobrindt\/\" class=\"transition-colors cursor-pointer no-underline md:hover:text-magenta md:focus:text-magenta border-b border-solid border-current text-salemsfur md:hover:border-magenta\" data-tracking=\"{&quot;action&quot;:&quot;click&quot;,&quot;category&quot;:&quot;intextLink&quot;,&quot;label&quot;:&quot;\/themen\/alexander-dobrindt\/&quot;}\" data-sctrack=\"BodyAnchor\" rel=\"nofollow noopener\" target=\"_blank\">Alexander Dobrindt<\/a> (CSU) derzeit von einem Fall von &#8222;Klimaextremismus&#8220; durch einen mutma\u00dflichen Einzelt\u00e4ter aus. Das sagte Dobrindt am Freitag in <a href=\"https:\/\/duesseldorf.t-online.de\/region\/duesseldorf\/\" class=\"transition-colors cursor-pointer no-underline md:hover:text-magenta md:focus:text-magenta border-b border-solid border-current text-salemsfur md:hover:border-magenta\" data-tracking=\"{&quot;action&quot;:&quot;click&quot;,&quot;category&quot;:&quot;intextLink&quot;,&quot;label&quot;:&quot;https:\/\/duesseldorf.t-online.de\/region\/duesseldorf\/&quot;}\" data-sctrack=\"BodyAnchor\" rel=\"nofollow noopener\" target=\"_blank\">D\u00fcsseldorf<\/a> vor Journalisten.<\/p>\n<p class=\"text-18 leading-17 user-text-lg:text-22 user-text-xl:text-24\">Er verwies zugleich auf die noch laufenden Ermittlungen und den bisher nicht abschlie\u00dfend gekl\u00e4rten Tathintergrund. Eine abschlie\u00dfende Beurteilung sei noch nicht m\u00f6glich, betonte der Bundesinnenminister weiter.<\/p>\n<p class=\"text-18 leading-17 user-text-lg:text-22 user-text-xl:text-24\">Die Polizei in Nordrhein-Westfalen fahndete am Freitag mit Hochdruck nach einem 48-j\u00e4hrigen Verd\u00e4chtigen aus der Stadt <a href=\"https:\/\/www.t-online.de\/themen\/gevelsberg\/\" class=\"transition-colors cursor-pointer no-underline md:hover:text-magenta md:focus:text-magenta border-b border-solid border-current text-salemsfur md:hover:border-magenta\" data-tracking=\"{&quot;action&quot;:&quot;click&quot;,&quot;category&quot;:&quot;intextLink&quot;,&quot;label&quot;:&quot;\/themen\/gevelsberg\/&quot;}\" data-sctrack=\"BodyAnchor\" rel=\"nofollow noopener\" target=\"_blank\">Gevelsberg<\/a>, der zwei Bekennerschreiben zu den Anschl\u00e4gen ver\u00f6ffentlicht hatte. Nach Angaben von Landesinnenminister Herbert Reul (CDU) begr\u00fcndete der Mann die Taten darin mit Kritik an der Energieerzeugung aus fossilen Brennstoffen.<\/p>\n<p class=\"text-18 leading-17 user-text-lg:text-22 user-text-xl:text-24\">Bei der Durchsuchung der Wohnung des Verd\u00e4chtigen wurden Reul zufolge am Freitag unter anderem &#8222;sprengstoffverd\u00e4chtige Gegenst\u00e4nde&#8220; gefunden. Diese w\u00fcrden untersucht, sagte der Minister bei dem gemeinsamen Auftritt mit Dobrindt vor Journalisten. Der Mann selbst befinde sich weiter auf der Flucht. Die beiden Bekennerschreiben des Verd\u00e4chtigen w\u00fcrden nach aktuellem Ermittlungsstand als authentisch angesehen. Es gebe aber noch viele Fragen \u2013 etwa, ob der Mann allein gehandelt habe.<\/p>\n","protected":false},"excerpt":{"rendered":"&#8222;Klimaextremismus&#8220; Dobrindt \u00e4u\u00dfert Verdacht zu Anschl\u00e4gen auf Umspannwerke Aktualisiert am 04.09.2026 &#8211; 18:11 UhrLesedauer: 1 Min. NRW-Innenminister Herbert&hellip;\n","protected":false},"author":2,"featured_media":1281441,"comment_status":"","ping_status":"","sticky":false,"template":"","format":"standard","meta":{"footnotes":"","_share_on_mastodon":"0"},"categories":[5],"tags":[326,20,13774,4420,1890,774,3405,13,15016,264379,14,15,1209,121,12,10,8,9,11,39203],"class_list":["post-1281440","post","type-post","status-publish","format-standard","has-post-thumbnail","category-nachrichten","tag-326","tag-alexander-dobrindt","tag-anschlag","tag-bekennerschreiben","tag-brandenburg","tag-csu","tag-duesseldorf","tag-headlines","tag-herbert-reul","tag-klimaextremismus","tag-nachrichten","tag-news","tag-nordrhein-westfalen","tag-polizei","tag-schlagzeilen","tag-top-news","tag-top-meldungen","tag-topmeldungen","tag-topnews","tag-umspannwerk"],"share_on_mastodon":{"url":"","error":""},"_links":{"self":[{"href":"https:\/\/www.europesays.com\/de\/wp-json\/wp\/v2\/posts\/1281440","targetHints":{"allow":["GET"]}}],"collection":[{"href":"https:\/\/www.europesays.com\/de\/wp-json\/wp\/v2\/posts"}],"about":[{"href":"https:\/\/www.europesays.com\/de\/wp-json\/wp\/v2\/types\/post"}],"author":[{"embeddable":true,"href":"https:\/\/www.europesays.com\/de\/wp-json\/wp\/v2\/users\/2"}],"replies":[{"embeddable":true,"href":"https:\/\/www.europesays.com\/de\/wp-json\/wp\/v2\/comments?post=1281440"}],"version-history":[{"count":0,"href":"https:\/\/www.europesays.com\/de\/wp-json\/wp\/v2\/posts\/1281440\/revisions"}],"wp:featuredmedia":[{"embeddable":true,"href":"https:\/\/www.europesays.com\/de\/wp-json\/wp\/v2\/media\/1281441"}],"wp:attachment":[{"href":"https:\/\/www.europesays.com\/de\/wp-json\/wp\/v2\/media?parent=1281440"}],"wp:term":[{"taxonomy":"category","embeddable":true,"href":"https:\/\/www.europesays.com\/de\/wp-json\/wp\/v2\/categories?post=1281440"},{"taxonomy":"post_tag","embeddable":true,"href":"https:\/\/www.europesays.com\/de\/wp-json\/wp\/v2\/tags?post=1281440"}],"curies":[{"name":"wp","href":"https:\/\/api.w.org\/{rel}","templated":true}]}}