{"id":1281454,"date":"2026-09-05T03:32:15","date_gmt":"2026-09-05T03:32:15","guid":{"rendered":"https:\/\/www.europesays.com\/de\/1281454\/"},"modified":"2026-09-05T03:32:15","modified_gmt":"2026-09-05T03:32:15","slug":"so-sah-wiesbaden-frueher-aus","status":"publish","type":"post","link":"https:\/\/www.europesays.com\/de\/1281454\/","title":{"rendered":"So sah Wiesbaden fr\u00fcher aus"},"content":{"rendered":"<p>Wiesbaden hat viele gut erhaltene Stra\u00dfenz\u00fcge und Pl\u00e4tze zu bieten. Dennoch hat sich das Aussehen der Stadt auch immer wieder ver\u00e4ndert. In Teil 1 unserer Serie zeigten wir euch alte Bilder von Prachtbauten wie dem Kurhaus. Heute gibt es Fotos von bekannten Pl\u00e4tze in der Stadt und wie sie fr\u00fcher aussahen. GeografischesReferenzmaterial<\/p>\n<p>Kranzplatz<\/p>\n<p>Der direkt in den Kochbrunnenplatz \u00fcbergehende Kranzplatz verdankt seinen Namen dem einst ovalen Kranz von B\u00e4umen. Im ersten Jahrhundert nach Christus erschlossen die R\u00f6mer den Platz als Thermalquellengebiet. 1887 wurde dann eine gro\u00dfe \u201eTrinkhalle\u201c gebaut:<\/p>\n<p>Sie verband die heute noch bestehende Arkadenhalle am Westrand mit dem neuen Quellentempel. 1945 zerst\u00f6rten Bomben einen gro\u00dfen Teil des historischen Platzes. Zwar \u00fcberstand die Halle den Zweiten Weltkrieg, jedoch wurde der Platz danach so vernachl\u00e4ssigt, dass die Trinkhalle 1955 abgerissen wurde.<\/p>\n<p>Heute kann man durch den erhaltenen Kochbrunnentempel und einen Rest der Kolonnade erkennen, wie prachtvoll der Kranzplatz fr\u00fcher einmal war.<\/p>\n<p>Platz der deutschen Einheit<\/p>\n<p>Der Platz der deutschen Einheit pr\u00e4gt das Stadtbild an der Schwalbacher Stra\u00dfe. 1816 bis 1819 wurde hier zuerst die Herzoglich Nassauische Infanteriekaserne gebaut. Das Geb\u00e4ude lag mit seiner Mittelachse auf der Friedrichstra\u00dfe. Nach mehreren Erweiterungen reichte die Kaserne s\u00fcdlich bis zur Dotzheimer Stra\u00dfe und westlich \u00fcber die H\u00f6he der Helenenstra\u00dfe hinaus. N\u00f6rdlich endete sie an der Bleichstra\u00dfe.<\/p>\n<p>Kurz vor dem ersten Weltkrieg kaufte die Stadt die Kaserne und riss schlie\u00dflich 1911 das Hauptgeb\u00e4ude ab. So entstand der Boseplatz \u2013 benannt nach einem preu\u00dfischen General. Den aktuellen Namen bekam der Platz erst 1958 nach dem Volksaufstand in der ehemaligen DDR. <\/p>\n<p>Bis in die 1960er Jahre blieb von der Kaserne noch der \u201eRote Bau\u201c erhalten, in dem in der Nachkriegszeit eine Volksk\u00fcche eingerichtet worden war. Heute hat der Platz die Funktion einer zentralen Bushaltestelle in der Innenstadt. In den letzten Jahren wurde er weiter ausgebaut und aufgewertet.<\/p>\n<p>Kaiser-Friedrich-Platz<\/p>\n<p>Fr\u00fcher war der Platz gegen\u00fcber vom Kurhaus von vier klassizistischen Bauten umgeben. Prachtvolle Hausfassaden verliehen dem Kaiser-Friedrich-Platz einen besonderen Anblick. Zur Einweihung des Kaiser-Denkmals kamen 1897 etliche Menschen:<\/p>\n<p>Zuvor stand anstelle der Statue des nur 99 Tage regierenden Kaisers jedoch eine Bronzeb\u00fcste von Schiller und der Platz wurde Theaterplatz genannt.<\/p>\n<p>Der n\u00f6rdliche Teil des heutigen Platzes am Nassauer Hof erinnert noch heute an die Atmosph\u00e4re aus Kaiserzeiten. Hingegen wurde der s\u00fcdliche Platzteil in seinem Grundriss und durch den dominierenden Bau des Appartmenthauses \u201eVier Jahreszeiten&#8220; entstellt. <\/p>\n","protected":false},"excerpt":{"rendered":"Wiesbaden hat viele gut erhaltene Stra\u00dfenz\u00fcge und Pl\u00e4tze zu bieten. Dennoch hat sich das Aussehen der Stadt auch&hellip;\n","protected":false},"author":2,"featured_media":1281455,"comment_status":"","ping_status":"","sticky":false,"template":"","format":"standard","meta":{"footnotes":"","_share_on_mastodon":"0"},"categories":[1847],"tags":[3364,29,548,663,3934,30,13,2052,14,15,12,4544],"class_list":["post-1281454","post","type-post","status-publish","format-standard","has-post-thumbnail","category-wiesbaden","tag-de","tag-deutschland","tag-eu","tag-europa","tag-europe","tag-germany","tag-headlines","tag-hessen","tag-nachrichten","tag-news","tag-schlagzeilen","tag-wiesbaden"],"share_on_mastodon":{"url":"https:\/\/pubeurope.com\/@de\/117216329534877125","error":""},"_links":{"self":[{"href":"https:\/\/www.europesays.com\/de\/wp-json\/wp\/v2\/posts\/1281454","targetHints":{"allow":["GET"]}}],"collection":[{"href":"https:\/\/www.europesays.com\/de\/wp-json\/wp\/v2\/posts"}],"about":[{"href":"https:\/\/www.europesays.com\/de\/wp-json\/wp\/v2\/types\/post"}],"author":[{"embeddable":true,"href":"https:\/\/www.europesays.com\/de\/wp-json\/wp\/v2\/users\/2"}],"replies":[{"embeddable":true,"href":"https:\/\/www.europesays.com\/de\/wp-json\/wp\/v2\/comments?post=1281454"}],"version-history":[{"count":0,"href":"https:\/\/www.europesays.com\/de\/wp-json\/wp\/v2\/posts\/1281454\/revisions"}],"wp:featuredmedia":[{"embeddable":true,"href":"https:\/\/www.europesays.com\/de\/wp-json\/wp\/v2\/media\/1281455"}],"wp:attachment":[{"href":"https:\/\/www.europesays.com\/de\/wp-json\/wp\/v2\/media?parent=1281454"}],"wp:term":[{"taxonomy":"category","embeddable":true,"href":"https:\/\/www.europesays.com\/de\/wp-json\/wp\/v2\/categories?post=1281454"},{"taxonomy":"post_tag","embeddable":true,"href":"https:\/\/www.europesays.com\/de\/wp-json\/wp\/v2\/tags?post=1281454"}],"curies":[{"name":"wp","href":"https:\/\/api.w.org\/{rel}","templated":true}]}}