{"id":1281460,"date":"2026-09-05T03:36:18","date_gmt":"2026-09-05T03:36:18","guid":{"rendered":"https:\/\/www.europesays.com\/de\/1281460\/"},"modified":"2026-09-05T03:36:18","modified_gmt":"2026-09-05T03:36:18","slug":"karlsruhe-entrauchungstechnik-sorgt-in-u-strab-fuer-sicherheit-bei-brand-in-der-kaiserstrasse","status":"publish","type":"post","link":"https:\/\/www.europesays.com\/de\/1281460\/","title":{"rendered":"Karlsruhe: Entrauchungstechnik sorgt in U-Strab f\u00fcr Sicherheit bei Brand in der Kaiserstra\u00dfe"},"content":{"rendered":"<p class=\"mb-6 text-xs-varying md:text-m lg:text-l font-serif group-[.font-sans]:font-sans \">\n    In der Kaiserstra\u00dfe \u00fcber der Haltestelle Marktplatz demonstrieren Oberb\u00fcrgermeister Frank Mentrup, VBK-Brandschutzbeauftragter Frank Hornberger und Christian H\u00f6glmeier, technischer Gesch\u00e4ftsf\u00fchrer der VBK, am 4. September die <strong class=\"font-bold\">Funktionsweise der Entrauchungsklappen<\/strong>. Diese Sicherheitstechnik soll im Brandfall <strong class=\"font-bold\">Rauch aus dem Stadtbahntunnel nach oben ins Freie leiten.<\/strong>\n  <\/p>\n<p>            Gitter verhindert Sturz in die \u00d6ffnung<\/p>\n<p class=\"mb-6 text-xs-varying md:text-m lg:text-l font-serif group-[.font-sans]:font-sans \">\n    Da es bei der Stadt immer wieder Nachfragen zur Funktionsweise der Entrauchungsklappen gibt \u2013 <strong class=\"font-bold\">und auch Sorgen, man k\u00f6nne beim Betreten herunterfallen<\/strong> \u2013, gibt es diese \u00f6ffentliche Vorf\u00fchrung an der Haltestelle Marktplatz (Kaiserstra\u00dfe), erkl\u00e4rt Mentrup gegen\u00fcber der Redaktion. \u201eWir stellen fest es funktioniert gut und niemand ist gef\u00e4hrdet.\u201c\n  <\/p>\n<p>    <img decoding=\"async\" src=\"https:\/\/images.mgpd.de\/img\/115172080\/crop\/c16_9-w100\/997797164\/1245011408\/img7572jpg.jpg\" alt=\"Entrauchungsklappe an der Haltestelle Marktplatz (Kaiserstra\u00dfe) in Karlsruhe.\" title=\"Entrauchungsklappe an der Haltestelle Marktplatz (Kaiserstra\u00dfe) in Karlsruhe.\" loading=\"lazy\" class=\"h-full w-full object-cover\"\/><\/p>\n<p>      Icon vergr\u00f6\u00dfern<\/p>\n<p>    Entrauchungsklappe an der Haltestelle Marktplatz (Kaiserstra\u00dfe) in Karlsruhe.<br \/>\n    Foto: Paul Mayer<\/p>\n<p>        Schlie\u00dfen <\/p>\n<p>      Icon Schlie\u00dfen<\/p>\n<p>        Icon vergr\u00f6\u00dfern<\/p>\n<p>        Icon verkleinern<\/p>\n<p>      Icon Pfeil bewegen<\/p>\n<p>    Entrauchungsklappe an der Haltestelle Marktplatz (Kaiserstra\u00dfe) in Karlsruhe.<br \/>\n    Foto: Paul Mayer<\/p>\n<p class=\"mb-6 text-xs-varying md:text-m lg:text-l font-serif group-[.font-sans]:font-sans \">\n    Die Entrauchungsklappen sind seit sechs Jahren in Betrieb, werden viertelj\u00e4hrlich gewartet und einmal j\u00e4hrlich gepr\u00fcft. <strong class=\"font-bold\">Im Brandfall \u00f6ffnen sie sich relativ langsam und mit einem Warnsignal<\/strong>, sodass Passanten den Bereich rechtzeitig verlassen k\u00f6nnen. Zudem verhindert ein Gitter \u00fcber der \u00d6ffnung, dass jemand hineinfallen kann.\n  <\/p>\n<p>    <img decoding=\"async\" src=\"https:\/\/images.mgpd.de\/img\/115172083\/crop\/c16_9-w100\/1073888334\/1839273027\/img7581jpg.jpg\" alt=\"Entrauchungsklappe an der Haltestelle Marktplatz (Kaiserstra\u00dfe) in Karlsruhe.\" title=\"Entrauchungsklappe an der Haltestelle Marktplatz (Kaiserstra\u00dfe) in Karlsruhe.\" loading=\"lazy\" class=\"h-full w-full object-cover\"\/><\/p>\n<p>      Icon vergr\u00f6\u00dfern<\/p>\n<p>    Entrauchungsklappe an der Haltestelle Marktplatz (Kaiserstra\u00dfe) in Karlsruhe.<br \/>\n    Foto: Paul Mayer<\/p>\n<p>        Schlie\u00dfen <\/p>\n<p>      Icon Schlie\u00dfen<\/p>\n<p>        Icon vergr\u00f6\u00dfern<\/p>\n<p>        Icon verkleinern<\/p>\n<p>      Icon Pfeil bewegen<\/p>\n<p>    Entrauchungsklappe an der Haltestelle Marktplatz (Kaiserstra\u00dfe) in Karlsruhe.<br \/>\n    Foto: Paul Mayer<\/p>\n<p>            Steht die Kaiserstra\u00dfe im Ernstfall unter Rauch?<\/p>\n<p class=\"mb-6 text-xs-varying md:text-m lg:text-l font-serif group-[.font-sans]:font-sans \">\n    Die Entrauchungsklappen sind in allen Haltestellen des Stadtbahntunnels verbaut und \u00f6ffnen sich nur dort, wo ein Brand lokalisiert wird, da jede Station \u00fcber eine eigene Brandmeldeanlage verf\u00fcgt. <strong class=\"font-bold\">Insgesamt gibt es 17 solcher Klappen im Stadtgebiet. <\/strong>Am Marktplatz wird der Rauch durch die Thermik nach oben abgef\u00fchrt, da warme Luft aufsteigt. Am Europaplatz hingegen erfolgt die Entrauchung maschinell \u00fcber Gebl\u00e4se, da dort nicht ausreichend Fl\u00e4che f\u00fcr zus\u00e4tzliche Klappen vorhanden ist.\n  <\/p>\n<p>    <img decoding=\"async\" src=\"https:\/\/images.mgpd.de\/img\/115172106\/crop\/c16_9-w100\/371065759\/1368447748\/pxl20260904121122644.jpg\" alt=\"Entrauchungsklappe an der Haltestelle Marktplatz (Kaiserstra\u00dfe) in Karlsruhe.\" title=\"Entrauchungsklappe an der Haltestelle Marktplatz (Kaiserstra\u00dfe) in Karlsruhe.\" loading=\"lazy\" class=\"h-full w-full object-cover\"\/><\/p>\n<p>      Icon vergr\u00f6\u00dfern<\/p>\n<p>    Entrauchungsklappe an der Haltestelle Marktplatz (Kaiserstra\u00dfe) in Karlsruhe.<br \/>\n    Foto: Gerrit Lieb<\/p>\n<p>        Schlie\u00dfen <\/p>\n<p>      Icon Schlie\u00dfen<\/p>\n<p>        Icon vergr\u00f6\u00dfern<\/p>\n<p>        Icon verkleinern<\/p>\n<p>      Icon Pfeil bewegen<\/p>\n<p>    Entrauchungsklappe an der Haltestelle Marktplatz (Kaiserstra\u00dfe) in Karlsruhe.<br \/>\n    Foto: Gerrit Lieb<\/p>\n<p class=\"mb-6 text-xs-varying md:text-m lg:text-l font-serif group-[.font-sans]:font-sans \">\n    Damit die Klappen nicht vom Lieferverkehr in der Innenstadt blockiert werden, wurden um die Klappe am Marktplatz feste Sitzm\u00f6bel installiert.<strong class=\"font-bold\"> Laut Hersteller k\u00f6nnen sich die Klappen zwar auch \u00f6ffnen, wenn etwa ein Smart darauf steht<\/strong>, \u201edas haben wir aber noch nicht ausprobiert \u2013 und wollen es auch nicht\u201c, sagt Hornberger.\n  <\/p>\n<p>    <img decoding=\"async\" src=\"https:\/\/images.mgpd.de\/img\/115172085\/crop\/c16_9-w100\/1023356234\/1396483650\/img7560jpg.jpg\" alt=\"Entrauchungsklappe an der Haltestelle Marktplatz (Kaiserstra\u00dfe) in Karlsruhe.\" title=\"Entrauchungsklappe an der Haltestelle Marktplatz (Kaiserstra\u00dfe) in Karlsruhe.\" loading=\"lazy\" class=\"h-full w-full object-cover\"\/><\/p>\n<p>      Icon vergr\u00f6\u00dfern<\/p>\n<p>    Entrauchungsklappe an der Haltestelle Marktplatz (Kaiserstra\u00dfe) in Karlsruhe.<br \/>\n    Foto: Paul Mayer<\/p>\n<p>        Schlie\u00dfen <\/p>\n<p>      Icon Schlie\u00dfen<\/p>\n<p>        Icon vergr\u00f6\u00dfern<\/p>\n<p>        Icon verkleinern<\/p>\n<p>      Icon Pfeil bewegen<\/p>\n<p>    Entrauchungsklappe an der Haltestelle Marktplatz (Kaiserstra\u00dfe) in Karlsruhe.<br \/>\n    Foto: Paul Mayer<\/p>\n<p class=\"mb-6 text-xs-varying md:text-m lg:text-l font-serif group-[.font-sans]:font-sans \">\n    Zu ernsten Zwischenf\u00e4llen sei es bislang noch nicht gekommen. Die Technik habe sich jedoch bereits bei Fehlalarmen, etwa durch Staub oder kleinere M\u00fcllbr\u00e4nde, zuverl\u00e4ssig bew\u00e4hrt. Selbst bei einem gr\u00f6\u00dferen Brand \u2013 etwa einer brennenden Stra\u00dfenbahn \u2013 w\u00fcrde sich der Rauch \u00fcber mehrere Klappen verteilen, <strong class=\"font-bold\">sodass die Kaiserstra\u00dfe nicht vollst\u00e4ndig verraucht.<\/strong> Zudem w\u00fcrde die Feuerwehr den betroffenen Bereich absperren, um Passanten zu sch\u00fctzen, so Hornberger.\n  <\/p>\n","protected":false},"excerpt":{"rendered":"In der Kaiserstra\u00dfe \u00fcber der Haltestelle Marktplatz demonstrieren Oberb\u00fcrgermeister Frank Mentrup, VBK-Brandschutzbeauftragter Frank Hornberger und Christian H\u00f6glmeier, technischer&hellip;\n","protected":false},"author":2,"featured_media":1281461,"comment_status":"","ping_status":"","sticky":false,"template":"","format":"standard","meta":{"footnotes":"","_share_on_mastodon":"0"},"categories":[1844],"tags":[12985,7382,1634,264387,3364,29,985,264386,27727,30,6513,11115,8903,133257,83797],"class_list":["post-1281460","post","type-post","status-publish","format-standard","has-post-thumbnail","category-karlsruhe","tag-neugestaltung","tag-marktplatz","tag-baden-wuerttemberg","tag-christian-hoeglmeier","tag-de","tag-deutschland","tag-feuerwehr","tag-frank-hornberger","tag-frank-mentrup","tag-germany","tag-haltestelle","tag-kaiserstrasse","tag-karlsruhe","tag-stadtbahntunnel","tag-vbk"],"share_on_mastodon":{"url":"https:\/\/pubeurope.com\/@de\/117216345666679110","error":""},"_links":{"self":[{"href":"https:\/\/www.europesays.com\/de\/wp-json\/wp\/v2\/posts\/1281460","targetHints":{"allow":["GET"]}}],"collection":[{"href":"https:\/\/www.europesays.com\/de\/wp-json\/wp\/v2\/posts"}],"about":[{"href":"https:\/\/www.europesays.com\/de\/wp-json\/wp\/v2\/types\/post"}],"author":[{"embeddable":true,"href":"https:\/\/www.europesays.com\/de\/wp-json\/wp\/v2\/users\/2"}],"replies":[{"embeddable":true,"href":"https:\/\/www.europesays.com\/de\/wp-json\/wp\/v2\/comments?post=1281460"}],"version-history":[{"count":0,"href":"https:\/\/www.europesays.com\/de\/wp-json\/wp\/v2\/posts\/1281460\/revisions"}],"wp:featuredmedia":[{"embeddable":true,"href":"https:\/\/www.europesays.com\/de\/wp-json\/wp\/v2\/media\/1281461"}],"wp:attachment":[{"href":"https:\/\/www.europesays.com\/de\/wp-json\/wp\/v2\/media?parent=1281460"}],"wp:term":[{"taxonomy":"category","embeddable":true,"href":"https:\/\/www.europesays.com\/de\/wp-json\/wp\/v2\/categories?post=1281460"},{"taxonomy":"post_tag","embeddable":true,"href":"https:\/\/www.europesays.com\/de\/wp-json\/wp\/v2\/tags?post=1281460"}],"curies":[{"name":"wp","href":"https:\/\/api.w.org\/{rel}","templated":true}]}}