{"id":1281511,"date":"2026-09-05T04:11:31","date_gmt":"2026-09-05T04:11:31","guid":{"rendered":"https:\/\/www.europesays.com\/de\/1281511\/"},"modified":"2026-09-05T04:11:31","modified_gmt":"2026-09-05T04:11:31","slug":"mann-soll-in-einkaufszentrum-in-dresden-verbotenen-gruss-gezeigt-und-security-angegriffen-haben","status":"publish","type":"post","link":"https:\/\/www.europesays.com\/de\/1281511\/","title":{"rendered":"Mann soll in Einkaufszentrum in Dresden verbotenen Gru\u00df gezeigt und Security angegriffen haben"},"content":{"rendered":"<p>\n\tSecurity greift ein \u2013 Situation eskaliert\n\t<\/p>\n<p>\n\tBedrohung mit Pfefferspray und leichte Verletzung\n\t<\/p>\n<p>\n\tPolizei \u00fcbernimmt \u2013 Anzeigen gefertigt\n\t<\/p>\n<p><b>F\u00fcr alle, die wissen wollen, was in der Region los ist:<\/b><\/p>\n<p>Mit dem Blaulicht-Newsletter von BLICK.de bekommst du jeden Freitag aktuelle Polizeimeldungen, Ermittlungen und Verkehrshinweise direkt in dein Postfach.<\/p>\n<p><b>Jetzt\u00a0kostenlos\u00a0anmelden:<\/b><\/p>\n<p><a href=\"http:\/\/www.blick.de\/service\/formulare\/newsletteranmeldung?k=bl-Artikel#blaulicht\" class=\"button button--cta\" rel=\"nofollow noopener\" target=\"_blank\">Zum\u00a0Blaulicht-Newsletter<\/a><\/p>\n<p class=\"article-appendix\">\n\tDieser Text basiert auf einer offiziellen Beh\u00f6rden-Information, wurde mit Hilfe von KI erstellt und von der Redaktion sorgf\u00e4ltig bearbeitet sowie gepr\u00fcft. Mehr zu unseren Regeln im Umgang mit KI <a href=\"https:\/\/www.blick.de\/service\/richtlinien-fuer-den-ki-einsatz-in-der-blick-de-redaktion-artikel13382016\" data-ct=\"ARTIKEL\/BOTTOM\/KI-HINWEIS\" rel=\"nofollow noopener\" target=\"_blank\">gibt es hier<\/a>.\n<\/p>\n<p>\n\t\t\t<a class=\"link\" href=\"http:\/\/www.blick.de\/cdn-cgi\/l\/email-protection#7f1410110b1e140b3f1d13161c14511b1a400c0a1d151a1c0b42371611081a160c5a4d4f050a125a4d4f3e0d0b16141a135a4d4f321e11115a4d4f0c1013135a4d4f16115a4d4f3a1611141e0a190c051a110b0d0a125a4d4f16115a4d4f3b0d1a0c1b1a115a4d4f091a0d1d100b1a111a115a4d4f380d0a5a3c4c5a46395a4d4f181a051a16180b5a4d4f0a111b5a4d4f2c1a1c0a0d160b065a4d4f1e11181a180d1619191a115a4d4f171e1d1a11\" data-ct=\"ARTIKEL\/FOOTER\/KORREKTURHINWEIS\" rel=\"nofollow noopener\" target=\"_blank\"><br \/>\n\t\t\t\tHabt ihr eine Meinung zu diesem Artikel oder einen Fehler entdeckt? Dann weist uns gern darauf hin.<br \/>\n\t\t\t<\/a>\n\t\t<\/p>\n","protected":false},"excerpt":{"rendered":"Security greift ein \u2013 Situation eskaliert Bedrohung mit Pfefferspray und leichte Verletzung Polizei \u00fcbernimmt \u2013 Anzeigen gefertigt F\u00fcr&hellip;\n","protected":false},"author":2,"featured_media":1281512,"comment_status":"","ping_status":"","sticky":false,"template":"","format":"standard","meta":{"footnotes":"","_share_on_mastodon":"0"},"categories":[1835],"tags":[3364,29,2386,30,17318,859],"class_list":["post-1281511","post","type-post","status-publish","format-standard","has-post-thumbnail","category-dresden","tag-de","tag-deutschland","tag-dresden","tag-germany","tag-kriminalitaet-verstoesse","tag-sachsen"],"share_on_mastodon":{"url":"https:\/\/pubeurope.com\/@de\/117216482609931393","error":""},"_links":{"self":[{"href":"https:\/\/www.europesays.com\/de\/wp-json\/wp\/v2\/posts\/1281511","targetHints":{"allow":["GET"]}}],"collection":[{"href":"https:\/\/www.europesays.com\/de\/wp-json\/wp\/v2\/posts"}],"about":[{"href":"https:\/\/www.europesays.com\/de\/wp-json\/wp\/v2\/types\/post"}],"author":[{"embeddable":true,"href":"https:\/\/www.europesays.com\/de\/wp-json\/wp\/v2\/users\/2"}],"replies":[{"embeddable":true,"href":"https:\/\/www.europesays.com\/de\/wp-json\/wp\/v2\/comments?post=1281511"}],"version-history":[{"count":0,"href":"https:\/\/www.europesays.com\/de\/wp-json\/wp\/v2\/posts\/1281511\/revisions"}],"wp:featuredmedia":[{"embeddable":true,"href":"https:\/\/www.europesays.com\/de\/wp-json\/wp\/v2\/media\/1281512"}],"wp:attachment":[{"href":"https:\/\/www.europesays.com\/de\/wp-json\/wp\/v2\/media?parent=1281511"}],"wp:term":[{"taxonomy":"category","embeddable":true,"href":"https:\/\/www.europesays.com\/de\/wp-json\/wp\/v2\/categories?post=1281511"},{"taxonomy":"post_tag","embeddable":true,"href":"https:\/\/www.europesays.com\/de\/wp-json\/wp\/v2\/tags?post=1281511"}],"curies":[{"name":"wp","href":"https:\/\/api.w.org\/{rel}","templated":true}]}}