{"id":1281536,"date":"2026-09-05T04:29:18","date_gmt":"2026-09-05T04:29:18","guid":{"rendered":"https:\/\/www.europesays.com\/de\/1281536\/"},"modified":"2026-09-05T04:29:18","modified_gmt":"2026-09-05T04:29:18","slug":"vfb-stuttgart-gibt-stuermer-arevalo-ab-baden-wuerttemberg-2","status":"publish","type":"post","link":"https:\/\/www.europesays.com\/de\/1281536\/","title":{"rendered":"VfB Stuttgart gibt St\u00fcrmer Ar\u00e9valo ab &#8211; Baden-W\u00fcrttemberg"},"content":{"rendered":"<p class=\"rhp-dpa-teaser\"><b>In der Offensive ist der VfB Stuttgart stark aufgestellt. Jeremy Ar\u00e9valo soll sich deswegen in Portugal weiterentwickeln.<\/b><\/p>\n<p><a class=\"rtr-entity\" data-rtr-entity=\"Stuttgart\" data-rtr-id=\"bdcb100100d1ee20d776dd903bb1110a54a1c3c4\" data-rtr-score=\"50.86543535620053\" data-rtr-etype=\"location\" data-rtr-index=\"6\" href=\"https:\/\/www.rheinpfalz.de\/themen\/stuttgart\" rel=\"nofollow noopener\" target=\"_blank\">Stuttgart<\/a> (dpa\/lsw) &#8211; Der <a class=\"rtr-entity\" data-rtr-entity=\"VfB Stuttgart\" data-rtr-id=\"c4651409538f9d767fa5587f8fbaee6550d7a124\" data-rtr-score=\"149.0976253298153\" data-rtr-etype=\"organisation\" data-rtr-index=\"4\" href=\"https:\/\/www.rheinpfalz.de\/themen\/vfb-stuttgart\" rel=\"nofollow noopener\" target=\"_blank\">VfB Stuttgart<\/a> verkleinert weiter seinen Kader. Nach nur einem guten halben Jahr verl\u00e4sst wie erwartet St\u00fcrmer Jeremy Ar\u00e9valo die in der Offensive stark aufgestellten Schwaben wieder. Der 21 Jahre alte Nationalspieler Ecuadors wechselt auf Leihbasis zum portugiesischen Erstligisten Estrela Amadora, wie der VfB nach dem 4:1 gegen den <a class=\"rtr-entity\" data-rtr-entity=\"1. FC K\u00f6ln\" data-rtr-id=\"a4662257dc13e559054637c6d63465d501018dd6\" data-rtr-score=\"10.211081794195252\" data-rtr-etype=\"organisation\" data-rtr-index=\"5\" href=\"https:\/\/www.rheinpfalz.de\/themen\/1-fc-koeln\" rel=\"nofollow noopener\" target=\"_blank\">1. FC K\u00f6ln<\/a> mitteilte. <\/p>\n<p>\u00abF\u00fcr Jeremy ist die Leihe zu Estrela Amadora zum jetzigen Zeitpunkt der richtige Karriereschritt, um in der ersten portugiesischen Liga Spielpraxis und weitere Erfahrungen zu sammeln\u00bb, sagte VfB-Sportvorstand Fabian Wohlgemuth. <\/p>\n<p>Ar\u00e9valo war erst im Januar vom spanischen Zweitligisten Racing Santander nach Stuttgart gewechselt, konnte sich aber nicht gegen die Konkurrenz behaupten und spielte kaum eine Rolle. Sein Vertrag beim VfB l\u00e4uft noch bis zum Sommer 2031. <\/p>\n<p>Am Donnerstag hatte der schw\u00e4bische Traditionsverein bereits Badredine Bouanani abgegeben. Der Offensivspieler wechselte f\u00fcr eine Spielzeit auf Leihbasis zum schottischen Club Glasgow Rangers.<\/p>\n","protected":false},"excerpt":{"rendered":"In der Offensive ist der VfB Stuttgart stark aufgestellt. Jeremy Ar\u00e9valo soll sich deswegen in Portugal weiterentwickeln. Stuttgart&hellip;\n","protected":false},"author":2,"featured_media":1281537,"comment_status":"","ping_status":"","sticky":false,"template":"","format":"standard","meta":{"footnotes":"","_share_on_mastodon":"0"},"categories":[1830],"tags":[623,1634,299,3364,29,28196,1990,347,30,135511,4823,1209,7118,265,1441,1288,2915],"class_list":["post-1281536","post","type-post","status-publish","format-standard","has-post-thumbnail","category-stuttgart","tag-1-fc-koeln","tag-baden-wuerttemberg","tag-bundesliga","tag-de","tag-deutschland","tag-dpaticker","tag-ecuador","tag-fussball","tag-germany","tag-jeremy-arevalo","tag-meldung","tag-nordrhein-westfalen","tag-portugal","tag-sport","tag-stuttgart","tag-transfers","tag-vfb-stuttgart"],"share_on_mastodon":{"url":"https:\/\/pubeurope.com\/@de\/117216553888203769","error":""},"_links":{"self":[{"href":"https:\/\/www.europesays.com\/de\/wp-json\/wp\/v2\/posts\/1281536","targetHints":{"allow":["GET"]}}],"collection":[{"href":"https:\/\/www.europesays.com\/de\/wp-json\/wp\/v2\/posts"}],"about":[{"href":"https:\/\/www.europesays.com\/de\/wp-json\/wp\/v2\/types\/post"}],"author":[{"embeddable":true,"href":"https:\/\/www.europesays.com\/de\/wp-json\/wp\/v2\/users\/2"}],"replies":[{"embeddable":true,"href":"https:\/\/www.europesays.com\/de\/wp-json\/wp\/v2\/comments?post=1281536"}],"version-history":[{"count":0,"href":"https:\/\/www.europesays.com\/de\/wp-json\/wp\/v2\/posts\/1281536\/revisions"}],"wp:featuredmedia":[{"embeddable":true,"href":"https:\/\/www.europesays.com\/de\/wp-json\/wp\/v2\/media\/1281537"}],"wp:attachment":[{"href":"https:\/\/www.europesays.com\/de\/wp-json\/wp\/v2\/media?parent=1281536"}],"wp:term":[{"taxonomy":"category","embeddable":true,"href":"https:\/\/www.europesays.com\/de\/wp-json\/wp\/v2\/categories?post=1281536"},{"taxonomy":"post_tag","embeddable":true,"href":"https:\/\/www.europesays.com\/de\/wp-json\/wp\/v2\/tags?post=1281536"}],"curies":[{"name":"wp","href":"https:\/\/api.w.org\/{rel}","templated":true}]}}