{"id":1281547,"date":"2026-09-05T04:36:17","date_gmt":"2026-09-05T04:36:17","guid":{"rendered":"https:\/\/www.europesays.com\/de\/1281547\/"},"modified":"2026-09-05T04:36:17","modified_gmt":"2026-09-05T04:36:17","slug":"flughafen-muenchen-kuendigt-neue-verbindungen-an-wann-diese-starten","status":"publish","type":"post","link":"https:\/\/www.europesays.com\/de\/1281547\/","title":{"rendered":"Flughafen M\u00fcnchen k\u00fcndigt neue Verbindungen an \u2013 wann diese starten"},"content":{"rendered":"<p class=\"mb-6 text-xs-varying md:text-m lg:text-l font-serif group-[.font-sans]:font-sans \">\n    Ab Dezember 2026 geht es f\u00fcr Passagiere w\u00f6chentlich an drei zus\u00e4tzlichen Terminen von <a href=\"https:\/\/www.augsburger-allgemeine.de\/orte\/aa-muenchen\" target=\"_self\" class=\"underline \" rel=\"nofollow noopener\">M\u00fcnchen<\/a> nach Bangkok. Das teilte der <a href=\"https:\/\/www.augsburger-allgemeine.de\/organisationen\/aa-flughafen-muenchen\" target=\"_self\" class=\"underline \" rel=\"nofollow noopener\">M\u00fcnchner Flughafen<\/a> in einer Pressemitteilung mit. Damit steigt das Angebot der thail\u00e4ndischen Airline Thai Airways auf zehn Fl\u00fcge pro Woche. Dies sieht der Flughafen als Vorteil f\u00fcr sein Angebot.\n  <\/p>\n<p>            M\u00fcnchen \u2013 Bangkok: Zehn Fl\u00fcge pro Woche in die thail\u00e4ndische Hauptstadt<\/p>\n<p class=\"mb-6 text-xs-varying md:text-m lg:text-l font-serif group-[.font-sans]:font-sans \">\n    <a href=\"https:\/\/www.augsburger-allgemeine.de\/bayern\/flughafen-muenchen-grosse-fundsachen-auktion-bei-volksfest-114687860\" target=\"_self\" class=\"underline \" rel=\"nofollow noopener\">Wie der M\u00fcnchner Flughafen mitteilte,<\/a> fliegt Thai Airways ab Dezember 2026 dreimal pro Woche \u00f6fter nach Bangkok als bislang. Die neuen Fl\u00fcge sollen montags, mittwochs und freitags starten. Anders als auf den bisherigen Strecken f\u00fchrt die thail\u00e4ndische Airline die neuen Fl\u00fcge mit einer Boeing 787-9 Dreamliner durch. Auf den bereits bestehenden Verbindungen komme ein Airbus 350-900 zum Einsatz.\n  <\/p>\n<p class=\"mb-6 text-xs-varying md:text-m lg:text-l font-serif group-[.font-sans]:font-sans \">\n    Aktuell fliegt Thai Airways bereits t\u00e4glich vom M\u00fcnchner Flughafen nach Bangkok. Alle Verbindungen inklusive der drei neuen sind Non-Stop-Fl\u00fcge.\n  <\/p>\n<p>      <a href=\"https:\/\/www.augsburger-allgemeine.de\/bayern\/ryanair-flug-richtung-memmingen-fenster-geplatzt-was-wir-wissen-was-nicht-11-7-26-114721961\" class=\"hidden  &#010;                md:block md:mr-5 md:min-w-[140px]  aspect-photo md:aspect-tv lg:aspect-tv w-fullXXX relative self-start inline overflow-hidden\" rel=\"nofollow noopener\" target=\"_blank\"><\/p>\n<p>    <img decoding=\"async\" src=\"\" alt=\"Auf dem Flug von Thessaloniki nach Memmingen ist bei einem Ryanair-Flugzeug ein Fenster geplatzt, ein Passagier wurde halb herausgesaugt.\" title=\"Auf dem Flug von Thessaloniki nach Memmingen ist bei einem Ryanair-Flugzeug ein Fenster geplatzt, ein Passagier wurde halb herausgesaugt.\" loading=\"lazy\" class=\"h-full w-full object-cover\"\/><br \/>\n   <\/a><\/p>\n<p>            Flughafen M\u00fcnchen: \u201eStarkes Signal\u201c f\u00fcr den Standort<\/p>\n<p class=\"mb-6 text-xs-varying md:text-m lg:text-l font-serif group-[.font-sans]:font-sans \">\n    \u00dcber die zus\u00e4tzlichen Verbindungen zeigt sich der M\u00fcnchner Flughafen sehr zufrieden. Jost Lammers, Vorsitzender der Gesch\u00e4ftsf\u00fchrung der Flughafen M\u00fcnchen GmbH, sagte zu den zus\u00e4tzlichen Fl\u00fcgen: \u201eDie Entscheidung von Thai Airways, ihr Angebot ab M\u00fcnchen weiter auszubauen, ist ein starkes Signal f\u00fcr die Bedeutung unseres Flughafens im internationalen Luftverkehr.\u201c\n  <\/p>\n<p>      <a href=\"https:\/\/www.augsburger-allgemeine.de\/bayern\/easyjet-uebernahme-was-sich-dadurch-fuer-fluggaeste-in-bayern-veraendert-28-07-114668260\" class=\"hidden  &#010;                md:block md:mr-5 md:min-w-[140px]  aspect-photo md:aspect-tv lg:aspect-tv w-fullXXX relative self-start inline overflow-hidden\" rel=\"nofollow noopener\" target=\"_blank\"><\/p>\n<p>    <img decoding=\"async\" src=\"\" alt=\"Easyjet startet vom Flughafen M\u00fcnchen und bald auch vom Flughafen N\u00fcrnberg.\" title=\"Easyjet startet vom Flughafen M\u00fcnchen und bald auch vom Flughafen N\u00fcrnberg.\" loading=\"lazy\" class=\"h-full w-full object-cover\"\/><br \/>\n   <\/a><\/p>\n<p class=\"mb-6 text-xs-varying md:text-m lg:text-l font-serif group-[.font-sans]:font-sans \">\n    Die Metropole Bangkok gilt als Drehkreuz f\u00fcr zahlreiche weitere Ziele auf dem asiatischen Kontinent sowie nach Australien. <a href=\"https:\/\/www.augsburger-allgemeine.de\/bayern\/flughafen-muenchen-muessen-reisende-wegen-neuen-grenzkontrollen-laenger-warten-114663081\" target=\"_self\" class=\"underline \" rel=\"nofollow noopener\">Laut Angaben des M\u00fcnchner Flughafens<\/a> steige die Nachfrage nach Flugreisen zwischen \u201eDeutschland, Thailand sowie der gesamten Asia-Pazifik-Region\u201c weiter an.\n  <\/p>\n","protected":false},"excerpt":{"rendered":"Ab Dezember 2026 geht es f\u00fcr Passagiere w\u00f6chentlich an drei zus\u00e4tzlichen Terminen von M\u00fcnchen nach Bangkok. Das teilte&hellip;\n","protected":false},"author":2,"featured_media":1281548,"comment_status":"","ping_status":"","sticky":false,"template":"","format":"standard","meta":{"footnotes":"","_share_on_mastodon":"0"},"categories":[1827],"tags":[33287,1912,87328,772,29,10590,10647,30,112009,1268,259873,23],"class_list":["post-1281547","post","type-post","status-publish","format-standard","has-post-thumbnail","category-muenchen","tag-airbus-s-a-s","tag-australien","tag-bangkok","tag-bayern","tag-deutschland","tag-dreamliner","tag-flughafen-muenchen","tag-germany","tag-jost-lammer","tag-muenchen","tag-thai-airways-international","tag-thailand"],"share_on_mastodon":{"url":"https:\/\/pubeurope.com\/@de\/117216581237706303","error":""},"_links":{"self":[{"href":"https:\/\/www.europesays.com\/de\/wp-json\/wp\/v2\/posts\/1281547","targetHints":{"allow":["GET"]}}],"collection":[{"href":"https:\/\/www.europesays.com\/de\/wp-json\/wp\/v2\/posts"}],"about":[{"href":"https:\/\/www.europesays.com\/de\/wp-json\/wp\/v2\/types\/post"}],"author":[{"embeddable":true,"href":"https:\/\/www.europesays.com\/de\/wp-json\/wp\/v2\/users\/2"}],"replies":[{"embeddable":true,"href":"https:\/\/www.europesays.com\/de\/wp-json\/wp\/v2\/comments?post=1281547"}],"version-history":[{"count":0,"href":"https:\/\/www.europesays.com\/de\/wp-json\/wp\/v2\/posts\/1281547\/revisions"}],"wp:featuredmedia":[{"embeddable":true,"href":"https:\/\/www.europesays.com\/de\/wp-json\/wp\/v2\/media\/1281548"}],"wp:attachment":[{"href":"https:\/\/www.europesays.com\/de\/wp-json\/wp\/v2\/media?parent=1281547"}],"wp:term":[{"taxonomy":"category","embeddable":true,"href":"https:\/\/www.europesays.com\/de\/wp-json\/wp\/v2\/categories?post=1281547"},{"taxonomy":"post_tag","embeddable":true,"href":"https:\/\/www.europesays.com\/de\/wp-json\/wp\/v2\/tags?post=1281547"}],"curies":[{"name":"wp","href":"https:\/\/api.w.org\/{rel}","templated":true}]}}