{"id":1281557,"date":"2026-09-05T04:42:21","date_gmt":"2026-09-05T04:42:21","guid":{"rendered":"https:\/\/www.europesays.com\/de\/1281557\/"},"modified":"2026-09-05T04:42:21","modified_gmt":"2026-09-05T04:42:21","slug":"erneut-angriff-im-wahlkampf-in-berlin-afd-mann-soll-gruenen-politikerin-bedraengt-und-beleidigt-haben","status":"publish","type":"post","link":"https:\/\/www.europesays.com\/de\/1281557\/","title":{"rendered":"Erneut Angriff im Wahlkampf in Berlin: AfD-Mann soll Gr\u00fcnen-Politikerin bedr\u00e4ngt und beleidigt haben"},"content":{"rendered":"<p class=\"tspBOmb tspBOmc\">Ein AfD-Mitglied soll am Donnerstagnachmittag eine Wahlk\u00e4mpferin der Berliner Gr\u00fcnen beleidigt und gen\u00f6tigt haben, w\u00e4hrend die Frau Flyer in <a href=\"https:\/\/www.tagesspiegel.de\/berlin\/bezirke\/steglitz-zehlendorf?icid=in-text-link_16019709\" class=\"link link--internal\" data-gtm-class=\"article-text-link\" data-gtm-val=\"internal\" rel=\"nofollow noopener\" target=\"_blank\">Steglitz-Zehlendorf<\/a> aufh\u00e4ngte. Das teilte der Kreisverband der Gr\u00fcnen, in dessen Vorstand die 38-J\u00e4hrige sitzt, am Freitag mit. Auch die Berliner Polizei informierte \u00fcber den Vorfall, machte jedoch keine Angaben zur Identit\u00e4t des mutma\u00dflichen Angreifers.<\/p>\n<p class=\"tspBOmb\">Die Gr\u00fcnen sind sich nach eigenen Angaben sicher, den Mann identifizieren zu k\u00f6nnen. Es handele sich um ein bekanntes AfD\u2011Mitglied. Fotos belegten demnach, dass er sich wiederholt gemeinsam mit der Berliner Spitzenkandidatin Kristin Brinker gezeigt habe.<\/p>\n<p><a href=\"https:\/\/www.tagesspiegel.de\/berlin\/es-war-eine-krass-bedrohliche-situation-mann-beleidigt-grunenpolitiker-in-berlin-antisemitisch-16001181.html?icid=single-topic_16019709___\" data-gtm-class=\"article-mzt-link\" class=\"tspDCr5\" rel=\"nofollow noopener\" target=\"_blank\">Angriff auf Berliner Gr\u00fcnen-Politiker Erst beleidigt ein Rentner ihn antisemitisch, dann wird ihm das Mikro abgestellt <\/a><\/p>\n<p class=\"tspBOmb\">\u201eEr \u00fcberzog unsere Kollegin mit schlimmsten Beleidigungen und n\u00f6tigte sie, indem er ihr den Weg versperrte und sie am Losfahren hinderte\u201c, teilten die Gr\u00fcnen mit. Ein Passant sei der Wahlk\u00e4mpferin zur Hilfe geeilt und habe die \u201eextrem bedrohliche Situation\u201c aufgel\u00f6st. Laut Polizei handelte es sich um einen Bekannten der Gr\u00fcnen-Politikerin, der sich zwischen sie und den Mann stellte. Daraufhin habe sich der mutma\u00dfliche Angreifer entfernt.<\/p>\n<p class=\"tspBOmb\">Die Wahlk\u00e4mpferin erstattete Anzeige. Einen Tatverd\u00e4chtigen habe die Polizei bislang nicht ermittelt, sagte eine Sprecherin dem Tagesspiegel.<\/p>\n<p class=\"tspBOmb\">Bereits am Montag war der Gr\u00fcnen-Direktkandidat aus Steglitz-Zehlendorf, Daniel Eliasson, bei einer Wahlkampfaktion vor einem Supermarkt in Steglitz <a href=\"https:\/\/www.tagesspiegel.de\/berlin\/es-war-eine-krass-bedrohliche-situation-mann-beleidigt-grunenpolitiker-in-berlin-antisemitisch-16001181.html?icid=in-text-link_16019709\" class=\"link link--internal\" data-gtm-class=\"article-text-link\" data-gtm-val=\"internal\" rel=\"nofollow noopener\" target=\"_blank\">von einem Rentner antisemitisch beleidigt und angegriffen worden<\/a>. In diesem Fall hat die Polizei den mutma\u00dflichen T\u00e4ter inzwischen gefasst. Es handelt sich um einen 68-J\u00e4hrigen.<\/p>\n<p>Mehr zu Angriffen auf Politiker in Berlin:<a href=\"https:\/\/www.tagesspiegel.de\/berlin\/bezirke\/tempelhof-schoeneberg\/kanake-raus-schmiererei-auf-wahlplakat-erneuter-rassistischer-angriff-auf-berliner-spd-abgeordneten-orkan-ozdemir-16017549.html?icid=topic-list_16019709___\" data-gtm-class=\"article-mzt-link\" data-hydrate-fingerprint=\"09740a54944caac75fd2c0c63fd5c5df\" data-hydrate-props=\"{&amp;escapedquot;element&amp;escapedquot;:{&amp;escapedquot;type&amp;escapedquot;:&amp;escapedquot;relatedContent&amp;escapedquot;,&amp;escapedquot;fieldMap&amp;escapedquot;:{},&amp;escapedquot;relation&amp;escapedquot;:{&amp;escapedquot;fields&amp;escapedquot;:{&amp;escapedquot;isPaid&amp;escapedquot;:null},&amp;escapedquot;href&amp;escapedquot;:&amp;escapedquot;\/berlin\/bezirke\/tempelhof-schoeneberg\/kanake-raus-schmiererei-auf-wahlplakat-erneuter-rassistischer-angriff-auf-berliner-spd-abgeordneten-orkan-ozdemir-16017549.html&amp;escapedquot;,&amp;escapedquot;teaserTitle&amp;escapedquot;:{&amp;escapedquot;kicker&amp;escapedquot;:&amp;escapedquot;\u201eKanake raus\u201c-Schmiererei auf Wahlplakat&amp;escapedquot;,&amp;escapedquot;headline&amp;escapedquot;:&amp;escapedquot;Erneuter rassistischer Angriff auf Berliner SPD-Abgeordneten Orkan \u00d6zdemir&amp;escapedquot;},&amp;escapedquot;id&amp;escapedquot;:&amp;escapedquot;16017549&amp;escapedquot;,&amp;escapedquot;type&amp;escapedquot;:&amp;escapedquot;story&amp;escapedquot;},&amp;escapedquot;isPartOfList&amp;escapedquot;:true,&amp;escapedquot;topicListType&amp;escapedquot;:&amp;escapedquot;topic-list&amp;escapedquot;},&amp;escapedquot;showArrow&amp;escapedquot;:true}\" data-hydrate-slots=\"{&#039;default&#039;:[]}\" class=\"tspDCr5 tspCWqd\" rel=\"nofollow noopener\" target=\"_blank\">\u201eKanake raus\u201c-Schmiererei auf Wahlplakat Erneuter rassistischer Angriff auf Berliner SPD-Abgeordneten Orkan \u00d6zdemir <\/a><a href=\"https:\/\/www.tagesspiegel.de\/berlin\/ich-dreh-mich-jetzt-lieber-dreimal-um-wahlkampfer-in-berlin-beim-plakatieren-angegriffen-15953534.html?icid=topic-list_16019709___\" data-gtm-class=\"article-mzt-link\" data-hydrate-fingerprint=\"09740a54944caac75fd2c0c63fd5c5df\" data-hydrate-props=\"{&amp;escapedquot;element&amp;escapedquot;:{&amp;escapedquot;type&amp;escapedquot;:&amp;escapedquot;relatedContent&amp;escapedquot;,&amp;escapedquot;fieldMap&amp;escapedquot;:{},&amp;escapedquot;relation&amp;escapedquot;:{&amp;escapedquot;fields&amp;escapedquot;:{&amp;escapedquot;isPaid&amp;escapedquot;:true},&amp;escapedquot;href&amp;escapedquot;:&amp;escapedquot;\/berlin\/ich-dreh-mich-jetzt-lieber-dreimal-um-wahlkampfer-in-berlin-beim-plakatieren-angegriffen-15953534.html&amp;escapedquot;,&amp;escapedquot;teaserTitle&amp;escapedquot;:{&amp;escapedquot;kicker&amp;escapedquot;:&amp;escapedquot;\u201eSie waren gewaltbereit und sehr motiviert\u201c&amp;escapedquot;,&amp;escapedquot;headline&amp;escapedquot;:&amp;escapedquot;Wahlk\u00e4mpfer in Berlin beim Plakatieren angegriffen&amp;escapedquot;},&amp;escapedquot;id&amp;escapedquot;:&amp;escapedquot;15953534&amp;escapedquot;,&amp;escapedquot;type&amp;escapedquot;:&amp;escapedquot;story&amp;escapedquot;},&amp;escapedquot;isPartOfList&amp;escapedquot;:true,&amp;escapedquot;topicListType&amp;escapedquot;:&amp;escapedquot;topic-list&amp;escapedquot;},&amp;escapedquot;showArrow&amp;escapedquot;:true}\" data-hydrate-slots=\"{&#039;default&#039;:[]}\" class=\"tspDCr5 tspCWqd\" rel=\"nofollow noopener\" target=\"_blank\">\u201eSie waren gewaltbereit und sehr motiviert\u201c Wahlk\u00e4mpfer in Berlin beim Plakatieren angegriffen <\/a><a href=\"https:\/\/www.tagesspiegel.de\/berlin\/schwulenfeindlicher-angriff-in-berlin-charlottenburg-politiker-im-park-homofeindlich-beleidigt-und-verletzt-15575688.html?icid=topic-list_16019709___\" data-gtm-class=\"article-mzt-link\" data-hydrate-fingerprint=\"09740a54944caac75fd2c0c63fd5c5df\" data-hydrate-props=\"{&amp;escapedquot;element&amp;escapedquot;:{&amp;escapedquot;type&amp;escapedquot;:&amp;escapedquot;relatedContent&amp;escapedquot;,&amp;escapedquot;fieldMap&amp;escapedquot;:{},&amp;escapedquot;relation&amp;escapedquot;:{&amp;escapedquot;fields&amp;escapedquot;:{&amp;escapedquot;isPaid&amp;escapedquot;:null},&amp;escapedquot;href&amp;escapedquot;:&amp;escapedquot;\/berlin\/schwulenfeindlicher-angriff-in-berlin-charlottenburg-politiker-im-park-homofeindlich-beleidigt-und-verletzt-15575688.html&amp;escapedquot;,&amp;escapedquot;teaserTitle&amp;escapedquot;:{&amp;escapedquot;kicker&amp;escapedquot;:&amp;escapedquot;Schwulenfeindlicher Angriff in Berlin-Charlottenburg&amp;escapedquot;,&amp;escapedquot;headline&amp;escapedquot;:&amp;escapedquot;Politiker im Park homofeindlich beleidigt und verletzt&amp;escapedquot;},&amp;escapedquot;id&amp;escapedquot;:&amp;escapedquot;15575688&amp;escapedquot;,&amp;escapedquot;type&amp;escapedquot;:&amp;escapedquot;story&amp;escapedquot;},&amp;escapedquot;isPartOfList&amp;escapedquot;:true,&amp;escapedquot;topicListType&amp;escapedquot;:&amp;escapedquot;topic-list&amp;escapedquot;},&amp;escapedquot;showArrow&amp;escapedquot;:true}\" data-hydrate-slots=\"{&#039;default&#039;:[]}\" class=\"tspDCr5 tspCWqd\" rel=\"nofollow noopener\" target=\"_blank\">Schwulenfeindlicher Angriff in Berlin-Charlottenburg Politiker im Park homofeindlich beleidigt und verletzt <\/a><\/p>\n<p class=\"tspBOmb\">\u201eWir lassen uns von diesen faschistischen Methoden weder einsch\u00fcchtern noch von den Stra\u00dfen unseres Bezirks und unserer Stadt verdr\u00e4ngen. Wer meint, demokratischen Einsatz mit Aggression und Gewalt ersticken zu k\u00f6nnen, wird am Widerstand der Berlinerinnen und Berliner scheitern\u201c, teilte der Gr\u00fcnen-Kreisverband mit. Der \u00dcbergriff sei ein Resultat der Politik der AfD, die \u201eschamlose T\u00e4ter\u201c anziehe, \u201edie ihre verfassungsfeindliche Ideologie gewaltsam auf die Stra\u00dfe tragen\u201c.<\/p>\n","protected":false},"excerpt":{"rendered":"Ein AfD-Mitglied soll am Donnerstagnachmittag eine Wahlk\u00e4mpferin der Berliner Gr\u00fcnen beleidigt und gen\u00f6tigt haben, w\u00e4hrend die Frau Flyer&hellip;\n","protected":false},"author":2,"featured_media":1281558,"comment_status":"","ping_status":"","sticky":false,"template":"","format":"standard","meta":{"footnotes":"","_share_on_mastodon":"0"},"categories":[1825],"tags":[186,296,29,30,7785],"class_list":["post-1281557","post","type-post","status-publish","format-standard","has-post-thumbnail","category-berlin","tag-afd","tag-berlin","tag-deutschland","tag-germany","tag-kristin-brinker"],"share_on_mastodon":{"url":"https:\/\/pubeurope.com\/@de\/117216604932218563","error":""},"_links":{"self":[{"href":"https:\/\/www.europesays.com\/de\/wp-json\/wp\/v2\/posts\/1281557","targetHints":{"allow":["GET"]}}],"collection":[{"href":"https:\/\/www.europesays.com\/de\/wp-json\/wp\/v2\/posts"}],"about":[{"href":"https:\/\/www.europesays.com\/de\/wp-json\/wp\/v2\/types\/post"}],"author":[{"embeddable":true,"href":"https:\/\/www.europesays.com\/de\/wp-json\/wp\/v2\/users\/2"}],"replies":[{"embeddable":true,"href":"https:\/\/www.europesays.com\/de\/wp-json\/wp\/v2\/comments?post=1281557"}],"version-history":[{"count":0,"href":"https:\/\/www.europesays.com\/de\/wp-json\/wp\/v2\/posts\/1281557\/revisions"}],"wp:featuredmedia":[{"embeddable":true,"href":"https:\/\/www.europesays.com\/de\/wp-json\/wp\/v2\/media\/1281558"}],"wp:attachment":[{"href":"https:\/\/www.europesays.com\/de\/wp-json\/wp\/v2\/media?parent=1281557"}],"wp:term":[{"taxonomy":"category","embeddable":true,"href":"https:\/\/www.europesays.com\/de\/wp-json\/wp\/v2\/categories?post=1281557"},{"taxonomy":"post_tag","embeddable":true,"href":"https:\/\/www.europesays.com\/de\/wp-json\/wp\/v2\/tags?post=1281557"}],"curies":[{"name":"wp","href":"https:\/\/api.w.org\/{rel}","templated":true}]}}