{"id":1281568,"date":"2026-09-05T04:52:21","date_gmt":"2026-09-05T04:52:21","guid":{"rendered":"https:\/\/www.europesays.com\/de\/1281568\/"},"modified":"2026-09-05T04:52:21","modified_gmt":"2026-09-05T04:52:21","slug":"nordische-krimiserie-feiert-heute-premiere-in-der-ard-mediathek","status":"publish","type":"post","link":"https:\/\/www.europesays.com\/de\/1281568\/","title":{"rendered":"Nordische Krimiserie feiert heute Premiere in der ARD-Mediathek"},"content":{"rendered":"<ol class=\"id-DonaldBreadcrumb lp_west_breadcrumb id-DonaldBreadcrumb--default\" data-k5a-pos=\"west_breadcrumb\">\n<li class=\"id-Breadcrumb-item\"><a href=\"https:\/\/www.serienjunkies.de\/\" class=\"id-Breadcrumb-link\" data-id-ec=\"{\" shn=\"\" textlink=\"\" data-k5a-pos=\"1_serienjunkies\" rel=\"nofollow noopener\" target=\"_blank\">serienjunkies<\/a><\/li>\n<li class=\"id-Breadcrumb-item\"><a href=\"https:\/\/www.serienjunkies.de\/news\/\" class=\"id-Breadcrumb-link\" data-id-ec=\"{\" shn=\"\" textlink=\"\" data-k5a-pos=\"2_news\" rel=\"nofollow noopener\" target=\"_blank\">News<\/a><\/li>\n<li class=\"id-Breadcrumb-item\"><a href=\"https:\/\/www.serienjunkies.de\/news\/serien\/\" class=\"id-Breadcrumb-link\" data-id-ec=\"{\" shn=\"\" textlink=\"\" data-k5a-pos=\"3_serien\" rel=\"nofollow noopener\" target=\"_blank\">Serien<\/a><\/li>\n<\/ol>\n<p class=\"id-Story-timestamp id-Story-timestamp--default\">Stand: 05.09.2026, 04:50 Uhr<\/p>\n<p class=\"id-Story-authors id-Story-authors--default\">Von: <a class=\"id-Story-authors-link lp_west_author\" href=\"https:\/\/www.serienjunkies.de\/autor\/bjarne-bock-bjk278jw.html\" title=\"Zur Autorenseite von Bjarne Bock\" data-id-ec=\"{\" shn=\"\" author-link=\"\" bock=\"\" data-k5a-pos=\"west_author\" rel=\"nofollow noopener\" target=\"_blank\">Bjarne Bock<\/a><\/p>\n<p class=\"id-Story-interactionBar id-Story-interactionBar--default\">DruckenTeilen<\/p>\n<p><a href=\"https:\/\/profile.google.com\/cp\/Cg0vZy8xMWI3NHR6bnZ3GgA\" class=\"id-Story-googleFollowButton id-Story-googleFollowButton--default\" target=\"_blank\" data-id-ec=\"{\" shn=\"\" google-follow=\"\" auf=\"\" google=\"\" folgen=\"\" rel=\"nofollow noopener\">Uns auf Google folgen<\/a><\/p>\n<p class=\"id-StoryElement-leadText\">\u201eEscaping Bolivia\u201c feiert heute Premiere in der ARD-Mediathek: Das norwegische Drama nach wahren Begebenheiten ist auch im Originalton verf\u00fcgbar.<\/p>\n<p class=\"id-StoryElement-paragraph\">Am heutigen Freitag, den 4. September 2026, feiert die Serie \u201eEscaping Bolivia\u201c ihre Premiere in der ARD-Mediathek. Am Freitag, den 11. September, kommt die Serie um 21:30 Uhr als deutsche TV-Premiere bei <a href=\"https:\/\/www.serienjunkies.de\/sender\/one\/\" class=\"id-import-Link\" title=\"ONE\" data-id-ec=\"{&quot;sht&quot;:&quot;Container&quot;,&quot;shn&quot;:&quot;Story&quot;,&quot;p&quot;:{&quot;containerType&quot;:&quot;Paragraph&quot;,&quot;displayType&quot;:&quot;Paragraph InlineLink&quot;,&quot;type&quot;:&quot;INLINE_LINK&quot;,&quot;value&quot;:&quot;ONE&quot;,&quot;variant&quot;:&quot;standardLink&quot;,&quot;sponsored&quot;:false,&quot;linkHref&quot;:&quot;https:\/\/www.serienjunkies.de\/sender\/one\/&quot;,&quot;storyElementPosition&quot;:8,&quot;storyElementCount&quot;:19}}\" rel=\"nofollow noopener\" target=\"_blank\">ONE<\/a>. Die norwegische Dramaserie ist von wahren Begebenheiten inspiriert und wird auch im norwegischen Originalton ausgestrahlt.<\/p>\n<p>Alle Infos zur neuen Dramaserie \u201eEscaping Bolivia\u201c bei ONE<\/p>\n<p class=\"id-StoryElement-paragraph\">Ein unbeschwerter Urlaub in Bolivien wird f\u00fcr drei junge Frauen zum Albtraum. Die 17-j\u00e4hrige Ida reist gemeinsam mit ihrer ersten gro\u00dfen Liebe Cecilie, der 18-J\u00e4hrigen, und Michelle, der 21-j\u00e4hrigen Exfreundin ihres Bruders, nach Cochabamba. Die drei sind eng miteinander befreundet und freuen sich auf eine unbeschwerte Zeit. Doch am Flughafen werden sie mit 22 Kilogramm Kokain im Gep\u00e4ck festgenommen.<\/p>\n<p><img decoding=\"async\" class=\"id-RatioPlaceholder-element wv_story_el_image\" src=\"https:\/\/www.europesays.com\/de\/wp-content\/uploads\/2026\/09\/43914232-serienposter-von-escaping-bolivia-NKBG.jpg\" loading=\"lazy\"   height=\"619\" width=\"1100\" alt=\"Serienposter von &#x201E;Escaping Bolivia&#x201C;\"\/>Serienposter von \u201eEscaping Bolivia\u201c \u00a9\u00a0TV2 \/ SWR \/ WDR \/ NDR<\/p>\n<p class=\"id-StoryElement-paragraph\">Ida, Cecilie und Michelle beteuern, dass ihnen die Drogen untergeschoben wurden. Ihre Beteuerungen finden jedoch kein Geh\u00f6r. Die drei Frauen werden bis auf Weiteres in das Frauengef\u00e4ngnis von Cochabamba gebracht. Dort sind sie mit einer Lebensrealit\u00e4t konfrontiert, die sie v\u00f6llig \u00fcberfordert. Harte Arbeit, Korruption und schwierige Haftbedingungen bestimmen fortan ihren Alltag.<\/p>\n<p class=\"id-StoryElement-paragraph\">In der ersten Folge scheint Idas Leben zun\u00e4chst perfekt zu sein. Gemeinsam mit Cecilie, Michelle und deren kleinem Sohn verbringt sie einen luxuri\u00f6sen Urlaub. Das vermeintliche Paradies verwandelt sich jedoch schlagartig in einen Ort der Angst, als die Gruppe am Flughafen festgenommen wird. Im Gef\u00e4ngnis wird das enge Band zwischen den Freundinnen auf eine harte Probe gestellt.<\/p>\n<p class=\"id-StoryElement-paragraph\">W\u00e4hrend die erhoffte Unterst\u00fctzung durch das norwegische Au\u00dfenministerium ausbleibt, muss jede der Frauen zunehmend f\u00fcr sich selbst k\u00e4mpfen. In Norwegen verfolgt der Journalist Joakim den Fall. Gleichzeitig erh\u00e4lt Idas Mutter Wenche die Nachricht von der Verhaftung ihrer Tochter. Bis dahin war sie davon ausgegangen, Ida mache mit ihren Freundinnen Urlaub in Spanien.<\/p>\n<p>Mafia, Macht und Drama: Diese Serien \u00fcber das organisierte Verbrechen fesseln<img decoding=\"async\" class=\"id-RatioPlaceholder-element wv_story_el_interstitialImage\" src=\"https:\/\/www.europesays.com\/de\/wp-content\/uploads\/2026\/09\/43876208-drei-mafia-serien-godfather-of-harlem-gomorrah-narcos-2Efe.jpg\" loading=\"lazy\"   height=\"1125\" width=\"2000\" alt=\"Drei Mafia-Serien: &#x201E;Godfather of Harlem&#x201C;, &#x201E;Gomorrah&#x201C;, &#x201E;Narcos&#x201C; \"\/><a href=\"https:\/\/www.serienjunkies.de\/news\/storys\/gangster-clans-kartelle-diese-mafia-serien-gehoeren-auf-die-watchlist-zr-94463023.html\" class=\"id-StoryElement-intestitialLink-link\" data-id-ec=\"{\" shn=\"\" ansehen=\"\" data-k5a-pos=\"west_story_17_photoGalleryLink\" title=\"Zur Fotostrecke: Mafia, Macht und Drama: Diese Serien &#xFC;ber das organisierte Verbrechen fesseln\" rel=\"nofollow noopener\" target=\"_blank\">Fotostrecke ansehen<\/a><\/p>\n<p class=\"id-StoryElement-paragraph\">F\u00fcr Ida er\u00f6ffnet sich schlie\u00dflich eine gef\u00e4hrliche M\u00f6glichkeit zur Flucht. Ein Journalist eines M\u00e4nnermagazins und ein wortkarger S\u00f6ldner werden zu unerwarteten Verb\u00fcndeten. Gemeinsam mit ihnen entwickelt sie einen waghalsigen Plan. Dabei steht nicht nur ihre Freiheit auf dem Spiel: Ida muss sich auch fragen, ob sie sicher nach Hause zur\u00fcckkehren kann &#8211; oder ob der Amazonas zu ihrem endg\u00fcltigen Gef\u00e4ngnis wird.<\/p>\n","protected":false},"excerpt":{"rendered":"serienjunkies News Serien Stand: 05.09.2026, 04:50 Uhr Von: Bjarne Bock DruckenTeilen Uns auf Google folgen \u201eEscaping Bolivia\u201c feiert&hellip;\n","protected":false},"author":2,"featured_media":1281569,"comment_status":"","ping_status":"","sticky":false,"template":"","format":"standard","meta":{"footnotes":"","_share_on_mastodon":"0"},"categories":[1773],"tags":[29,214,30,471,1780,215],"class_list":["post-1281568","post","type-post","status-publish","format-standard","has-post-thumbnail","category-serien","tag-deutschland","tag-entertainment","tag-germany","tag-serien","tag-series","tag-unterhaltung"],"share_on_mastodon":{"url":"https:\/\/pubeurope.com\/@de\/117216646815267547","error":""},"_links":{"self":[{"href":"https:\/\/www.europesays.com\/de\/wp-json\/wp\/v2\/posts\/1281568","targetHints":{"allow":["GET"]}}],"collection":[{"href":"https:\/\/www.europesays.com\/de\/wp-json\/wp\/v2\/posts"}],"about":[{"href":"https:\/\/www.europesays.com\/de\/wp-json\/wp\/v2\/types\/post"}],"author":[{"embeddable":true,"href":"https:\/\/www.europesays.com\/de\/wp-json\/wp\/v2\/users\/2"}],"replies":[{"embeddable":true,"href":"https:\/\/www.europesays.com\/de\/wp-json\/wp\/v2\/comments?post=1281568"}],"version-history":[{"count":0,"href":"https:\/\/www.europesays.com\/de\/wp-json\/wp\/v2\/posts\/1281568\/revisions"}],"wp:featuredmedia":[{"embeddable":true,"href":"https:\/\/www.europesays.com\/de\/wp-json\/wp\/v2\/media\/1281569"}],"wp:attachment":[{"href":"https:\/\/www.europesays.com\/de\/wp-json\/wp\/v2\/media?parent=1281568"}],"wp:term":[{"taxonomy":"category","embeddable":true,"href":"https:\/\/www.europesays.com\/de\/wp-json\/wp\/v2\/categories?post=1281568"},{"taxonomy":"post_tag","embeddable":true,"href":"https:\/\/www.europesays.com\/de\/wp-json\/wp\/v2\/tags?post=1281568"}],"curies":[{"name":"wp","href":"https:\/\/api.w.org\/{rel}","templated":true}]}}