{"id":1281590,"date":"2026-09-05T05:06:28","date_gmt":"2026-09-05T05:06:28","guid":{"rendered":"https:\/\/www.europesays.com\/de\/1281590\/"},"modified":"2026-09-05T05:06:28","modified_gmt":"2026-09-05T05:06:28","slug":"rwth-aachen-autonomes-auto-darf-durch-deutschland-fahren","status":"publish","type":"post","link":"https:\/\/www.europesays.com\/de\/1281590\/","title":{"rendered":"RWTH Aachen: Autonomes Auto darf durch Deutschland fahren"},"content":{"rendered":"<p>Autonomes Fahren <\/p>\n<p>RWTH Aachen darf besonderes Forschungsauto bundesweit testen<\/p>\n<p>05.09.2026 &#8211; 06:00 UhrLesedauer: 2 Min.<\/p>\n<p><a href=\"#focus-0\" class=\"transition-colors block text-current relative\" data-sctrack=\"FocusGalleryImage.Reference\"><img fetchpriority=\"high\" data-testid=\"Opener.Image\"   loading=\"eager\" src=\"https:\/\/www.europesays.com\/de\/wp-content\/uploads\/2026\/09\/1788584787_559_image.jpg\" alt=\"Das autonome Auto &quot;karl&quot;: Es f\u00e4hrt bald auf \u00f6ffentlichen Stra\u00dfen.\" title=\"Das autonome Auto &quot;karl&quot;: Es f\u00e4hrt bald auf \u00f6ffentlichen Stra\u00dfen.\" width=\"1688\" height=\"949\" class=\"bg-[url:var(--lqipURL)] bg-cover bg-center flex h-full w-full max-w-full\" style=\"--lqipURL:url('https:\/\/images.t-online.de\/2026\/09\/qpjqdUZ4iJAT\/0x157:1688x949\/fit-in\/150x0\/filters:blur(25)\/image.jpg')\" decoding=\"async\"\/><img loading=\"lazy\" src=\"https:\/\/aachen.t-online.de\/s\/paper\/_next\/static\/media\/zoom-in.f7dae02f.svg\" alt=\"Vergr\u00f6\u00dfern des Bildes\" title=\"Vergr\u00f6\u00dfern des Bildes\" class=\"block h-[calc(var(--height)_\/_16_*_1rem)] w-[calc(var(--width)_\/_16_*_1rem)] max-w-none absolute right-8 bottom-8 rounded-4 bg-snow p-8\" style=\"--width:32;--height:32\" decoding=\"async\"\/><\/a><\/p>\n<p>Das autonome Auto &#8222;karl&#8220;: Es f\u00e4hrt bald auf \u00f6ffentlichen Stra\u00dfen. (Quelle: ANDREAS SCHMITTER                   )<\/p>\n<p><img loading=\"lazy\" src=\"https:\/\/aachen.t-online.de\/s\/paper\/_next\/static\/media\/audio-volume.6689034c.svg\" alt=\"\" title=\"\" class=\"block h-[calc(var(--height)_\/_16_*_1rem)] w-[calc(var(--width)_\/_16_*_1rem)] max-w-none group-hover:brightness-0 group-hover:invert\" style=\"--width:16;--height:16\" decoding=\"async\"\/>Vorlesen<\/p>\n<p>Aktuelle Zeit:0:00Gesamtdauer:0:00<\/p>\n<p>1x<img loading=\"lazy\" src=\"https:\/\/aachen.t-online.de\/s\/paper\/_next\/static\/media\/font-sizes.32942e33.svg\" alt=\"\" title=\"\" class=\"block h-[calc(var(--height)_\/_16_*_1rem)] w-[calc(var(--width)_\/_16_*_1rem)] max-w-none group-hover:hidden group-aria-expanded:hidden\" style=\"--width:16;--height:16\" decoding=\"async\"\/><img loading=\"lazy\" src=\"https:\/\/aachen.t-online.de\/s\/paper\/_next\/static\/media\/font-sizes-dark-mode.e382645c.svg\" alt=\"\" title=\"\" class=\"block h-[calc(var(--height)_\/_16_*_1rem)] w-[calc(var(--width)_\/_16_*_1rem)] max-w-none hidden group-hover:block group-aria-expanded:block\" style=\"--width:16;--height:16\" decoding=\"async\"\/><img loading=\"lazy\" src=\"https:\/\/aachen.t-online.de\/s\/paper\/_next\/static\/media\/sharing-menu-icon.1eb71368.svg\" alt=\"\" title=\"\" class=\"block h-[calc(var(--height)_\/_16_*_1rem)] w-[calc(var(--width)_\/_16_*_1rem)] max-w-none group-hover:brightness-0 group-hover:invert\" style=\"--width:16;--height:16\" decoding=\"async\"\/>Artikel teilen<\/p>\n<p class=\"font-bold text-18 leading-17 user-text-lg:text-22 user-text-xl:text-24\">Das Forschungsfahrzeug &#8222;karl.&#8220; darf auf \u00f6ffentlichen Stra\u00dfen fahren. Eine neue Genehmigung erlaubt Tests im gesamten Bundesgebiet.<\/p>\n<p class=\"text-18 leading-17 user-text-lg:text-22 user-text-xl:text-24\">Die RWTH Aachen hat f\u00fcr ihr autonomes Forschungsfahrzeug &#8222;karl.&#8220; eine bundesweite Erprobungsgenehmigung erhalten. Das Kraftfahrt-Bundesamt (KBA) erteilte die Genehmigung f\u00fcr Tests im \u00f6ffentlichen Stra\u00dfenverkehr. Damit geh\u00f6rt die RWTH neben der TH Augsburg und der TU Braunschweig zu bislang drei Hochschulen in Deutschland mit einer solchen Genehmigung.<\/p>\n<p class=\"text-18 leading-17 user-text-lg:text-22 user-text-xl:text-24\">Das Institut f\u00fcr Kraftfahrzeuge (ika) der RWTH hat &#8222;karl.&#8220; als Forschungsplattform entwickelt. Grundlage ist ein Volkswagen T7 Multivan eHybrid. Kameras sowie Lidar- und Radarsensoren erfassen w\u00e4hrend der Fahrt die Umgebung. Rechner im Fahrzeug verarbeiten die Daten und steuern die autonome Fahrfunktion.<\/p>\n<p class=\"text-18 leading-17 user-text-lg:text-22 user-text-xl:text-24\">Das Fahrzeug erm\u00f6glicht autonomes Fahren nach Level 4. Dabei ben\u00f6tigt das System grunds\u00e4tzlich keinen Menschen am Steuer. Bei den Forschungsfahrten mit &#8222;karl.&#8220; sitzt aus Sicherheitsgr\u00fcnden dennoch immer eine Sicherheitsfahrerin oder ein Sicherheitsfahrer im Wagen.<\/p>\n<p>RWTH Aachen testet Software im realen Verkehr<\/p>\n<p class=\"text-18 leading-17 user-text-lg:text-22 user-text-xl:text-24\">Die bundesweite Genehmigung erweitert die M\u00f6glichkeiten f\u00fcr Tests unter realen Verkehrsbedingungen. Neue Methoden und zuvor in Simulationen optimierte Software k\u00f6nnen so auf \u00f6ffentlichen Stra\u00dfen erprobt werden.<\/p>\n<p class=\"text-18 leading-17 user-text-lg:text-22 user-text-xl:text-24\">Vor einer Fahrt testet das ika \u00c4nderungen zun\u00e4chst in seiner Simulationsumgebung OpenADSim. Erkenntnisse aus den anschlie\u00dfenden Stra\u00dfenfahrten flie\u00dfen wiederum in die Weiterentwicklung der Software ein.<\/p>\n<p class=\"text-18 leading-17 user-text-lg:text-22 user-text-xl:text-24\">Die autonome Fahrfunktion basiert auf dem von der RWTH initiierten Open-Source-System OpenADS. Dessen Software steht auch anderen Forschungseinrichtungen und Unternehmen zur Verf\u00fcgung. Sie k\u00f6nnen einzelne Komponenten oder das gesamte System f\u00fcr eigene Forschungsfahrzeuge nutzen.<\/p>\n<p class=\"text-18 leading-17 user-text-lg:text-22 user-text-xl:text-24\">Professor Lutz Eckstein, Leiter des Instituts f\u00fcr Kraftfahrzeuge, erkl\u00e4rte, mit der Genehmigung k\u00f6nne die RWTH Forschungsergebnisse verst\u00e4rkt in der Praxis erproben. OpenADS solle zugleich eine technische Grundlage f\u00fcr die Zusammenarbeit mit Wissenschaft und Industrie schaffen.<\/p>\n","protected":false},"excerpt":{"rendered":"Autonomes Fahren RWTH Aachen darf besonderes Forschungsauto bundesweit testen 05.09.2026 &#8211; 06:00 UhrLesedauer: 2 Min. Das autonome Auto&hellip;\n","protected":false},"author":2,"featured_media":1281591,"comment_status":"","ping_status":"","sticky":false,"template":"","format":"standard","meta":{"footnotes":"","_share_on_mastodon":"0"},"categories":[1853],"tags":[722,122713,1424,513,3364,29,264410,548,663,3934,514,264409,250909,30,13,60412,25369,14,15,1209,17337,12,4585,5342,603],"class_list":["post-1281590","post","type-post","status-publish","format-standard","has-post-thumbnail","category-aachen","tag-722","tag-122713","tag-aachen","tag-auto","tag-de","tag-deutschland","tag-erprobungsgenehmigung","tag-eu","tag-europa","tag-europe","tag-fahrzeug","tag-forschungsauto","tag-forschungsfahrzeug","tag-germany","tag-headlines","tag-kba","tag-kraftfahrt-bundesamt","tag-nachrichten","tag-news","tag-nordrhein-westfalen","tag-rwth-aachen","tag-schlagzeilen","tag-software","tag-tu-braunschweig","tag-vw"],"share_on_mastodon":{"url":"","error":""},"_links":{"self":[{"href":"https:\/\/www.europesays.com\/de\/wp-json\/wp\/v2\/posts\/1281590","targetHints":{"allow":["GET"]}}],"collection":[{"href":"https:\/\/www.europesays.com\/de\/wp-json\/wp\/v2\/posts"}],"about":[{"href":"https:\/\/www.europesays.com\/de\/wp-json\/wp\/v2\/types\/post"}],"author":[{"embeddable":true,"href":"https:\/\/www.europesays.com\/de\/wp-json\/wp\/v2\/users\/2"}],"replies":[{"embeddable":true,"href":"https:\/\/www.europesays.com\/de\/wp-json\/wp\/v2\/comments?post=1281590"}],"version-history":[{"count":0,"href":"https:\/\/www.europesays.com\/de\/wp-json\/wp\/v2\/posts\/1281590\/revisions"}],"wp:featuredmedia":[{"embeddable":true,"href":"https:\/\/www.europesays.com\/de\/wp-json\/wp\/v2\/media\/1281591"}],"wp:attachment":[{"href":"https:\/\/www.europesays.com\/de\/wp-json\/wp\/v2\/media?parent=1281590"}],"wp:term":[{"taxonomy":"category","embeddable":true,"href":"https:\/\/www.europesays.com\/de\/wp-json\/wp\/v2\/categories?post=1281590"},{"taxonomy":"post_tag","embeddable":true,"href":"https:\/\/www.europesays.com\/de\/wp-json\/wp\/v2\/tags?post=1281590"}],"curies":[{"name":"wp","href":"https:\/\/api.w.org\/{rel}","templated":true}]}}