{"id":1281602,"date":"2026-09-05T05:16:14","date_gmt":"2026-09-05T05:16:14","guid":{"rendered":"https:\/\/www.europesays.com\/de\/1281602\/"},"modified":"2026-09-05T05:16:14","modified_gmt":"2026-09-05T05:16:14","slug":"bestellung-kurz-vor-knapp-augsburger-erhaelt-millionen-fuer-schueler-und-lehrer-tablets","status":"publish","type":"post","link":"https:\/\/www.europesays.com\/de\/1281602\/","title":{"rendered":"Bestellung kurz vor knapp: Augsburger erh\u00e4lt Millionen f\u00fcr Sch\u00fcler- und Lehrer-Tablets"},"content":{"rendered":"<p class=\"mb-6 text-xs-varying md:text-m lg:text-l font-serif group-[.font-sans]:font-sans \">\n    Ein F\u00f6rderprogramm des Freistaats erm\u00f6glicht Kommunen seit 2025, mobile Endger\u00e4te f\u00fcr Lehrkr\u00e4fte und Sch\u00fcler zu beschaffen. <a href=\"https:\/\/www.augsburger-allgemeine.de\/augsburg\/\" target=\"_self\" class=\"underline \" rel=\"nofollow noopener\">Augsburg<\/a> konnte dieses Budget bislang aber nicht abrufen. Hintergrund: Die Stadt konnte die Tablets aus Geldmangel nicht vorfinanzieren, f\u00fcr die \u00fcber 2,6 Millionen Euro waren keine Haushaltsmittel da. Nun kam wenige Tage vor <a href=\"https:\/\/www.augsburger-allgemeine.de\/augsburg\/mehr-laptops-co-an-schulen-stadt-augsburg-erhaelt-zuschuesse-fuer-wartung-vom-freistaat-112936428\" target=\"_self\" class=\"underline \" rel=\"nofollow noopener\">Ablauf der Bestellfrist Bewegung in die Sache.<\/a>\n  <\/p>\n","protected":false},"excerpt":{"rendered":"Ein F\u00f6rderprogramm des Freistaats erm\u00f6glicht Kommunen seit 2025, mobile Endger\u00e4te f\u00fcr Lehrkr\u00e4fte und Sch\u00fcler zu beschaffen. Augsburg konnte&hellip;\n","protected":false},"author":2,"featured_media":1281603,"comment_status":"","ping_status":"","sticky":false,"template":"","format":"standard","meta":{"footnotes":"","_share_on_mastodon":"0"},"categories":[1846],"tags":[680,136723,772,3364,29,548,663,3934,139238,30,13,14,15,12,184,172625,80106],"class_list":["post-1281602","post","type-post","status-publish","format-standard","has-post-thumbnail","category-augsburg","tag-augsburg","tag-bayerisch-schwaben","tag-bayern","tag-de","tag-deutschland","tag-eu","tag-europa","tag-europe","tag-florian-freund","tag-germany","tag-headlines","tag-nachrichten","tag-news","tag-schlagzeilen","tag-spd","tag-tatjana-doerfler","tag-weil-der-stadt"],"share_on_mastodon":{"url":"","error":""},"_links":{"self":[{"href":"https:\/\/www.europesays.com\/de\/wp-json\/wp\/v2\/posts\/1281602","targetHints":{"allow":["GET"]}}],"collection":[{"href":"https:\/\/www.europesays.com\/de\/wp-json\/wp\/v2\/posts"}],"about":[{"href":"https:\/\/www.europesays.com\/de\/wp-json\/wp\/v2\/types\/post"}],"author":[{"embeddable":true,"href":"https:\/\/www.europesays.com\/de\/wp-json\/wp\/v2\/users\/2"}],"replies":[{"embeddable":true,"href":"https:\/\/www.europesays.com\/de\/wp-json\/wp\/v2\/comments?post=1281602"}],"version-history":[{"count":0,"href":"https:\/\/www.europesays.com\/de\/wp-json\/wp\/v2\/posts\/1281602\/revisions"}],"wp:featuredmedia":[{"embeddable":true,"href":"https:\/\/www.europesays.com\/de\/wp-json\/wp\/v2\/media\/1281603"}],"wp:attachment":[{"href":"https:\/\/www.europesays.com\/de\/wp-json\/wp\/v2\/media?parent=1281602"}],"wp:term":[{"taxonomy":"category","embeddable":true,"href":"https:\/\/www.europesays.com\/de\/wp-json\/wp\/v2\/categories?post=1281602"},{"taxonomy":"post_tag","embeddable":true,"href":"https:\/\/www.europesays.com\/de\/wp-json\/wp\/v2\/tags?post=1281602"}],"curies":[{"name":"wp","href":"https:\/\/api.w.org\/{rel}","templated":true}]}}