{"id":1281614,"date":"2026-09-05T05:25:17","date_gmt":"2026-09-05T05:25:17","guid":{"rendered":"https:\/\/www.europesays.com\/de\/1281614\/"},"modified":"2026-09-05T05:25:17","modified_gmt":"2026-09-05T05:25:17","slug":"beatrice-egli-kommt-nach-bielefeld-wir-verlosen-karten-fuer-das-konzert","status":"publish","type":"post","link":"https:\/\/www.europesays.com\/de\/1281614\/","title":{"rendered":"Beatrice Egli kommt nach Bielefeld \u2013 wir verlosen Karten f\u00fcr das Konzert"},"content":{"rendered":"<p id=\"absatz1\" class=\"em_text\">Bielefeld. Beatrice Egli ist ein Star mit Herz und Seele. Mit jedem Song, jeder Zeile transportiert die Schweizerin pure Emotionen und wird dank ihrer positiven Ausstrahlung zur Botschafterin f\u00fcr Lebensfreude und Selbstbewusstsein. Am 1. Oktober tritt sie in der Bielefelder Stadthalle auf. Wir verlosen 5 x 2 Karten f\u00fcr das Konzert.<\/p>\n<p id=\"absatz2\" class=\"em_text\">Wenngleich auch auf der neuen Tour \u201eTanzen \u2013 Lachen \u2013 Leben\u201c wie gewohnt die Musik, eine tolle Live-Show und erstklassiges Entertainment im Vordergrund stehen, so liegt es Beatrice Egli gleicherma\u00dfen am Herzen, ihre Botschaft von Hoffnung und Gl\u00fcck zu vermitteln. So wird die Tournee mehr als nur eine gew\u00f6hnliche Konzertreise \u2013 sie wird zu einer \u201eFeier des Lebens\u201c, zu der die Musikerin und Moderatorin getreu dem Motto \u201eich werd nie aufh\u00f6ren zu tanzen, zu lachen, zu leben\u201c aufs Herzlichste einladen m\u00f6chte.<\/p>\n<p id=\"absatz3\"><b class=\"bold\">R\u00fcckblick:<\/b> <a href=\"https:\/\/www.nw.de\/lokal\/kreis_herford\/herford\/22489414_Beatrice-Egli-begeistert-Schlager-Fans-bei-Autogrammstunde-in-Herford.html\" rel=\"nofollow noopener\" target=\"_blank\">Beatrice Egli begeistert Schlager-Fans bei Autogrammstunde in Herford<\/a><\/p>\n<p id=\"absatz4\" class=\"em_text\">Die aktuelle Tour soll g\u00e4nzlich neue Ma\u00dfst\u00e4be in der Schlagerwelt setzen und einmal mehr Eglis au\u00dfergew\u00f6hnliche Strahlkraft und unglaubliche B\u00fchnenpr\u00e4senz unter Beweis stellen. Schon vor dem Tourstart sind sich Fans wie Kritiker einig \u2013 Beatrice Egli ist und bleibt ein echtes Ph\u00e4nomen.<\/p>\n<p>Egli will in Bielefeld den Augenblick genie\u00dfen<\/p>\n<p class=\"em_text\">Mit ihrer ansteckenden Positivit\u00e4t und unerm\u00fcdlichen Energie ist sie bekannt daf\u00fcr, Menschen zu inspirieren und zu begeistern. F\u00fcr sie ist das Leben ein einziges gro\u00dfes Abenteuer, in das man sich mit offenen Armen und einem L\u00e4cheln auf dem Gesicht st\u00fcrzen sollte. Ihr ganz pers\u00f6nlicher Wunsch f\u00fcr die \u201eTanzen \u2013 Lachen \u2013 Leben\u201c-Tour? Gemeinsam mit ihren Fans den Augenblick und das Leben zu genie\u00dfen. Wer einmal ein Konzert von ihr erlebt hat, wei\u00df um die magische Wirkung ihrer Pr\u00e4senz und dass kein einziger Zuschauer ohne das Herz voller Gl\u00fcck nach Hause geht.<\/p>\n<p>Beatrice Egli live in Bielefeld<\/p>\n<p id=\"absatz6\" class=\"em_text\">Donnerstag, 1.10., 19 Uhr, Stadthalle, Bielefeld;<\/p>\n<p id=\"absatz7\" class=\"em_text\">Karten (ab 59,90 \u20ac): NW und <a href=\"https:\/\/www.nw.de\/events\/info\/1337154-beatrice-egli-tanzen-lachen-leben-die-tournee-2026-tickets-bielefeld\" rel=\"noopener nofollow\" target=\"_blank\">hier auf unserem Eventportal.<\/a><\/p>\n<p>Gewinnspiel<\/p>\n<p id=\"absatz8\" class=\"em_text\">Wir verlosen 5x 2 Karten f\u00fcr das Konzert von Beatrice Egli am 1. Oktober 2026 in Bielefeld. Das Gewinnspiel ist bis Montag, 21. September 2026, online. Die Gewinner werden umgehend benachrichtigt, der Rechtsweg ist ausgeschlossen.<\/p>\n","protected":false},"excerpt":{"rendered":"Bielefeld. Beatrice Egli ist ein Star mit Herz und Seele. Mit jedem Song, jeder Zeile transportiert die Schweizerin&hellip;\n","protected":false},"author":2,"featured_media":1281615,"comment_status":"","ping_status":"","sticky":false,"template":"","format":"standard","meta":{"footnotes":"","_share_on_mastodon":"0"},"categories":[1841],"tags":[11245,1605,3364,29,30,198343,736,735,1613,1209,26867,2992],"class_list":["post-1281614","post","type-post","status-publish","format-standard","has-post-thumbnail","category-bielefeld","tag-beatrice-egli","tag-bielefeld","tag-de","tag-deutschland","tag-germany","tag-meta_artikelklasse_aboanker","tag-meta_copyrights_nw","tag-meta_themen_medien_kultur","tag-meta_userneeds_informieremich","tag-nordrhein-westfalen","tag-serie_event_kultur","tag-tournee"],"share_on_mastodon":{"url":"https:\/\/pubeurope.com\/@de\/117216773792797624","error":""},"_links":{"self":[{"href":"https:\/\/www.europesays.com\/de\/wp-json\/wp\/v2\/posts\/1281614","targetHints":{"allow":["GET"]}}],"collection":[{"href":"https:\/\/www.europesays.com\/de\/wp-json\/wp\/v2\/posts"}],"about":[{"href":"https:\/\/www.europesays.com\/de\/wp-json\/wp\/v2\/types\/post"}],"author":[{"embeddable":true,"href":"https:\/\/www.europesays.com\/de\/wp-json\/wp\/v2\/users\/2"}],"replies":[{"embeddable":true,"href":"https:\/\/www.europesays.com\/de\/wp-json\/wp\/v2\/comments?post=1281614"}],"version-history":[{"count":0,"href":"https:\/\/www.europesays.com\/de\/wp-json\/wp\/v2\/posts\/1281614\/revisions"}],"wp:featuredmedia":[{"embeddable":true,"href":"https:\/\/www.europesays.com\/de\/wp-json\/wp\/v2\/media\/1281615"}],"wp:attachment":[{"href":"https:\/\/www.europesays.com\/de\/wp-json\/wp\/v2\/media?parent=1281614"}],"wp:term":[{"taxonomy":"category","embeddable":true,"href":"https:\/\/www.europesays.com\/de\/wp-json\/wp\/v2\/categories?post=1281614"},{"taxonomy":"post_tag","embeddable":true,"href":"https:\/\/www.europesays.com\/de\/wp-json\/wp\/v2\/tags?post=1281614"}],"curies":[{"name":"wp","href":"https:\/\/api.w.org\/{rel}","templated":true}]}}